{"id":120847,"date":"2026-04-28T10:03:08","date_gmt":"2026-04-28T16:03:08","guid":{"rendered":"https:\/\/diarioavanzada.com.mx\/?p=120847"},"modified":"2026-04-28T10:03:08","modified_gmt":"2026-04-28T16:03:08","slug":"sheinbaum-presume-record-de-empleo-formal","status":"publish","type":"post","link":"https:\/\/diarioavanzada.com.mx\/?p=120847","title":{"rendered":"Sheinbaum presume r\u00e9cord de empleo formal"},"content":{"rendered":"\n<p class=\"p1 wp-block-paragraph\">M\u00e9xico, Avanzada (28\/04\/2026).- La presidenta de M\u00e9xico, Claudia Sheinbaum Pardo, destac\u00f3 el crecimiento del empleo formal en el pa\u00eds y asegur\u00f3 que marzo de 2026 registr\u00f3 el mayor n\u00famero de puestos de trabajo formales en la historia.<\/p>\n\n\n\n<p class=\"p2 wp-block-paragraph\">Durante su intervenci\u00f3n, el director general del Instituto Mexicano del Seguro Social, Zo\u00e9 Robledo Aburto, explic\u00f3 que existe una interpretaci\u00f3n err\u00f3nea de algunos datos sobre empleo difundidos por analistas y medios de comunicaci\u00f3n, quienes han utilizado cifras de la Encuesta Nacional de Ocupaci\u00f3n y Empleo (ENOE) como si correspondieran a registros formales.<\/p>\n\n\n\n<p class=\"p2 wp-block-paragraph\">Detall\u00f3 que la ENOE, elaborada por el Instituto Nacional de Estad\u00edstica y Geograf\u00eda, mide niveles de ocupaci\u00f3n general \u2014incluyendo trabajo informal, por cuenta propia o sin remuneraci\u00f3n\u2014, mientras que las cifras del IMSS corresponden a registros administrativos nominales de trabajadores formales afiliados.<\/p>\n\n\n\n<p class=\"p2 wp-block-paragraph\">Robledo Aburto subray\u00f3 que, contrario a versiones que apuntaban a una p\u00e9rdida de 227 mil empleos formales en el primer trimestre del a\u00f1o, los datos del IMSS muestran la creaci\u00f3n de 207 mil nuevos puestos de trabajo entre enero y marzo de 2026.<\/p>\n\n\n\n<p class=\"p2 wp-block-paragraph\">Asimismo, inform\u00f3 que al cierre de marzo se alcanzaron m\u00e1s de 22.7 millones de empleos formales, lo que representa la segunda cifra m\u00e1s alta registrada para ese mes. A\u00f1adi\u00f3 que en t\u00e9rminos anuales, de marzo de 2025 a marzo de 2026, se han generado alrededor de 250 mil empleos adicionales.<\/p>\n\n\n\n<p class=\"p2 wp-block-paragraph\">En materia salarial, destac\u00f3 que el salario promedio diario de los trabajadores afiliados al IMSS se ubic\u00f3 en 663.5 pesos, con un incremento de 44 pesos en los \u00faltimos 12 meses, equivalente a un crecimiento del 7.1 por ciento.<\/p>\n\n\n\n<p class=\"p2 wp-block-paragraph\">Por su parte, la presidenta Sheinbaum resumi\u00f3 que entre el primer trimestre de 2025 y el mismo periodo de 2026 se han generado 422 mil empleos formales, y reiter\u00f3 que marzo de este a\u00f1o se consolid\u00f3 como el mes con mayor n\u00famero de empleos registrados en la historia del pa\u00eds.<\/p>\n\n\n\n<p class=\"p3 wp-block-paragraph\">Las autoridades federales coincidieron en que los indicadores reflejan una tendencia positiva en la generaci\u00f3n de empleo formal, con mayor estabilidad laboral y mejores niveles salariales.<\/p>\n\n\n\n<figure class=\"wp-block-video\"><div class=\"wp-block-embed__wrapper\">\n<iframe title=\"VideoPress Video Player\" aria-label='VideoPress Video Player' width='740' height='415' src='https:\/\/videopress.com\/embed\/ZXeHui4T?cover=1&amp;preloadContent=metadata&amp;useAverageColor=1&amp;hd=0' frameborder='0' allowfullscreen data-resize-to-parent=\"true\" allow='clipboard-write'><\/iframe><script src='https:\/\/v0.wordpress.com\/js\/next\/videopress-iframe.js?m=1770107250'><\/script>\n<\/div><\/figure>\n<div class=\"fb-background-color\">\n\t\t\t  <div \n\t\t\t  \tclass = \"fb-comments\" \n\t\t\t  \tdata-href = \"https:\/\/diarioavanzada.com.mx\/?p=120847\"\n\t\t\t  \tdata-numposts = \"10\"\n\t\t\t  \tdata-lazy = \"true\"\n\t\t\t\tdata-colorscheme = \"light\"\n\t\t\t\tdata-order-by = \"social\"\n\t\t\t\tdata-mobile=true>\n\t\t\t  <\/div><\/div>\n\t\t  <style>\n\t\t    .fb-background-color {\n\t\t\t\tbackground:  !important;\n\t\t\t}\n\t\t\t.fb_iframe_widget_fluid_desktop iframe {\n\t\t\t    width: 100% !important;\n\t\t\t}\n\t\t  <\/style>\n\t\t  ","protected":false},"excerpt":{"rendered":"<p>M\u00e9xico, Avanzada (28\/04\/2026).- La presidenta de M\u00e9xico, Claudia Sheinbaum Pardo, destac\u00f3 el crecimiento del empleo formal en el pa\u00eds y asegur\u00f3 que marzo de 2026 registr\u00f3 el mayor n\u00famero de puestos de trabajo formales en la historia. Durante su intervenci\u00f3n, el director general del Instituto Mexicano del Seguro Social, Zo\u00e9 Robledo Aburto, explic\u00f3 que existe [&hellip;]<\/p>\n","protected":false},"author":7,"featured_media":120849,"comment_status":"closed","ping_status":"closed","sticky":false,"template":"","format":"standard","meta":{"_coblocks_attr":"","_coblocks_dimensions":"","_coblocks_responsive_height":"","_coblocks_accordion_ie_support":"","_crdt_document":"","advanced_seo_description":"","jetpack_seo_html_title":"","jetpack_seo_noindex":false,"_jetpack_memberships_contains_paid_content":false,"footnotes":""},"categories":[1,209,22,7,29],"tags":[210],"class_list":["post-120847","post","type-post","status-publish","format-standard","has-post-thumbnail","hentry","category-general","category-importantes","category-nacion","category-noticias","category-sociedad","tag-portada"],"jetpack_featured_media_url":"https:\/\/diarioavanzada.com.mx\/wp-content\/uploads\/2026\/04\/img_2710.png","jetpack-related-posts":[],"jetpack_sharing_enabled":true,"amp_enabled":true,"_links":{"self":[{"href":"https:\/\/diarioavanzada.com.mx\/index.php?rest_route=\/wp\/v2\/posts\/120847","targetHints":{"allow":["GET"]}}],"collection":[{"href":"https:\/\/diarioavanzada.com.mx\/index.php?rest_route=\/wp\/v2\/posts"}],"about":[{"href":"https:\/\/diarioavanzada.com.mx\/index.php?rest_route=\/wp\/v2\/types\/post"}],"author":[{"embeddable":true,"href":"https:\/\/diarioavanzada.com.mx\/index.php?rest_route=\/wp\/v2\/users\/7"}],"replies":[{"embeddable":true,"href":"https:\/\/diarioavanzada.com.mx\/index.php?rest_route=%2Fwp%2Fv2%2Fcomments&post=120847"}],"version-history":[{"count":1,"href":"https:\/\/diarioavanzada.com.mx\/index.php?rest_route=\/wp\/v2\/posts\/120847\/revisions"}],"predecessor-version":[{"id":120850,"href":"https:\/\/diarioavanzada.com.mx\/index.php?rest_route=\/wp\/v2\/posts\/120847\/revisions\/120850"}],"wp:featuredmedia":[{"embeddable":true,"href":"https:\/\/diarioavanzada.com.mx\/index.php?rest_route=\/wp\/v2\/media\/120849"}],"wp:attachment":[{"href":"https:\/\/diarioavanzada.com.mx\/index.php?rest_route=%2Fwp%2Fv2%2Fmedia&parent=120847"}],"wp:term":[{"taxonomy":"category","embeddable":true,"href":"https:\/\/diarioavanzada.com.mx\/index.php?rest_route=%2Fwp%2Fv2%2Fcategories&post=120847"},{"taxonomy":"post_tag","embeddable":true,"href":"https:\/\/diarioavanzada.com.mx\/index.php?rest_route=%2Fwp%2Fv2%2Ftags&post=120847"}],"curies":[{"name":"wp","href":"https:\/\/api.w.org\/{rel}","templated":true}]}}