{"id":120802,"date":"2026-04-27T19:39:06","date_gmt":"2026-04-28T01:39:06","guid":{"rendered":"https:\/\/diarioavanzada.com.mx\/?p=120802"},"modified":"2026-04-27T19:39:08","modified_gmt":"2026-04-28T01:39:08","slug":"comparten-retos-y-similitudes-udec-y-la-universidad-autonoma-de-aguascalientes","status":"publish","type":"post","link":"https:\/\/diarioavanzada.com.mx\/?p=120802","title":{"rendered":"Comparten retos y similitudes UdeC y la\u00a0Universidad Aut\u00f3noma de Aguascalientes"},"content":{"rendered":"\n<p class=\"wp-block-paragraph\"><em>Juan Carlos Arredondo, rector de la Universidad Aut\u00f3noma de Aguascalientes, retom\u00f3 la propuesta del rector de la UdeC, de sacar la universidad de los campus para que m\u00e1s gente conozca los logros que alcanzan d\u00eda a d\u00eda.<\/em><\/p>\n\n\n\n<p class=\"wp-block-paragraph\">Colima, M\u00e9xico, Comunicado (27\/04\/2026).- Como parte de las actividades de la Feria del Libro (FELIB) Altexto 2026, la ma\u00f1ana de este lunes 27 de abril, tuvieron una reuni\u00f3n de trabajo el rector de la Universidad de Colima, Christian Torres Ortiz Zerme\u00f1o y el rector de la Universidad Aut\u00f3noma de Aguascalientes (UAA), Juan Carlos Arredondo Hern\u00e1ndez. La UAA es la universidad invitada a esta feria de los libros.<\/p>\n\n\n\n<p class=\"wp-block-paragraph\">Reunidos en la Sala de Juntas de Rector\u00eda con parte de sus equipos de trabajo, ambos rectores comentaron los retos y las similitudes de ambas casas de estudio, no s\u00f3lo en cuanto al tama\u00f1o de sus respectivas entidades, sino en los logros acad\u00e9micos, cient\u00edficos y culturales, y en los retos que enfrentan y enfrentar\u00e1n en los a\u00f1os por venir.<\/p>\n\n\n\n<p class=\"wp-block-paragraph\">Christian Torres Ortiz dio la bienvenida y dijo que es la primera vez en los m\u00e1s de 28 a\u00f1os que tiene Altexto, que se tiene como invitada a una universidad. En su intervenci\u00f3n, habl\u00f3 del origen hist\u00f3rico de la UdeC (1940), de los a\u00f1os decisivos en los que logr\u00f3 la autonom\u00eda (1962 y 1980), de sus casi 29 mil alumnos (ahora) en todos los niveles de estudio y de la descentralizaci\u00f3n que ha logrado esta casa de estudios en los 10 municipios del estado.<\/p>\n\n\n\n<p class=\"wp-block-paragraph\">Abord\u00f3 el Plan Institucional de Desarrollo para los pr\u00f3ximos cuatro a\u00f1os y comparti\u00f3 que el pasado 15 de abril, la Universidad dio a conocer su nuevo modelo educativo con horizonte al 20250. \u201cEs una de nuestras apuestas m\u00e1s importantes y nuestra hoja de ruta para los pr\u00f3ximos a\u00f1os\u201d.<\/p>\n\n\n\n<p class=\"wp-block-paragraph\">En la reuni\u00f3n, Adolfo \u00c1lvarez Gonz\u00e1lez, director general de Publicaciones de la UdeC, habl\u00f3 de las similitudes editoriales de la UdeC y la UAA, universidades que desde hace 30 a\u00f1os cuentan con un departamento editorial. Mediante cifras, abord\u00f3 la evoluci\u00f3n de Publicaciones, desde que editaba libros impresos, hasta ahora que elabora textos virtuales y los vende en Amazon, pasando por la certificaci\u00f3n ISO que cumplen desde el 2005, los audiolibros y por la aplicaci\u00f3n de la realidad aumentada en los manuales de estudio.<\/p>\n\n\n\n<p class=\"wp-block-paragraph\">Camilo Alejandro Garc\u00eda Morales, director general de Servicios Universitarios, dijo que la FELIB Altexto es la feria del libro m\u00e1s importante del estado, con 135 eventos en todos los campus y la participaci\u00f3n de 120 editoriales durante diez d\u00edas. Habl\u00f3 de los logros en la FIL de Guadalajara, sobre todo de los premios por montar pabellones amigables con el medio ambiente y tambi\u00e9n del sistema de becas en la UdeC.&nbsp;<\/p>\n\n\n\n<p class=\"wp-block-paragraph\">Por la UAA hablaron Silvia Mata, directora general de Difusi\u00f3n y Vinculaci\u00f3n; Genaro Ruiz Flores, jefe del Departamento Editorial y Javier Vargas Franco, asistente ejecutivo de la Red Nacional Altexto. Los tres coincidieron en las similitudes y retos de ambas universidades, sobre todo en lo complicado que es cada a\u00f1o tener un stand propio en la FIL Guadalajara. Bromearon al decir que este a\u00f1o s\u00ed le van a ganar en premios a la UdeC por la calidad de su stand.<\/p>\n\n\n\n<p class=\"wp-block-paragraph\">Juan Carlos Arredondo, rector de la Universidad Aut\u00f3noma de Aguascalientes, dijo que ambas casas de estudio enfrentan grandes retos, como la generaci\u00f3n de recursos. Le gust\u00f3 la propuesta del rector de la UdeC de sacar a la universidad de los campus para que m\u00e1s gente conozca los logros que alcanzan d\u00eda con d\u00eda.<\/p>\n\n\n\n<p class=\"wp-block-paragraph\">Para cerrar la reuni\u00f3n y antes de tomarse una foto, Christian Torres Ortiz Zerme\u00f1o comparti\u00f3 el compromiso social de la UdeC con la comunidad: \u201cEs algo que debemos hacer, un ejercicio de corresponsabilidad como instituciones que en su mayor parte recibimos apoyo de los gobiernos federal y estatal\u201d.&nbsp;<\/p>\n\n\n\n<p class=\"wp-block-paragraph\">Habl\u00f3 finalmente de lo que ha hecho la Universidad de Colima para allegarse de m\u00e1s recursos, como es el caso del proyecto Un D\u00eda para Donar y de la importancia que se le da en esta casa de estudio al cuidado del medio ambiente.<\/p>\n\n\n\n<p class=\"wp-block-paragraph\">Con el rector de la UAA ven\u00edan tambi\u00e9n su esposa, Claudia D\u00e1vila \u00c1vila y el profesor investigador Luciano Ram\u00edrez. Por la UdeC estuvieron Blanca Liliana D\u00edaz, presidenta del Voluntariado; Joel Nino, secretario general; \u00c9rika Ulibarri, coordinadora general Administrativa y Financiera; Susana Preciado, coordinadora general de Docencia; X\u00f3chitl Trujillo, coordinadora general de Investigaci\u00f3n; Carlos Ram\u00edrez, coordinador general de Extensi\u00f3n y Jorge Mart\u00ednez, coordinador general de Comunicaci\u00f3n Social.<\/p>\n\n\n\n<p class=\"wp-block-paragraph\">Adem\u00e1s, Gilda Callejas, directora general de Difusi\u00f3n Cultural; Francisco Ventura, secretario t\u00e9cnico de la rector\u00eda, Leticia Berm\u00fadez, directora Editorial; Francisco Coello, secretario Privado de rector\u00eda y Selene Solano, secretaria particular del rector.<\/p>\n\n\n\n<figure class=\"wp-block-image size-large\"><img loading=\"lazy\" decoding=\"async\" width=\"1024\" height=\"683\" src=\"https:\/\/diarioavanzada.com.mx\/wp-content\/uploads\/2026\/04\/Comparten-retos-y-similitudes-UdeC-y-la-U-A-de-Aguascalientes_b-1024x683.jpg\" alt=\"\" class=\"wp-image-120804\" srcset=\"https:\/\/diarioavanzada.com.mx\/wp-content\/uploads\/2026\/04\/Comparten-retos-y-similitudes-UdeC-y-la-U-A-de-Aguascalientes_b-1024x683.jpg 1024w, https:\/\/diarioavanzada.com.mx\/wp-content\/uploads\/2026\/04\/Comparten-retos-y-similitudes-UdeC-y-la-U-A-de-Aguascalientes_b-300x200.jpg 300w, https:\/\/diarioavanzada.com.mx\/wp-content\/uploads\/2026\/04\/Comparten-retos-y-similitudes-UdeC-y-la-U-A-de-Aguascalientes_b-768x512.jpg 768w, https:\/\/diarioavanzada.com.mx\/wp-content\/uploads\/2026\/04\/Comparten-retos-y-similitudes-UdeC-y-la-U-A-de-Aguascalientes_b.jpg 1048w\" sizes=\"auto, (max-width: 1024px) 100vw, 1024px\" \/><\/figure>\n\n\n\n<figure class=\"wp-block-image size-large\"><img loading=\"lazy\" decoding=\"async\" width=\"1024\" height=\"683\" src=\"https:\/\/diarioavanzada.com.mx\/wp-content\/uploads\/2026\/04\/Comparten-retos-y-similitudes-UdeC-y-la-U-A-de-Aguascalientes_a-1024x683.jpg\" alt=\"\" class=\"wp-image-120805\" srcset=\"https:\/\/diarioavanzada.com.mx\/wp-content\/uploads\/2026\/04\/Comparten-retos-y-similitudes-UdeC-y-la-U-A-de-Aguascalientes_a-1024x683.jpg 1024w, https:\/\/diarioavanzada.com.mx\/wp-content\/uploads\/2026\/04\/Comparten-retos-y-similitudes-UdeC-y-la-U-A-de-Aguascalientes_a-300x200.jpg 300w, https:\/\/diarioavanzada.com.mx\/wp-content\/uploads\/2026\/04\/Comparten-retos-y-similitudes-UdeC-y-la-U-A-de-Aguascalientes_a-768x512.jpg 768w, https:\/\/diarioavanzada.com.mx\/wp-content\/uploads\/2026\/04\/Comparten-retos-y-similitudes-UdeC-y-la-U-A-de-Aguascalientes_a.jpg 1048w\" sizes=\"auto, (max-width: 1024px) 100vw, 1024px\" \/><\/figure>\n\n\n\n<figure class=\"wp-block-image size-large\"><img loading=\"lazy\" decoding=\"async\" width=\"1024\" height=\"683\" src=\"https:\/\/diarioavanzada.com.mx\/wp-content\/uploads\/2026\/04\/Comparten-retos-y-similitudes-UdeC-y-la-U-A-de-Aguascalientes_Adolfo-1024x683.jpg\" alt=\"\" class=\"wp-image-120807\" srcset=\"https:\/\/diarioavanzada.com.mx\/wp-content\/uploads\/2026\/04\/Comparten-retos-y-similitudes-UdeC-y-la-U-A-de-Aguascalientes_Adolfo-1024x683.jpg 1024w, https:\/\/diarioavanzada.com.mx\/wp-content\/uploads\/2026\/04\/Comparten-retos-y-similitudes-UdeC-y-la-U-A-de-Aguascalientes_Adolfo-300x200.jpg 300w, https:\/\/diarioavanzada.com.mx\/wp-content\/uploads\/2026\/04\/Comparten-retos-y-similitudes-UdeC-y-la-U-A-de-Aguascalientes_Adolfo-768x512.jpg 768w, https:\/\/diarioavanzada.com.mx\/wp-content\/uploads\/2026\/04\/Comparten-retos-y-similitudes-UdeC-y-la-U-A-de-Aguascalientes_Adolfo.jpg 1048w\" sizes=\"auto, (max-width: 1024px) 100vw, 1024px\" \/><\/figure>\n\n\n\n<figure class=\"wp-block-image size-large\"><img loading=\"lazy\" decoding=\"async\" width=\"1024\" height=\"683\" src=\"https:\/\/diarioavanzada.com.mx\/wp-content\/uploads\/2026\/04\/Comparten-retos-y-similitudes-UdeC-y-la-U-A-de-Aguascalientes_c-1024x683.jpg\" alt=\"\" class=\"wp-image-120808\" srcset=\"https:\/\/diarioavanzada.com.mx\/wp-content\/uploads\/2026\/04\/Comparten-retos-y-similitudes-UdeC-y-la-U-A-de-Aguascalientes_c-1024x683.jpg 1024w, https:\/\/diarioavanzada.com.mx\/wp-content\/uploads\/2026\/04\/Comparten-retos-y-similitudes-UdeC-y-la-U-A-de-Aguascalientes_c-300x200.jpg 300w, https:\/\/diarioavanzada.com.mx\/wp-content\/uploads\/2026\/04\/Comparten-retos-y-similitudes-UdeC-y-la-U-A-de-Aguascalientes_c-768x512.jpg 768w, https:\/\/diarioavanzada.com.mx\/wp-content\/uploads\/2026\/04\/Comparten-retos-y-similitudes-UdeC-y-la-U-A-de-Aguascalientes_c.jpg 1048w\" sizes=\"auto, (max-width: 1024px) 100vw, 1024px\" \/><\/figure>\n\n\n\n<figure class=\"wp-block-image size-large\"><img loading=\"lazy\" decoding=\"async\" width=\"1024\" height=\"683\" src=\"https:\/\/diarioavanzada.com.mx\/wp-content\/uploads\/2026\/04\/Comparten-retos-y-similitudes-UdeC-y-la-U-A-de-Aguascalientes-1024x683.jpg\" alt=\"\" class=\"wp-image-120809\" srcset=\"https:\/\/diarioavanzada.com.mx\/wp-content\/uploads\/2026\/04\/Comparten-retos-y-similitudes-UdeC-y-la-U-A-de-Aguascalientes-1024x683.jpg 1024w, https:\/\/diarioavanzada.com.mx\/wp-content\/uploads\/2026\/04\/Comparten-retos-y-similitudes-UdeC-y-la-U-A-de-Aguascalientes-300x200.jpg 300w, https:\/\/diarioavanzada.com.mx\/wp-content\/uploads\/2026\/04\/Comparten-retos-y-similitudes-UdeC-y-la-U-A-de-Aguascalientes-768x512.jpg 768w, https:\/\/diarioavanzada.com.mx\/wp-content\/uploads\/2026\/04\/Comparten-retos-y-similitudes-UdeC-y-la-U-A-de-Aguascalientes.jpg 1048w\" sizes=\"auto, (max-width: 1024px) 100vw, 1024px\" \/><\/figure>\n<div class=\"fb-background-color\">\n\t\t\t  <div \n\t\t\t  \tclass = \"fb-comments\" \n\t\t\t  \tdata-href = \"https:\/\/diarioavanzada.com.mx\/?p=120802\"\n\t\t\t  \tdata-numposts = \"10\"\n\t\t\t  \tdata-lazy = \"true\"\n\t\t\t\tdata-colorscheme = \"light\"\n\t\t\t\tdata-order-by = \"social\"\n\t\t\t\tdata-mobile=true>\n\t\t\t  <\/div><\/div>\n\t\t  <style>\n\t\t    .fb-background-color {\n\t\t\t\tbackground:  !important;\n\t\t\t}\n\t\t\t.fb_iframe_widget_fluid_desktop iframe {\n\t\t\t    width: 100% !important;\n\t\t\t}\n\t\t  <\/style>\n\t\t  ","protected":false},"excerpt":{"rendered":"<p>Juan Carlos Arredondo, rector de la Universidad Aut\u00f3noma de Aguascalientes, retom\u00f3 la propuesta del rector de la UdeC, de sacar la universidad de los campus para que m\u00e1s gente conozca los logros que alcanzan d\u00eda a d\u00eda. Colima, M\u00e9xico, Comunicado (27\/04\/2026).- Como parte de las actividades de la Feria del Libro (FELIB) Altexto 2026, la [&hellip;]<\/p>\n","protected":false},"author":7,"featured_media":120811,"comment_status":"closed","ping_status":"closed","sticky":false,"template":"","format":"standard","meta":{"_coblocks_attr":"","_coblocks_dimensions":"","_coblocks_responsive_height":"","_coblocks_accordion_ie_support":"","_crdt_document":"","advanced_seo_description":"","jetpack_seo_html_title":"","jetpack_seo_noindex":false,"_jetpack_memberships_contains_paid_content":false,"footnotes":""},"categories":[19,1,209,7,29],"tags":[],"class_list":["post-120802","post","type-post","status-publish","format-standard","has-post-thumbnail","hentry","category-colima","category-general","category-importantes","category-noticias","category-sociedad"],"jetpack_featured_media_url":"https:\/\/diarioavanzada.com.mx\/wp-content\/uploads\/2026\/04\/Comparten-retos-y-similitudes-UdeC-y-la-U-A-de-Aguascalientes_Christian-Torres_a.jpg","jetpack-related-posts":[],"jetpack_sharing_enabled":true,"amp_enabled":true,"_links":{"self":[{"href":"https:\/\/diarioavanzada.com.mx\/index.php?rest_route=\/wp\/v2\/posts\/120802","targetHints":{"allow":["GET"]}}],"collection":[{"href":"https:\/\/diarioavanzada.com.mx\/index.php?rest_route=\/wp\/v2\/posts"}],"about":[{"href":"https:\/\/diarioavanzada.com.mx\/index.php?rest_route=\/wp\/v2\/types\/post"}],"author":[{"embeddable":true,"href":"https:\/\/diarioavanzada.com.mx\/index.php?rest_route=\/wp\/v2\/users\/7"}],"replies":[{"embeddable":true,"href":"https:\/\/diarioavanzada.com.mx\/index.php?rest_route=%2Fwp%2Fv2%2Fcomments&post=120802"}],"version-history":[{"count":4,"href":"https:\/\/diarioavanzada.com.mx\/index.php?rest_route=\/wp\/v2\/posts\/120802\/revisions"}],"predecessor-version":[{"id":120812,"href":"https:\/\/diarioavanzada.com.mx\/index.php?rest_route=\/wp\/v2\/posts\/120802\/revisions\/120812"}],"wp:featuredmedia":[{"embeddable":true,"href":"https:\/\/diarioavanzada.com.mx\/index.php?rest_route=\/wp\/v2\/media\/120811"}],"wp:attachment":[{"href":"https:\/\/diarioavanzada.com.mx\/index.php?rest_route=%2Fwp%2Fv2%2Fmedia&parent=120802"}],"wp:term":[{"taxonomy":"category","embeddable":true,"href":"https:\/\/diarioavanzada.com.mx\/index.php?rest_route=%2Fwp%2Fv2%2Fcategories&post=120802"},{"taxonomy":"post_tag","embeddable":true,"href":"https:\/\/diarioavanzada.com.mx\/index.php?rest_route=%2Fwp%2Fv2%2Ftags&post=120802"}],"curies":[{"name":"wp","href":"https:\/\/api.w.org\/{rel}","templated":true}]}}