{"id":12079,"date":"2020-04-22T12:43:34","date_gmt":"2020-04-22T17:43:34","guid":{"rendered":"https:\/\/diarioavanzada.com.mx\/?p=12079"},"modified":"2020-04-22T12:43:37","modified_gmt":"2020-04-22T17:43:37","slug":"no-hay-material-para-proteger-a-los-trabajadores-de-salud-denuncia-sindicato","status":"publish","type":"post","link":"https:\/\/diarioavanzada.com.mx\/?p=12079","title":{"rendered":"No hay material para proteger a los trabajadores de Salud, denuncia sindicato"},"content":{"rendered":"\n<p class=\"wp-block-paragraph\">Colima, M\u00e9xico, Avanzada (22\/04\/2020).- La secretaria general del sindicato de Salud, Dolores Gonz\u00e1lez Meza acus\u00f3 a los gobiernos Federal y Estatal de no asumir su responsabilidad y equipar adecuadamente a los trabajadores de la salud ante el incremento de contagios por COVID-19.<\/p>\n\n\n\n<p class=\"wp-block-paragraph\">Indic\u00f3 que es urgente que los gobiernos destinen el equipo necesario que permita proteger a los m\u00e9dicos, enfermeros y el resto de los trabajadores que estar\u00e1 laborando en los lugares donde se atender\u00e1 a los enfermos por coronavirus.<\/p>\n\n\n\n<p class=\"wp-block-paragraph\">La secretar\u00eda general refiri\u00f3 que el Gobierno Federal env\u00edo equipo pero \u00e9ste se regres\u00f3 porque no cumpl\u00eda con las especificaciones de la Organizaci\u00f3n Mundial de la Salud (OMS), pues consist\u00eda en las batas m\u00e9dicas tradicionales, cubrebocas quir\u00fargicos y galones con gel desinfectante.<\/p>\n\n\n\n<p class=\"wp-block-paragraph\">De igual forma, refiri\u00f3 que el Gobierno del Estado tampoco est\u00e1 asumiendo la responsabilidad que le compete en el tema, pese al aumento de casos confirmados por COVID-19.<\/p>\n\n\n\n<p class=\"wp-block-paragraph\">Gonz\u00e1lez Meza&nbsp; record\u00f3 que el convenio en materia de salud el 80 por ciento de la responsabilidad recae en el gobierno federal y el resto en el gobierno del estado, \u201cpero no hemos visto acciones\u201d.<\/p>\n\n\n\n<p class=\"wp-block-paragraph\">Explic\u00f3 que los propios trabajadores se est\u00e1n equipando&nbsp; cuando la responsabilidad es de la autoridad, adem\u00e1s, han recibido material de la Iniciativa Privada&nbsp; y de organizaciones pol\u00edticas.<\/p>\n\n\n\n<p class=\"wp-block-paragraph\">\u201cSi el gobierno le est\u00e1 apostando que de nuestro salario compremos las cosas \u00bfpara qu\u00e9 queremos un gobierno as\u00ed?\u201d cuestion\u00f3 la lideresa.<\/p>\n\n\n\n<p class=\"wp-block-paragraph\">La semana pasada, el Congreso del Estado destin\u00f3 3 millones de pesos a la secretar\u00eda de Salud para la compra de insumos para el personal que labora en los hospitales, sin embargo, no se ha informado si ya se adquiri\u00f3 el material y cu\u00e1ndo se entregar\u00e1.&nbsp;<\/p>\n<div class=\"fb-background-color\">\n\t\t\t  <div \n\t\t\t  \tclass = \"fb-comments\" \n\t\t\t  \tdata-href = \"https:\/\/diarioavanzada.com.mx\/?p=12079\"\n\t\t\t  \tdata-numposts = \"10\"\n\t\t\t  \tdata-lazy = \"true\"\n\t\t\t\tdata-colorscheme = \"light\"\n\t\t\t\tdata-order-by = \"social\"\n\t\t\t\tdata-mobile=true>\n\t\t\t  <\/div><\/div>\n\t\t  <style>\n\t\t    .fb-background-color {\n\t\t\t\tbackground:  !important;\n\t\t\t}\n\t\t\t.fb_iframe_widget_fluid_desktop iframe {\n\t\t\t    width: 100% !important;\n\t\t\t}\n\t\t  <\/style>\n\t\t  ","protected":false},"excerpt":{"rendered":"<p>Colima, M\u00e9xico, Avanzada (22\/04\/2020).- La secretaria general del sindicato de Salud, Dolores Gonz\u00e1lez Meza acus\u00f3 a los gobiernos Federal y Estatal de no asumir su responsabilidad y equipar adecuadamente a los trabajadores de la salud ante el incremento de contagios por COVID-19. Indic\u00f3 que es urgente que los gobiernos destinen el equipo necesario que permita [&hellip;]<\/p>\n","protected":false},"author":5,"featured_media":12080,"comment_status":"closed","ping_status":"closed","sticky":false,"template":"","format":"standard","meta":{"_coblocks_attr":"","_coblocks_dimensions":"","_coblocks_responsive_height":"","_coblocks_accordion_ie_support":"","advanced_seo_description":"","jetpack_seo_html_title":"","jetpack_seo_noindex":false,"jetpack_seo_schema_type":"","_jetpack_newsletter_access":"","_jetpack_dont_email_post_to_subs":false,"_jetpack_newsletter_tier_id":0,"_jetpack_memberships_contains_paywalled_content":false,"_wpcom_ai_launchpad_first_post":false,"_jetpack_feature_clip_id":0,"_jetpack_memberships_contains_paid_content":false,"footnotes":"","jetpack_post_was_ever_published":false},"categories":[19,27],"tags":[300,210,218],"class_list":["post-12079","post","type-post","status-publish","format-standard","has-post-thumbnail","hentry","category-colima","category-salud","tag-covid-19","tag-portada","tag-salud"],"jetpack-related-posts":[],"jetpack_sharing_enabled":true,"amp_enabled":true,"jetpack_featured_media_url":"https:\/\/diarioavanzada.com.mx\/wp-content\/uploads\/2020\/04\/93579722_2888440181247149_4536397969032740864_o-1.jpg","_links":{"self":[{"href":"https:\/\/diarioavanzada.com.mx\/index.php?rest_route=\/wp\/v2\/posts\/12079","targetHints":{"allow":["GET"]}}],"collection":[{"href":"https:\/\/diarioavanzada.com.mx\/index.php?rest_route=\/wp\/v2\/posts"}],"about":[{"href":"https:\/\/diarioavanzada.com.mx\/index.php?rest_route=\/wp\/v2\/types\/post"}],"author":[{"embeddable":true,"href":"https:\/\/diarioavanzada.com.mx\/index.php?rest_route=\/wp\/v2\/users\/5"}],"replies":[{"embeddable":true,"href":"https:\/\/diarioavanzada.com.mx\/index.php?rest_route=%2Fwp%2Fv2%2Fcomments&post=12079"}],"version-history":[{"count":0,"href":"https:\/\/diarioavanzada.com.mx\/index.php?rest_route=\/wp\/v2\/posts\/12079\/revisions"}],"wp:featuredmedia":[{"embeddable":true,"href":"https:\/\/diarioavanzada.com.mx\/index.php?rest_route=\/wp\/v2\/media\/12080"}],"wp:attachment":[{"href":"https:\/\/diarioavanzada.com.mx\/index.php?rest_route=%2Fwp%2Fv2%2Fmedia&parent=12079"}],"wp:term":[{"taxonomy":"category","embeddable":true,"href":"https:\/\/diarioavanzada.com.mx\/index.php?rest_route=%2Fwp%2Fv2%2Fcategories&post=12079"},{"taxonomy":"post_tag","embeddable":true,"href":"https:\/\/diarioavanzada.com.mx\/index.php?rest_route=%2Fwp%2Fv2%2Ftags&post=12079"}],"curies":[{"name":"wp","href":"https:\/\/api.w.org\/{rel}","templated":true}]}}