{"id":120781,"date":"2026-04-27T19:29:17","date_gmt":"2026-04-28T01:29:17","guid":{"rendered":"https:\/\/diarioavanzada.com.mx\/?p=120781"},"modified":"2026-04-27T19:29:22","modified_gmt":"2026-04-28T01:29:22","slug":"udec-y-el-inbal-otorgan-el-premio-narrativa-colima-2025-a-roberto-abad-por-su-obra-umbral","status":"publish","type":"post","link":"https:\/\/diarioavanzada.com.mx\/?p=120781","title":{"rendered":"UdeC y el INBAL otorgan el Premio Narrativa\u00a0Colima 2025 a Roberto Abad, por su obra Umbral"},"content":{"rendered":"\n<p class=\"wp-block-paragraph\"><em>\u201cLeer tambi\u00e9n es un gesto de amor, y no hay mayor reconocimiento que saberse acompa\u00f1ado por la mirada de otros\u201d: Roberto Abad<\/em><\/p>\n\n\n\n<p class=\"wp-block-paragraph\">Colima, M\u00e9xico, Comunicado (27\/04\/2026).- Este lunes, en la Pinacoteca Universitaria, se llev\u00f3 a cabo la entrega del Premio Bellas Artes de Narrativa Colima por Obra Publicada 2025 al escritor morelense Roberto Abad, por su libro de cuentos <em>Umbral<\/em>. Este premio lo otorgan la Secretar\u00eda de Cultura del Gobierno de M\u00e9xico y el Instituto Nacional de Bellas Artes y Literatura (INBAL), a trav\u00e9s de la Coordinaci\u00f3n Nacional de Literatura (CNL) y la Universidad de Colima.\u00a0<\/p>\n\n\n\n<p class=\"wp-block-paragraph\">El evento, enmarcado en las actividades de la Feria del Libro Altexto 2026, fue presidido por Christian Jorge Torres Ortiz Zerme\u00f1o, rector de la UdeC y Haydee Boetto B\u00e1rcena, subdirectora general de Bellas Artes.&nbsp;<\/p>\n\n\n\n<p class=\"wp-block-paragraph\">Tambi\u00e9n estuvieron en el pres\u00eddium Carlos Ram\u00edrez, coordinador general de Extensi\u00f3n; Adolfo \u00c1lvarez, director general de Publicaciones; Camilo Alejandro Garc\u00eda, director general de Servicios Universitarios y Ana Josefina Cuevas, directora de la Facultad de Letras y Comunicaci\u00f3n.<\/p>\n\n\n\n<p class=\"wp-block-paragraph\"><strong>El dictamen<\/strong><\/p>\n\n\n\n<p class=\"wp-block-paragraph\">El jurado calificador, integrado por Atenea Cruz, Itzel Guevara del \u00c1ngel y Marco Antonio Vuelvas, decidi\u00f3 conceder este galard\u00f3n a Roberto Abad al considerar que <em>Umbral<\/em> \u201ces un volumen de cuentos redondo escrito con precisi\u00f3n, elegancia y buen ritmo, que invita al lector a sumergirse en lo oscuro y lo extraordinario; abarca lo que est\u00e1 m\u00e1s all\u00e1 de nuestra realidad, lo otro, y va del horror c\u00f3smico a lo extra\u00f1o e inquietante\u201d.&nbsp;<\/p>\n\n\n\n<p class=\"wp-block-paragraph\">Asimismo, el jurado resalt\u00f3 \u201cla atinada conjugaci\u00f3n entre el dise\u00f1o editorial y el texto, pues establece un di\u00e1logo profundo y visual que dota de una dimensi\u00f3n extra a las historias que lo conforman\u201d. Esta rese\u00f1a fue le\u00edda por Carlos Ram\u00edrez.<\/p>\n\n\n\n<p class=\"wp-block-paragraph\">El Premio Bellas Artes de Narrativa Colima 2025 consiste en la entrega de un diploma y un est\u00edmulo econ\u00f3mico de 300 mil pesos. Asisti\u00f3 al evento, como invitado de honor, Juan Carlos Arredondo Hern\u00e1ndez, rector de la Universidad Aut\u00f3noma de Aguascalientes (UAA), universidad invitada a la FELIB Altexto 2026, acompa\u00f1ado de su esposa Claudia D\u00e1vila \u00c1lvarez<\/p>\n\n\n\n<p class=\"wp-block-paragraph\"><strong>Sumar p\u00e1ginas, el nuevo reto<\/strong><\/p>\n\n\n\n<p class=\"wp-block-paragraph\">En su intervenci\u00f3n, Christian Torres Ortiz resalt\u00f3 que, desde hace cinco a\u00f1os, \u201cen la Universidad de Colima asumimos el compromiso de renovar y fortalecer nuestras acciones en favor del fomento y la difusi\u00f3n de la lectura. Asimismo, a partir de este a\u00f1o propuse asumir un nuevo reto colectivo, <strong>sumar p\u00e1ginas<\/strong>, una campa\u00f1a permanente que nos invita a llevar un registro de nuestras lecturas y compartirlo a trav\u00e9s de nuestras redes sociales como una forma novedosa de construir comunidad en torno al libro y a la lectura\u201d.<\/p>\n\n\n\n<p class=\"wp-block-paragraph\">Destac\u00f3 que, sin duda alguna, la expresi\u00f3n m\u00e1s tangible del fomento a la lectura que realiza la UdeC es la Feria del Libro Universitaria, \u201cque a\u00f1o con a\u00f1o registra una asistencia cada vez m\u00e1s numerosa y ofrece una programaci\u00f3n m\u00e1s amplia, incluyente y diversa, con presencia en todo el estado. Este premio que hoy nos convoca es una de las m\u00e1s relevantes dentro de las convocatorias literarias de nuestro pa\u00eds\u201d.<\/p>\n\n\n\n<p class=\"wp-block-paragraph\">La obra de Roberto Abad, dijo el rector, \u201cnos recuerda que cuando la realidad parece superarnos, la humanidad conserva siempre la capacidad de adaptarse y afrontarla en la b\u00fasqueda permanente de una realidad m\u00e1s plural\u201d.<\/p>\n\n\n\n<p class=\"wp-block-paragraph\">Por \u00faltimo, agradeci\u00f3 al INBAL \u201cpor permitirnos seguir colaborando en la convocatoria de este premio, hoy una referencia indispensable en la Literatura de M\u00e9xico y Latinoam\u00e9rica. Finalmente reconozco y felicito a Roberto por su destacada obra y merecido reconocimiento\u201d.&nbsp;<\/p>\n\n\n\n<p class=\"wp-block-paragraph\"><strong>Umbral<\/strong><\/p>\n\n\n\n<p class=\"wp-block-paragraph\">El an\u00e1lisis de la obra estuvo a cargo del estudiante de Letras Hispanoamericanas de la Facultad de Letras y Comunicaci\u00f3n, C\u00e9sar Rodrigo \u00c1vila \u00c1valos, quien describi\u00f3 a esta obra como \u201cun libro de cuentos que genera diversos tipos de miedo, algunos fantasiosos y otros un poco m\u00e1s tangibles; por si fuera poco, las primeras p\u00e1ginas presentan un tablero de ouija, generando complicidad en el lector. Somos nosotros quienes, despu\u00e9s de estas advertencias, decidimos seguir con la lectura o alejarnos del libro, para mantener nuestro limitado conocimiento de la realidad\u201d.<\/p>\n\n\n\n<p class=\"wp-block-paragraph\">\u201cImaginemos un planeta -dijo- al que acabamos de llegar, y podemos viajar en todas direcciones. Es por eso por lo que, para no perdernos, el autor debe se\u00f1alarnos el camino. Usualmente los escritores lo hacen mediante un letrero bien grande, que es el t\u00edtulo. En este caso, umbral no es estar adentro, es estar en los l\u00edmites, estar a un solo paso, a una \u00fanica decisi\u00f3n de poder entrar o permitir la entrada. Eso es lo que hace Roberto al inicio, advierte que estamos a punto de abandonar la zona segura de nuestra realidad\u201d.<\/p>\n\n\n\n<p class=\"wp-block-paragraph\">Agreg\u00f3 entonces que \u201cs\u00f3lo quienes tengan la suficiente valent\u00eda, curiosidades o menosprecio a las advertencias, se atreven a colocar sus manos sobre este libro y se dejan guiar, porque esa otra realidad no se encuentra en otro plano, se encuentra aqu\u00ed mismo, s\u00f3lo es cosa de soltar nuestros mortales cinco sentidos y, con ello, cruzar el umbral que nosotros mismos construimos\u201d. Cerr\u00f3 su intervenci\u00f3n deseando las buenas noches, en sinton\u00eda con Abad.<\/p>\n\n\n\n<p class=\"wp-block-paragraph\"><strong>La lectura como un acto de amor<\/strong><\/p>\n\n\n\n<p class=\"wp-block-paragraph\">En su intervenci\u00f3n, Roberto Abad, destac\u00f3: \u201cLeer tambi\u00e9n es un gesto de amor, y no hay mayor reconocimiento que saberse acompa\u00f1ado por la mirada de otros. Ser cuentista en M\u00e9xico todav\u00eda significa en muchos espacios ser considerado un autor de segundo orden. Aunque se diga que el cuento vive un gran momento, persiste la vieja idea de que es una manifestaci\u00f3n menor del arte narrativo\u201d.&nbsp;<\/p>\n\n\n\n<p class=\"wp-block-paragraph\">Quisiera, agreg\u00f3, \u201cimaginar un momento donde eso ya no haga falta aclararlo, donde no sea necesario prometer una novela para que te publiquen un libro de cuentos, para que un editorial abra sus puertas, para que un agente literario te escuche, porque el cuento, como forma narrativa, es tan vasto y exigente como cualquier otro g\u00e9nero. Ya basta de adquirir el g\u00e9nero desde el mercado: el cuento se lee y se escribe\u201d.&nbsp;<\/p>\n\n\n\n<p class=\"wp-block-paragraph\">Umbral, dijo Abad, \u201cel libro por el que hoy estoy aqu\u00ed, habla de la palabra como testigo de otras realidades. Si la palabra puede brillar en los sue\u00f1os, las pesadillas, augurios o las invocaciones, entonces nos ense\u00f1a que existen mundos alternos, que la realidad no es \u00fanica y que puede ser intervenida y reinventada por el lenguaje\u201d.&nbsp;<\/p>\n\n\n\n<p class=\"wp-block-paragraph\">El autor propuso imaginar m\u00e1s, pensar en los mundos que todav\u00eda no conocemos. \u201cBusquemos nuevas formas de existencia a trav\u00e9s de la palabra, porque la literatura fant\u00e1stica es una manera de ampliar lo posible, de decir que siempre hay otro modo de mirar, y hay que estar dispuestos a asumirlo. Necesitamos m\u00e1s miradas y m\u00e1s cuentos\u201d.<\/p>\n\n\n\n<p class=\"wp-block-paragraph\"><strong>Poner al centro el valor de nuestra identidad<\/strong><\/p>\n\n\n\n<p class=\"wp-block-paragraph\">Por \u00faltimo, Haydee Boetto B\u00e1rcena, subdirectora general de Bellas Artes resalt\u00f3 que este reconocimiento, surgido en 1980, \u201cha permitido preservar y promover la literatura y acercarla a todas las personas. Abre paso a nuevas voces en distintos g\u00e9neros y, adem\u00e1s de galardonar a las autoras y autores, buscan que su obra se difunda, se comparta y llegue a otros p\u00fablicos a trav\u00e9s de talleres, lecturas y encuentros\u201d.&nbsp;<\/p>\n\n\n\n<p class=\"wp-block-paragraph\">\u201cLos premios -asegur\u00f3- han sido tambi\u00e9n una forma de reconocer la diversidad ling\u00fc\u00edstica del pa\u00eds y de poner al centro el valor de nuestra identidad. En conjunto con otras iniciativas, forman parte de un esfuerzo por mantener viva la creaci\u00f3n literaria y generar un di\u00e1logo con los lectores, con nuevos escritores, escritoras y con el resto de las artes\u201d.<\/p>\n\n\n\n<p class=\"wp-block-paragraph\">En esta ocasi\u00f3n, coment\u00f3 la funcionaria federal, el premio es otorgado a Roberto Abad por su obra <em>Umbral<\/em>, que re\u00fane trece cuentos \u201cen los que el autor propone una experiencia particular, convirtiendo cada historia en una nueva puerta que se abre, un umbral que se atraviesa\u201d.<\/p>\n\n\n\n<p class=\"wp-block-paragraph\">En estos relatos -finaliz\u00f3-, \u201cel autor construye distintos universos narrativos donde aparecen el amor, la locura, la muerte y la enfermedad. Sus historias avanzan con rapidez. Son relatos abiertos que construyen una atm\u00f3sfera fant\u00e1stica y perturbadora tambi\u00e9n. Umbral es un libro que invita a cruzar hacia lo desconocido y a evitar inquietudes y miedos propios del ser humano\u201d.<\/p>\n\n\n\n<figure class=\"wp-block-image size-large\"><img loading=\"lazy\" decoding=\"async\" width=\"1024\" height=\"683\" src=\"https:\/\/diarioavanzada.com.mx\/wp-content\/uploads\/2026\/04\/Entregan-UdeC-e-INBAL-Premio-Narrativa-Colima-2025-a-Roberto-Abad_ABAD_b-1024x683.jpg\" alt=\"\" class=\"wp-image-120783\" srcset=\"https:\/\/diarioavanzada.com.mx\/wp-content\/uploads\/2026\/04\/Entregan-UdeC-e-INBAL-Premio-Narrativa-Colima-2025-a-Roberto-Abad_ABAD_b-1024x683.jpg 1024w, https:\/\/diarioavanzada.com.mx\/wp-content\/uploads\/2026\/04\/Entregan-UdeC-e-INBAL-Premio-Narrativa-Colima-2025-a-Roberto-Abad_ABAD_b-300x200.jpg 300w, https:\/\/diarioavanzada.com.mx\/wp-content\/uploads\/2026\/04\/Entregan-UdeC-e-INBAL-Premio-Narrativa-Colima-2025-a-Roberto-Abad_ABAD_b-768x512.jpg 768w, https:\/\/diarioavanzada.com.mx\/wp-content\/uploads\/2026\/04\/Entregan-UdeC-e-INBAL-Premio-Narrativa-Colima-2025-a-Roberto-Abad_ABAD_b.jpg 1048w\" sizes=\"auto, (max-width: 1024px) 100vw, 1024px\" \/><\/figure>\n\n\n\n<figure class=\"wp-block-image size-large\"><img loading=\"lazy\" decoding=\"async\" width=\"1024\" height=\"683\" src=\"https:\/\/diarioavanzada.com.mx\/wp-content\/uploads\/2026\/04\/Entregan-UdeC-e-INBAL-Premio-Narrativa-Colima-2025-a-Roberto-Abad_ABAD-1024x683.jpg\" alt=\"\" class=\"wp-image-120784\" srcset=\"https:\/\/diarioavanzada.com.mx\/wp-content\/uploads\/2026\/04\/Entregan-UdeC-e-INBAL-Premio-Narrativa-Colima-2025-a-Roberto-Abad_ABAD-1024x683.jpg 1024w, https:\/\/diarioavanzada.com.mx\/wp-content\/uploads\/2026\/04\/Entregan-UdeC-e-INBAL-Premio-Narrativa-Colima-2025-a-Roberto-Abad_ABAD-300x200.jpg 300w, https:\/\/diarioavanzada.com.mx\/wp-content\/uploads\/2026\/04\/Entregan-UdeC-e-INBAL-Premio-Narrativa-Colima-2025-a-Roberto-Abad_ABAD-768x512.jpg 768w, https:\/\/diarioavanzada.com.mx\/wp-content\/uploads\/2026\/04\/Entregan-UdeC-e-INBAL-Premio-Narrativa-Colima-2025-a-Roberto-Abad_ABAD.jpg 1048w\" sizes=\"auto, (max-width: 1024px) 100vw, 1024px\" \/><\/figure>\n\n\n\n<figure class=\"wp-block-image size-large\"><img loading=\"lazy\" decoding=\"async\" width=\"1024\" height=\"772\" src=\"https:\/\/diarioavanzada.com.mx\/wp-content\/uploads\/2026\/04\/Entregan-UdeC-e-INBAL-Premio-Narrativa-Colima-2025-a-Roberto-Abad-1024x772.jpg\" alt=\"\" class=\"wp-image-120785\" srcset=\"https:\/\/diarioavanzada.com.mx\/wp-content\/uploads\/2026\/04\/Entregan-UdeC-e-INBAL-Premio-Narrativa-Colima-2025-a-Roberto-Abad-1024x772.jpg 1024w, https:\/\/diarioavanzada.com.mx\/wp-content\/uploads\/2026\/04\/Entregan-UdeC-e-INBAL-Premio-Narrativa-Colima-2025-a-Roberto-Abad-300x226.jpg 300w, https:\/\/diarioavanzada.com.mx\/wp-content\/uploads\/2026\/04\/Entregan-UdeC-e-INBAL-Premio-Narrativa-Colima-2025-a-Roberto-Abad-768x579.jpg 768w, https:\/\/diarioavanzada.com.mx\/wp-content\/uploads\/2026\/04\/Entregan-UdeC-e-INBAL-Premio-Narrativa-Colima-2025-a-Roberto-Abad-1536x1157.jpg 1536w, https:\/\/diarioavanzada.com.mx\/wp-content\/uploads\/2026\/04\/Entregan-UdeC-e-INBAL-Premio-Narrativa-Colima-2025-a-Roberto-Abad-2048x1543.jpg 2048w, https:\/\/diarioavanzada.com.mx\/wp-content\/uploads\/2026\/04\/Entregan-UdeC-e-INBAL-Premio-Narrativa-Colima-2025-a-Roberto-Abad-200x150.jpg?crop=1 200w, https:\/\/diarioavanzada.com.mx\/wp-content\/uploads\/2026\/04\/Entregan-UdeC-e-INBAL-Premio-Narrativa-Colima-2025-a-Roberto-Abad-1200x904.jpg 1200w\" sizes=\"auto, (max-width: 1024px) 100vw, 1024px\" \/><\/figure>\n\n\n\n<figure class=\"wp-block-image size-large\"><img loading=\"lazy\" decoding=\"async\" width=\"1024\" height=\"683\" src=\"https:\/\/diarioavanzada.com.mx\/wp-content\/uploads\/2026\/04\/Entregan-UdeC-e-INBAL-Premio-Narrativa-Colima-2025-a-Roberto-Abad_a-1024x683.jpg\" alt=\"\" class=\"wp-image-120787\" srcset=\"https:\/\/diarioavanzada.com.mx\/wp-content\/uploads\/2026\/04\/Entregan-UdeC-e-INBAL-Premio-Narrativa-Colima-2025-a-Roberto-Abad_a-1024x683.jpg 1024w, https:\/\/diarioavanzada.com.mx\/wp-content\/uploads\/2026\/04\/Entregan-UdeC-e-INBAL-Premio-Narrativa-Colima-2025-a-Roberto-Abad_a-300x200.jpg 300w, https:\/\/diarioavanzada.com.mx\/wp-content\/uploads\/2026\/04\/Entregan-UdeC-e-INBAL-Premio-Narrativa-Colima-2025-a-Roberto-Abad_a-768x512.jpg 768w, https:\/\/diarioavanzada.com.mx\/wp-content\/uploads\/2026\/04\/Entregan-UdeC-e-INBAL-Premio-Narrativa-Colima-2025-a-Roberto-Abad_a.jpg 1048w\" sizes=\"auto, (max-width: 1024px) 100vw, 1024px\" \/><\/figure>\n\n\n\n<figure class=\"wp-block-image size-large\"><img loading=\"lazy\" decoding=\"async\" width=\"1024\" height=\"683\" src=\"https:\/\/diarioavanzada.com.mx\/wp-content\/uploads\/2026\/04\/Entregan-UdeC-e-INBAL-Premio-Narrativa-Colima-2025-a-Roberto-Abad_ABAD_a-1024x683.jpg\" alt=\"\" class=\"wp-image-120788\" srcset=\"https:\/\/diarioavanzada.com.mx\/wp-content\/uploads\/2026\/04\/Entregan-UdeC-e-INBAL-Premio-Narrativa-Colima-2025-a-Roberto-Abad_ABAD_a-1024x683.jpg 1024w, https:\/\/diarioavanzada.com.mx\/wp-content\/uploads\/2026\/04\/Entregan-UdeC-e-INBAL-Premio-Narrativa-Colima-2025-a-Roberto-Abad_ABAD_a-300x200.jpg 300w, https:\/\/diarioavanzada.com.mx\/wp-content\/uploads\/2026\/04\/Entregan-UdeC-e-INBAL-Premio-Narrativa-Colima-2025-a-Roberto-Abad_ABAD_a-768x512.jpg 768w, https:\/\/diarioavanzada.com.mx\/wp-content\/uploads\/2026\/04\/Entregan-UdeC-e-INBAL-Premio-Narrativa-Colima-2025-a-Roberto-Abad_ABAD_a.jpg 1048w\" sizes=\"auto, (max-width: 1024px) 100vw, 1024px\" \/><\/figure>\n<div class=\"fb-background-color\">\n\t\t\t  <div \n\t\t\t  \tclass = \"fb-comments\" \n\t\t\t  \tdata-href = \"https:\/\/diarioavanzada.com.mx\/?p=120781\"\n\t\t\t  \tdata-numposts = \"10\"\n\t\t\t  \tdata-lazy = \"true\"\n\t\t\t\tdata-colorscheme = \"light\"\n\t\t\t\tdata-order-by = \"social\"\n\t\t\t\tdata-mobile=true>\n\t\t\t  <\/div><\/div>\n\t\t  <style>\n\t\t    .fb-background-color {\n\t\t\t\tbackground:  !important;\n\t\t\t}\n\t\t\t.fb_iframe_widget_fluid_desktop iframe {\n\t\t\t    width: 100% !important;\n\t\t\t}\n\t\t  <\/style>\n\t\t  ","protected":false},"excerpt":{"rendered":"<p>\u201cLeer tambi\u00e9n es un gesto de amor, y no hay mayor reconocimiento que saberse acompa\u00f1ado por la mirada de otros\u201d: Roberto Abad Colima, M\u00e9xico, Comunicado (27\/04\/2026).- Este lunes, en la Pinacoteca Universitaria, se llev\u00f3 a cabo la entrega del Premio Bellas Artes de Narrativa Colima por Obra Publicada 2025 al escritor morelense Roberto Abad, por [&hellip;]<\/p>\n","protected":false},"author":7,"featured_media":120790,"comment_status":"closed","ping_status":"closed","sticky":false,"template":"","format":"standard","meta":{"_coblocks_attr":"","_coblocks_dimensions":"","_coblocks_responsive_height":"","_coblocks_accordion_ie_support":"","_crdt_document":"","advanced_seo_description":"","jetpack_seo_html_title":"","jetpack_seo_noindex":false,"_jetpack_memberships_contains_paid_content":false,"footnotes":""},"categories":[19,25,1,209,7,29],"tags":[210],"class_list":["post-120781","post","type-post","status-publish","format-standard","has-post-thumbnail","hentry","category-colima","category-cultura","category-general","category-importantes","category-noticias","category-sociedad","tag-portada"],"jetpack_featured_media_url":"https:\/\/diarioavanzada.com.mx\/wp-content\/uploads\/2026\/04\/Entregan-UdeC-e-INBAL-Premio-Narrativa-Colima-2025-a-Roberto-Abad_b.jpg","jetpack-related-posts":[],"jetpack_sharing_enabled":true,"amp_enabled":true,"_links":{"self":[{"href":"https:\/\/diarioavanzada.com.mx\/index.php?rest_route=\/wp\/v2\/posts\/120781","targetHints":{"allow":["GET"]}}],"collection":[{"href":"https:\/\/diarioavanzada.com.mx\/index.php?rest_route=\/wp\/v2\/posts"}],"about":[{"href":"https:\/\/diarioavanzada.com.mx\/index.php?rest_route=\/wp\/v2\/types\/post"}],"author":[{"embeddable":true,"href":"https:\/\/diarioavanzada.com.mx\/index.php?rest_route=\/wp\/v2\/users\/7"}],"replies":[{"embeddable":true,"href":"https:\/\/diarioavanzada.com.mx\/index.php?rest_route=%2Fwp%2Fv2%2Fcomments&post=120781"}],"version-history":[{"count":4,"href":"https:\/\/diarioavanzada.com.mx\/index.php?rest_route=\/wp\/v2\/posts\/120781\/revisions"}],"predecessor-version":[{"id":120791,"href":"https:\/\/diarioavanzada.com.mx\/index.php?rest_route=\/wp\/v2\/posts\/120781\/revisions\/120791"}],"wp:featuredmedia":[{"embeddable":true,"href":"https:\/\/diarioavanzada.com.mx\/index.php?rest_route=\/wp\/v2\/media\/120790"}],"wp:attachment":[{"href":"https:\/\/diarioavanzada.com.mx\/index.php?rest_route=%2Fwp%2Fv2%2Fmedia&parent=120781"}],"wp:term":[{"taxonomy":"category","embeddable":true,"href":"https:\/\/diarioavanzada.com.mx\/index.php?rest_route=%2Fwp%2Fv2%2Fcategories&post=120781"},{"taxonomy":"post_tag","embeddable":true,"href":"https:\/\/diarioavanzada.com.mx\/index.php?rest_route=%2Fwp%2Fv2%2Ftags&post=120781"}],"curies":[{"name":"wp","href":"https:\/\/api.w.org\/{rel}","templated":true}]}}