{"id":120745,"date":"2026-04-27T13:52:08","date_gmt":"2026-04-27T19:52:08","guid":{"rendered":"https:\/\/diarioavanzada.com.mx\/?p=120745"},"modified":"2026-04-27T13:52:08","modified_gmt":"2026-04-27T19:52:08","slug":"endureceran-sanciones-a-uber-y-didi-en-colima-advierten-retiro-de-unidades-a-partir-de-junio","status":"publish","type":"post","link":"https:\/\/diarioavanzada.com.mx\/?p=120745","title":{"rendered":"Endurecer\u00e1n sanciones a Uber y DiDi en Colima: advierten retiro de unidades a partir de junio"},"content":{"rendered":"\n<p class=\"wp-block-paragraph\">Colima, M\u00e9xico, Avanzada (27\/04\/2026).- La subsecretaria de Movilidad de Colima, Blanca Ballesteros Uribe, advirti\u00f3 que a partir del 1 de junio se aplicar\u00e1n sanciones a los veh\u00edculos de transporte privado por plataforma que no se regularicen conforme al programa anunciado por la dependencia.<\/p>\n\n\n\n<p class=\"p1 wp-block-paragraph\">Durante una conferencia de prensa, la funcionaria explic\u00f3 que, si bien durante el periodo de registro \u2014vigente hasta finales de mayo\u2014 no se realizar\u00e1n operativos para retirar unidades, una vez concluido este plazo iniciar\u00e1 una fase de supervisi\u00f3n m\u00e1s estricta.<\/p>\n\n\n\n<p class=\"p1 wp-block-paragraph\">En ese sentido, se\u00f1al\u00f3 que los veh\u00edculos que no cuenten con el permiso correspondiente, o que incumplan con los requisitos establecidos en la normativa, podr\u00e1n ser detenidos como parte de los operativos que implementar\u00e1 la Subsecretar\u00eda de Movilidad.<\/p>\n\n\n\n<p class=\"p1 wp-block-paragraph\">Precis\u00f3 que las sanciones no solo aplicar\u00e1n por falta de registro, sino tambi\u00e9n por irregularidades en las condiciones de operaci\u00f3n, como carecer de seguro adecuado para servicio de plataforma, no portar placas del estado o no cumplir con las caracter\u00edsticas f\u00edsicas y de seguridad requeridas.<\/p>\n\n\n\n<p class=\"p1 wp-block-paragraph\">Asimismo, hizo \u00e9nfasis en el tema del polarizado, al indicar que los veh\u00edculos que no cumplan con la norma tendr\u00e1n un plazo breve para corregir la situaci\u00f3n; de lo contrario, tambi\u00e9n ser\u00e1n sujetos a sanci\u00f3n.<\/p>\n\n\n\n<p class=\"p1 wp-block-paragraph\">Ballesteros Uribe subray\u00f3 que estas medidas forman parte de una estrategia para ordenar el servicio y garantizar la seguridad de los usuarios, al permitir a la autoridad contar con un padr\u00f3n confiable de unidades y operadores.<\/p>\n\n\n\n<p class=\"p1 wp-block-paragraph\">En paralelo, advirti\u00f3 que las plataformas digitales tambi\u00e9n deber\u00e1n cumplir con sus obligaciones, ya que, de lo contrario, podr\u00edan enfrentar la revocaci\u00f3n de su permiso para operar en el estado.<\/p>\n\n\n\n<p class=\"p2 wp-block-paragraph\">Finalmente, reiter\u00f3 que el llamado es a que los propietarios de veh\u00edculos se regularicen dentro del plazo establecido, a fin de evitar sanciones una vez que inicien los operativos en junio.<\/p>\n<div class=\"fb-background-color\">\n\t\t\t  <div \n\t\t\t  \tclass = \"fb-comments\" \n\t\t\t  \tdata-href = \"https:\/\/diarioavanzada.com.mx\/?p=120745\"\n\t\t\t  \tdata-numposts = \"10\"\n\t\t\t  \tdata-lazy = \"true\"\n\t\t\t\tdata-colorscheme = \"light\"\n\t\t\t\tdata-order-by = \"social\"\n\t\t\t\tdata-mobile=true>\n\t\t\t  <\/div><\/div>\n\t\t  <style>\n\t\t    .fb-background-color {\n\t\t\t\tbackground:  !important;\n\t\t\t}\n\t\t\t.fb_iframe_widget_fluid_desktop iframe {\n\t\t\t    width: 100% !important;\n\t\t\t}\n\t\t  <\/style>\n\t\t  ","protected":false},"excerpt":{"rendered":"<p>Colima, M\u00e9xico, Avanzada (27\/04\/2026).- La subsecretaria de Movilidad de Colima, Blanca Ballesteros Uribe, advirti\u00f3 que a partir del 1 de junio se aplicar\u00e1n sanciones a los veh\u00edculos de transporte privado por plataforma que no se regularicen conforme al programa anunciado por la dependencia. Durante una conferencia de prensa, la funcionaria explic\u00f3 que, si bien durante [&hellip;]<\/p>\n","protected":false},"author":7,"featured_media":120744,"comment_status":"closed","ping_status":"closed","sticky":false,"template":"","format":"standard","meta":{"_coblocks_attr":"","_coblocks_dimensions":"","_coblocks_responsive_height":"","_coblocks_accordion_ie_support":"","_crdt_document":"","advanced_seo_description":"","jetpack_seo_html_title":"","jetpack_seo_noindex":false,"_jetpack_memberships_contains_paid_content":false,"footnotes":""},"categories":[19,1,209,7,29],"tags":[210],"class_list":["post-120745","post","type-post","status-publish","format-standard","has-post-thumbnail","hentry","category-colima","category-general","category-importantes","category-noticias","category-sociedad","tag-portada"],"jetpack_featured_media_url":"https:\/\/diarioavanzada.com.mx\/wp-content\/uploads\/2026\/04\/img_2684.png","jetpack-related-posts":[],"jetpack_sharing_enabled":true,"amp_enabled":true,"_links":{"self":[{"href":"https:\/\/diarioavanzada.com.mx\/index.php?rest_route=\/wp\/v2\/posts\/120745","targetHints":{"allow":["GET"]}}],"collection":[{"href":"https:\/\/diarioavanzada.com.mx\/index.php?rest_route=\/wp\/v2\/posts"}],"about":[{"href":"https:\/\/diarioavanzada.com.mx\/index.php?rest_route=\/wp\/v2\/types\/post"}],"author":[{"embeddable":true,"href":"https:\/\/diarioavanzada.com.mx\/index.php?rest_route=\/wp\/v2\/users\/7"}],"replies":[{"embeddable":true,"href":"https:\/\/diarioavanzada.com.mx\/index.php?rest_route=%2Fwp%2Fv2%2Fcomments&post=120745"}],"version-history":[{"count":1,"href":"https:\/\/diarioavanzada.com.mx\/index.php?rest_route=\/wp\/v2\/posts\/120745\/revisions"}],"predecessor-version":[{"id":120746,"href":"https:\/\/diarioavanzada.com.mx\/index.php?rest_route=\/wp\/v2\/posts\/120745\/revisions\/120746"}],"wp:featuredmedia":[{"embeddable":true,"href":"https:\/\/diarioavanzada.com.mx\/index.php?rest_route=\/wp\/v2\/media\/120744"}],"wp:attachment":[{"href":"https:\/\/diarioavanzada.com.mx\/index.php?rest_route=%2Fwp%2Fv2%2Fmedia&parent=120745"}],"wp:term":[{"taxonomy":"category","embeddable":true,"href":"https:\/\/diarioavanzada.com.mx\/index.php?rest_route=%2Fwp%2Fv2%2Fcategories&post=120745"},{"taxonomy":"post_tag","embeddable":true,"href":"https:\/\/diarioavanzada.com.mx\/index.php?rest_route=%2Fwp%2Fv2%2Ftags&post=120745"}],"curies":[{"name":"wp","href":"https:\/\/api.w.org\/{rel}","templated":true}]}}