{"id":120727,"date":"2026-04-27T10:17:33","date_gmt":"2026-04-27T16:17:33","guid":{"rendered":"https:\/\/diarioavanzada.com.mx\/?p=120727"},"modified":"2026-04-27T10:22:00","modified_gmt":"2026-04-27T16:22:00","slug":"ocho-municipios-no-invierten-lo-minimo-indispensable-en-seguridad","status":"publish","type":"post","link":"https:\/\/diarioavanzada.com.mx\/?p=120727","title":{"rendered":"Ocho municipios no invierten lo m\u00ednimo indispensable en seguridad"},"content":{"rendered":"\n<p class=\"p2 wp-block-paragraph\">Colima, M\u00e9xico, Avanzada (27\/04\/2026).- La gobernadora de Colima, Indira Vizca\u00edno Silva, se\u00f1al\u00f3 que ocho de los diez municipios del estado no cumplen con la inversi\u00f3n m\u00ednima requerida en materia de seguridad p\u00fablica, al no destinar al menos el 20% de los recursos correspondientes a este rubro, como lo establecen las reglas de operaci\u00f3n.<\/p>\n\n\n\n<p class=\"p2 wp-block-paragraph\">Durante sus recientes Di\u00e1logos por la Transformaci\u00f3n, la mandataria estatal enfatiz\u00f3 que la seguridad debe atenderse con una visi\u00f3n de neutralidad pol\u00edtica, aunque advirti\u00f3 que ello no exime de se\u00f1alar a las autoridades que incumplen con sus responsabilidades.<\/p>\n\n\n\n<p class=\"p2 wp-block-paragraph\">De acuerdo con lo expuesto, los municipios que no han alcanzado el porcentaje m\u00ednimo de inversi\u00f3n en seguridad son Colima, encabezado por Riult Rivera Guti\u00e9rrez; Villa de \u00c1lvarez, por Esther Guti\u00e9rrez Andrade; Tecom\u00e1n, por Armando Reyna Maga\u00f1a; Armer\u00eda, por Cruz M\u00e9ndez Gonz\u00e1lez; Comala, por Daniela Orozco Pineda; Coquimatl\u00e1n, por Luis Gerardo Garc\u00eda Olivares; Minatitl\u00e1n, por Cicer\u00f3n Alejandro Mancilla Gonz\u00e1lez; e Ixtlahuac\u00e1n, por Alexis Rafael Verduzco Mendoza.<\/p>\n\n\n\n<p class=\"p2 wp-block-paragraph\">La gobernadora contrast\u00f3 estos casos con los municipios de Manzanillo y Cuauht\u00e9moc, que s\u00ed cumplieron con la disposici\u00f3n, destacando que este \u00faltimo incluso super\u00f3 el porcentaje exigido y ha logrado fortalecer su equipamiento en seguridad, como la adquisici\u00f3n de patrullas.<\/p>\n\n\n\n<p class=\"p3 wp-block-paragraph\">Vizca\u00edno Silva subray\u00f3 que el fortalecimiento de la seguridad p\u00fablica es una responsabilidad compartida entre los distintos \u00f3rdenes de gobierno, por lo que llam\u00f3 a los ayuntamientos a asumir su papel y garantizar el uso adecuado de los recursos destinados a este fin.<\/p>\n\n\n\n<figure class=\"wp-block-video\"><div class=\"wp-block-embed__wrapper\">\n<iframe title=\"VideoPress Video Player\" aria-label='VideoPress Video Player' width='740' height='413' src='https:\/\/videopress.com\/embed\/IayvTb5H?cover=1&amp;preloadContent=metadata&amp;useAverageColor=1&amp;hd=0' frameborder='0' allowfullscreen data-resize-to-parent=\"true\" allow='clipboard-write'><\/iframe><script src='https:\/\/v0.wordpress.com\/js\/next\/videopress-iframe.js?m=1770107250'><\/script>\n<\/div><\/figure>\n<div class=\"fb-background-color\">\n\t\t\t  <div \n\t\t\t  \tclass = \"fb-comments\" \n\t\t\t  \tdata-href = \"https:\/\/diarioavanzada.com.mx\/?p=120727\"\n\t\t\t  \tdata-numposts = \"10\"\n\t\t\t  \tdata-lazy = \"true\"\n\t\t\t\tdata-colorscheme = \"light\"\n\t\t\t\tdata-order-by = \"social\"\n\t\t\t\tdata-mobile=true>\n\t\t\t  <\/div><\/div>\n\t\t  <style>\n\t\t    .fb-background-color {\n\t\t\t\tbackground:  !important;\n\t\t\t}\n\t\t\t.fb_iframe_widget_fluid_desktop iframe {\n\t\t\t    width: 100% !important;\n\t\t\t}\n\t\t  <\/style>\n\t\t  ","protected":false},"excerpt":{"rendered":"<p>Colima, M\u00e9xico, Avanzada (27\/04\/2026).- La gobernadora de Colima, Indira Vizca\u00edno Silva, se\u00f1al\u00f3 que ocho de los diez municipios del estado no cumplen con la inversi\u00f3n m\u00ednima requerida en materia de seguridad p\u00fablica, al no destinar al menos el 20% de los recursos correspondientes a este rubro, como lo establecen las reglas de operaci\u00f3n. Durante sus [&hellip;]<\/p>\n","protected":false},"author":7,"featured_media":120728,"comment_status":"closed","ping_status":"closed","sticky":false,"template":"","format":"standard","meta":{"_coblocks_attr":"","_coblocks_dimensions":"","_coblocks_responsive_height":"","_coblocks_accordion_ie_support":"","_crdt_document":"","advanced_seo_description":"","jetpack_seo_html_title":"","jetpack_seo_noindex":false,"_jetpack_memberships_contains_paid_content":false,"footnotes":""},"categories":[19,1,209,7,231,29],"tags":[210],"class_list":["post-120727","post","type-post","status-publish","format-standard","has-post-thumbnail","hentry","category-colima","category-general","category-importantes","category-noticias","category-seguridad","category-sociedad","tag-portada"],"jetpack_featured_media_url":"https:\/\/diarioavanzada.com.mx\/wp-content\/uploads\/2026\/04\/img_0531.jpg","jetpack-related-posts":[],"jetpack_sharing_enabled":true,"amp_enabled":true,"_links":{"self":[{"href":"https:\/\/diarioavanzada.com.mx\/index.php?rest_route=\/wp\/v2\/posts\/120727","targetHints":{"allow":["GET"]}}],"collection":[{"href":"https:\/\/diarioavanzada.com.mx\/index.php?rest_route=\/wp\/v2\/posts"}],"about":[{"href":"https:\/\/diarioavanzada.com.mx\/index.php?rest_route=\/wp\/v2\/types\/post"}],"author":[{"embeddable":true,"href":"https:\/\/diarioavanzada.com.mx\/index.php?rest_route=\/wp\/v2\/users\/7"}],"replies":[{"embeddable":true,"href":"https:\/\/diarioavanzada.com.mx\/index.php?rest_route=%2Fwp%2Fv2%2Fcomments&post=120727"}],"version-history":[{"count":2,"href":"https:\/\/diarioavanzada.com.mx\/index.php?rest_route=\/wp\/v2\/posts\/120727\/revisions"}],"predecessor-version":[{"id":120734,"href":"https:\/\/diarioavanzada.com.mx\/index.php?rest_route=\/wp\/v2\/posts\/120727\/revisions\/120734"}],"wp:featuredmedia":[{"embeddable":true,"href":"https:\/\/diarioavanzada.com.mx\/index.php?rest_route=\/wp\/v2\/media\/120728"}],"wp:attachment":[{"href":"https:\/\/diarioavanzada.com.mx\/index.php?rest_route=%2Fwp%2Fv2%2Fmedia&parent=120727"}],"wp:term":[{"taxonomy":"category","embeddable":true,"href":"https:\/\/diarioavanzada.com.mx\/index.php?rest_route=%2Fwp%2Fv2%2Fcategories&post=120727"},{"taxonomy":"post_tag","embeddable":true,"href":"https:\/\/diarioavanzada.com.mx\/index.php?rest_route=%2Fwp%2Fv2%2Ftags&post=120727"}],"curies":[{"name":"wp","href":"https:\/\/api.w.org\/{rel}","templated":true}]}}