{"id":120716,"date":"2026-04-27T07:46:40","date_gmt":"2026-04-27T13:46:40","guid":{"rendered":"https:\/\/diarioavanzada.com.mx\/?p=120716"},"modified":"2026-04-27T07:46:40","modified_gmt":"2026-04-27T13:46:40","slug":"accidente-en-la-carretera-comala-san-antonio-deja-cinco-lesionados","status":"publish","type":"post","link":"https:\/\/diarioavanzada.com.mx\/?p=120716","title":{"rendered":"Accidente en la carretera Comala\u2013San Antonio deja cinco lesionados"},"content":{"rendered":"\n<p class=\"p1 wp-block-paragraph\"><em>El percance ocurri\u00f3 durante la madrugada a la altura del kil\u00f3metro 6.5, cerca de la Zona M\u00e1gica; cuerpos de emergencia realizaron labores de rescate para liberar a una persona prensada.<\/em><\/p>\n\n\n\n<p class=\"p2 wp-block-paragraph\">Comala, Colima, Avanzada (27\/04\/2026).- La madrugada de este lunes se registr\u00f3 un accidente de tr\u00e1nsito sobre la carretera Comala\u2013San Antonio, a la altura del kil\u00f3metro 6.5, en las inmediaciones de la Zona M\u00e1gica, luego de que un veh\u00edculo tipo sed\u00e1n perdiera el control y saliera de la cinta asf\u00e1ltica.<\/p>\n\n\n\n<p class=\"p2 wp-block-paragraph\">Tras el reporte, acudieron al sitio elementos de la Unidad Municipal de Protecci\u00f3n Civil de Comala, en coordinaci\u00f3n con la Unidad Estatal de Protecci\u00f3n Civil (UEPC) y el Centro Regulador de Urgencias M\u00e9dicas (CRUM), quienes brindaron atenci\u00f3n prehospitalaria a las personas involucradas.<\/p>\n\n\n\n<p class=\"p2 wp-block-paragraph\">El saldo del percance fue de cinco personas lesionadas. De acuerdo con los primeros informes, cuatro de ellas se encuentran estables; sin embargo, una m\u00e1s tuvo que ser rescatada al quedar prensada dentro del veh\u00edculo. Posteriormente, fue trasladada de emergencia a un hospital, donde se reporta en estado grave.<\/p>\n\n\n\n<p class=\"p3 wp-block-paragraph\">Las autoridades reiteraron el llamado a la poblaci\u00f3n a conducir con precauci\u00f3n, respetar los l\u00edmites de velocidad y extremar medidas de seguridad, especialmente en tramos carreteros.<\/p>\n\n\n\n<figure class=\"wp-block-image size-large\"><img loading=\"lazy\" decoding=\"async\" width=\"1024\" height=\"768\" src=\"https:\/\/diarioavanzada.com.mx\/wp-content\/uploads\/2026\/04\/img_2133-1024x768.jpg\" class=\"wp-image-120711\" srcset=\"https:\/\/diarioavanzada.com.mx\/wp-content\/uploads\/2026\/04\/img_2133-1024x768.jpg 1024w, https:\/\/diarioavanzada.com.mx\/wp-content\/uploads\/2026\/04\/img_2133-300x225.jpg 300w, https:\/\/diarioavanzada.com.mx\/wp-content\/uploads\/2026\/04\/img_2133-768x576.jpg 768w, https:\/\/diarioavanzada.com.mx\/wp-content\/uploads\/2026\/04\/img_2133.jpg 1500w\" sizes=\"auto, (max-width: 1024px) 100vw, 1024px\" \/><\/figure>\n\n\n\n<figure class=\"wp-block-image size-large\"><img loading=\"lazy\" decoding=\"async\" width=\"1024\" height=\"768\" src=\"https:\/\/diarioavanzada.com.mx\/wp-content\/uploads\/2026\/04\/img_2132-1024x768.jpg\" class=\"wp-image-120713\" srcset=\"https:\/\/diarioavanzada.com.mx\/wp-content\/uploads\/2026\/04\/img_2132-1024x768.jpg 1024w, https:\/\/diarioavanzada.com.mx\/wp-content\/uploads\/2026\/04\/img_2132-300x225.jpg 300w, https:\/\/diarioavanzada.com.mx\/wp-content\/uploads\/2026\/04\/img_2132-768x576.jpg 768w, https:\/\/diarioavanzada.com.mx\/wp-content\/uploads\/2026\/04\/img_2132.jpg 1500w\" sizes=\"auto, (max-width: 1024px) 100vw, 1024px\" \/><\/figure>\n\n\n\n<figure class=\"wp-block-image size-large\"><img loading=\"lazy\" decoding=\"async\" width=\"1024\" height=\"768\" src=\"https:\/\/diarioavanzada.com.mx\/wp-content\/uploads\/2026\/04\/img_2134-1024x768.jpg\" class=\"wp-image-120714\" srcset=\"https:\/\/diarioavanzada.com.mx\/wp-content\/uploads\/2026\/04\/img_2134-1024x768.jpg 1024w, https:\/\/diarioavanzada.com.mx\/wp-content\/uploads\/2026\/04\/img_2134-300x225.jpg 300w, https:\/\/diarioavanzada.com.mx\/wp-content\/uploads\/2026\/04\/img_2134-768x576.jpg 768w, https:\/\/diarioavanzada.com.mx\/wp-content\/uploads\/2026\/04\/img_2134.jpg 1500w\" sizes=\"auto, (max-width: 1024px) 100vw, 1024px\" \/><\/figure>\n<div class=\"fb-background-color\">\n\t\t\t  <div \n\t\t\t  \tclass = \"fb-comments\" \n\t\t\t  \tdata-href = \"https:\/\/diarioavanzada.com.mx\/?p=120716\"\n\t\t\t  \tdata-numposts = \"10\"\n\t\t\t  \tdata-lazy = \"true\"\n\t\t\t\tdata-colorscheme = \"light\"\n\t\t\t\tdata-order-by = \"social\"\n\t\t\t\tdata-mobile=true>\n\t\t\t  <\/div><\/div>\n\t\t  <style>\n\t\t    .fb-background-color {\n\t\t\t\tbackground:  !important;\n\t\t\t}\n\t\t\t.fb_iframe_widget_fluid_desktop iframe {\n\t\t\t    width: 100% !important;\n\t\t\t}\n\t\t  <\/style>\n\t\t  ","protected":false},"excerpt":{"rendered":"<p>El percance ocurri\u00f3 durante la madrugada a la altura del kil\u00f3metro 6.5, cerca de la Zona M\u00e1gica; cuerpos de emergencia realizaron labores de rescate para liberar a una persona prensada. Comala, Colima, Avanzada (27\/04\/2026).- La madrugada de este lunes se registr\u00f3 un accidente de tr\u00e1nsito sobre la carretera Comala\u2013San Antonio, a la altura del kil\u00f3metro [&hellip;]<\/p>\n","protected":false},"author":7,"featured_media":120710,"comment_status":"closed","ping_status":"closed","sticky":false,"template":"","format":"standard","meta":{"_coblocks_attr":"","_coblocks_dimensions":"","_coblocks_responsive_height":"","_coblocks_accordion_ie_support":"","_crdt_document":"","advanced_seo_description":"","jetpack_seo_html_title":"","jetpack_seo_noindex":false,"_jetpack_memberships_contains_paid_content":false,"footnotes":""},"categories":[19,1,209,7,231],"tags":[],"class_list":["post-120716","post","type-post","status-publish","format-standard","has-post-thumbnail","hentry","category-colima","category-general","category-importantes","category-noticias","category-seguridad"],"jetpack_featured_media_url":"https:\/\/diarioavanzada.com.mx\/wp-content\/uploads\/2026\/04\/img_2136.png","jetpack-related-posts":[],"jetpack_sharing_enabled":true,"amp_enabled":true,"_links":{"self":[{"href":"https:\/\/diarioavanzada.com.mx\/index.php?rest_route=\/wp\/v2\/posts\/120716","targetHints":{"allow":["GET"]}}],"collection":[{"href":"https:\/\/diarioavanzada.com.mx\/index.php?rest_route=\/wp\/v2\/posts"}],"about":[{"href":"https:\/\/diarioavanzada.com.mx\/index.php?rest_route=\/wp\/v2\/types\/post"}],"author":[{"embeddable":true,"href":"https:\/\/diarioavanzada.com.mx\/index.php?rest_route=\/wp\/v2\/users\/7"}],"replies":[{"embeddable":true,"href":"https:\/\/diarioavanzada.com.mx\/index.php?rest_route=%2Fwp%2Fv2%2Fcomments&post=120716"}],"version-history":[{"count":0,"href":"https:\/\/diarioavanzada.com.mx\/index.php?rest_route=\/wp\/v2\/posts\/120716\/revisions"}],"wp:featuredmedia":[{"embeddable":true,"href":"https:\/\/diarioavanzada.com.mx\/index.php?rest_route=\/wp\/v2\/media\/120710"}],"wp:attachment":[{"href":"https:\/\/diarioavanzada.com.mx\/index.php?rest_route=%2Fwp%2Fv2%2Fmedia&parent=120716"}],"wp:term":[{"taxonomy":"category","embeddable":true,"href":"https:\/\/diarioavanzada.com.mx\/index.php?rest_route=%2Fwp%2Fv2%2Fcategories&post=120716"},{"taxonomy":"post_tag","embeddable":true,"href":"https:\/\/diarioavanzada.com.mx\/index.php?rest_route=%2Fwp%2Fv2%2Ftags&post=120716"}],"curies":[{"name":"wp","href":"https:\/\/api.w.org\/{rel}","templated":true}]}}