{"id":120702,"date":"2026-04-27T07:10:15","date_gmt":"2026-04-27T13:10:15","guid":{"rendered":"https:\/\/diarioavanzada.com.mx\/?p=120702"},"modified":"2026-04-27T07:10:15","modified_gmt":"2026-04-27T13:10:15","slug":"cierran-penal-de-tecoman-por-riesgo-estructural","status":"publish","type":"post","link":"https:\/\/diarioavanzada.com.mx\/?p=120702","title":{"rendered":"Cierran penal de Tecom\u00e1n por riesgo estructural"},"content":{"rendered":"\n<p class=\"wp-block-paragraph\">Colima, M\u00e9xico, Avanzada (27\/04\/2026).\u2014 Despu\u00e9s de casi 24 a\u00f1os de operaci\u00f3n, el gobierno del estado determin\u00f3 el cierre definitivo del Centro Penitenciario de Tecom\u00e1n por incumplimientos en materia de seguridad, protecci\u00f3n civil e infraestructura, por lo que las 47 personas privadas de la libertad que permanecen en ese penal deber\u00e1n ser trasladadas, a m\u00e1s tardar el 30 de abril, a los centros penitenciarios de Colima y Manzanillo.<\/p>\n\n\n\n<p class=\"wp-block-paragraph\">La decisi\u00f3n qued\u00f3 formalizada en un acuerdo firmado por la gobernadora Indira Vizca\u00edno Silva y por los secretarios de Gobierno y de Seguridad y Protecci\u00f3n Ciudadana, Eloy Garc\u00eda Alcaraz y Fabi\u00e1n Ricardo G\u00f3mez Calc\u00e1neo, publicado el 25 de abril en el Peri\u00f3dico Oficial <em>El Estado de Colima<\/em>. El cierre entrar\u00e1 en vigor a las 00:01 horas del 1 de mayo de 2026.<\/p>\n\n\n\n<p class=\"wp-block-paragraph\">Entre las razones expuestas por el gobierno estatal se encuentra el deterioro progresivo del inmueble, derivado del uso continuo, el paso del tiempo y la falta de mantenimiento integral. El acuerdo subraya, adem\u00e1s, que el predio donde opera el penal es patrimonio del municipio de Tecom\u00e1n y no del gobierno estatal, lo que ha impedido acceder a recursos del Fondo de Aportaciones para la Seguridad P\u00fablica (FASP) destinados a infraestructura penitenciaria.<\/p>\n\n\n\n<p class=\"wp-block-paragraph\">A ello se suman observaciones contenidas en el Diagn\u00f3stico Nacional de Supervisi\u00f3n Penitenciaria 2024 de la Comisi\u00f3n Nacional de los Derechos Humanos, donde se advierte que las condiciones del penal son deficientes y no garantizan plenamente est\u00e1ndares adecuados de seguridad, operaci\u00f3n penitenciaria y respeto a los derechos humanos de las personas internas.<\/p>\n\n\n\n<p class=\"wp-block-paragraph\">El acuerdo tambi\u00e9n cita un an\u00e1lisis de riesgo emitido el 17 de marzo de 2026 por la Unidad Estatal de Protecci\u00f3n Civil, mediante el oficio UEPC-SC01\/SE02\/SS06\/285\/2026, que concluy\u00f3 que existe un riesgo alto tanto para las personas privadas de la libertad como para el personal que labora en esas instalaciones.<\/p>\n\n\n\n<p class=\"wp-block-paragraph\">Seg\u00fan informaci\u00f3n de la Direcci\u00f3n General del Sistema Estatal Penitenciario, al 13 de abril hab\u00eda una poblaci\u00f3n promedio de 47 internos, adem\u00e1s de 25 trabajadores operativos y 16 administrativos adscritos al centro penitenciario. Con base en ese escenario y en los dict\u00e1menes t\u00e9cnicos, el gobierno sostuvo que el cierre responde a la necesidad de garantizar condiciones dignas, seguras y acordes con el marco constitucional.<\/p>\n\n\n\n<p class=\"wp-block-paragraph\">El acuerdo establece que las personas privadas de la libertad ser\u00e1n reubicadas conforme a necesidades de seguridad y gobernabilidad en los penales de Colima y Manzanillo, mientras que el personal operativo y administrativo ser\u00e1 reasignado a otras unidades del sistema penitenciario estatal.<\/p>\n\n\n\n<p class=\"wp-block-paragraph\"><em>*Imagen ilustrativa.<\/em><\/p>\n<div class=\"fb-background-color\">\n\t\t\t  <div \n\t\t\t  \tclass = \"fb-comments\" \n\t\t\t  \tdata-href = \"https:\/\/diarioavanzada.com.mx\/?p=120702\"\n\t\t\t  \tdata-numposts = \"10\"\n\t\t\t  \tdata-lazy = \"true\"\n\t\t\t\tdata-colorscheme = \"light\"\n\t\t\t\tdata-order-by = \"social\"\n\t\t\t\tdata-mobile=true>\n\t\t\t  <\/div><\/div>\n\t\t  <style>\n\t\t    .fb-background-color {\n\t\t\t\tbackground:  !important;\n\t\t\t}\n\t\t\t.fb_iframe_widget_fluid_desktop iframe {\n\t\t\t    width: 100% !important;\n\t\t\t}\n\t\t  <\/style>\n\t\t  ","protected":false},"excerpt":{"rendered":"<p>Colima, M\u00e9xico, Avanzada (27\/04\/2026).\u2014 Despu\u00e9s de casi 24 a\u00f1os de operaci\u00f3n, el gobierno del estado determin\u00f3 el cierre definitivo del Centro Penitenciario de Tecom\u00e1n por incumplimientos en materia de seguridad, protecci\u00f3n civil e infraestructura, por lo que las 47 personas privadas de la libertad que permanecen en ese penal deber\u00e1n ser trasladadas, a m\u00e1s tardar [&hellip;]<\/p>\n","protected":false},"author":5,"featured_media":120706,"comment_status":"closed","ping_status":"closed","sticky":false,"template":"","format":"standard","meta":{"_coblocks_attr":"","_coblocks_dimensions":"","_coblocks_responsive_height":"","_coblocks_accordion_ie_support":"","_crdt_document":"","advanced_seo_description":"","jetpack_seo_html_title":"","jetpack_seo_noindex":false,"_jetpack_memberships_contains_paid_content":false,"footnotes":""},"categories":[19,1,209,7,231,29],"tags":[210],"class_list":["post-120702","post","type-post","status-publish","format-standard","has-post-thumbnail","hentry","category-colima","category-general","category-importantes","category-noticias","category-seguridad","category-sociedad","tag-portada"],"jetpack_featured_media_url":"https:\/\/diarioavanzada.com.mx\/wp-content\/uploads\/2026\/04\/img_2679.jpg","jetpack-related-posts":[],"jetpack_sharing_enabled":true,"amp_enabled":true,"_links":{"self":[{"href":"https:\/\/diarioavanzada.com.mx\/index.php?rest_route=\/wp\/v2\/posts\/120702","targetHints":{"allow":["GET"]}}],"collection":[{"href":"https:\/\/diarioavanzada.com.mx\/index.php?rest_route=\/wp\/v2\/posts"}],"about":[{"href":"https:\/\/diarioavanzada.com.mx\/index.php?rest_route=\/wp\/v2\/types\/post"}],"author":[{"embeddable":true,"href":"https:\/\/diarioavanzada.com.mx\/index.php?rest_route=\/wp\/v2\/users\/5"}],"replies":[{"embeddable":true,"href":"https:\/\/diarioavanzada.com.mx\/index.php?rest_route=%2Fwp%2Fv2%2Fcomments&post=120702"}],"version-history":[{"count":2,"href":"https:\/\/diarioavanzada.com.mx\/index.php?rest_route=\/wp\/v2\/posts\/120702\/revisions"}],"predecessor-version":[{"id":120705,"href":"https:\/\/diarioavanzada.com.mx\/index.php?rest_route=\/wp\/v2\/posts\/120702\/revisions\/120705"}],"wp:featuredmedia":[{"embeddable":true,"href":"https:\/\/diarioavanzada.com.mx\/index.php?rest_route=\/wp\/v2\/media\/120706"}],"wp:attachment":[{"href":"https:\/\/diarioavanzada.com.mx\/index.php?rest_route=%2Fwp%2Fv2%2Fmedia&parent=120702"}],"wp:term":[{"taxonomy":"category","embeddable":true,"href":"https:\/\/diarioavanzada.com.mx\/index.php?rest_route=%2Fwp%2Fv2%2Fcategories&post=120702"},{"taxonomy":"post_tag","embeddable":true,"href":"https:\/\/diarioavanzada.com.mx\/index.php?rest_route=%2Fwp%2Fv2%2Ftags&post=120702"}],"curies":[{"name":"wp","href":"https:\/\/api.w.org\/{rel}","templated":true}]}}