{"id":120676,"date":"2026-04-26T21:05:15","date_gmt":"2026-04-27T03:05:15","guid":{"rendered":"https:\/\/diarioavanzada.com.mx\/?p=120676"},"modified":"2026-04-26T21:05:17","modified_gmt":"2026-04-27T03:05:17","slug":"en-el-tema-de-cuidados-paliativos-el-compromiso-debe-ser-con-el-paciente-velez-grajales","status":"publish","type":"post","link":"https:\/\/diarioavanzada.com.mx\/?p=120676","title":{"rendered":"En el tema de cuidados paliativos, el compromiso\u00a0debe ser con el paciente: V\u00e9lez Grajales"},"content":{"rendered":"\n<p class=\"wp-block-paragraph\"><em>\u201cHay que tomarnos el tiempo para escuchar a cada persona y a su familia, respetar la autonom\u00eda de la persona, pero tambi\u00e9n recibir informaci\u00f3n de toda la familia, del equipo, hacer un an\u00e1lisis\u201d, agreg\u00f3 el experto en entrevista.<\/em><\/p>\n\n\n\n<p class=\"wp-block-paragraph\">Colima, M\u00e9xico, Comunicado (26\/04\/2026).- En el tema de cuidados paliativos, los procesos de duelo pueden volverse patol\u00f3gicos; sin embargo, una comunicaci\u00f3n clara y emp\u00e1tica, junto con el conocimiento y respeto de los derechos y la autonom\u00eda del paciente, son fundamentales para transitar de mejor manera tanto el duelo como el curso de una enfermedad compleja. As\u00ed lo explic\u00f3 el m\u00e9dico geriatra Eduardo V\u00e9lez Grajales durante la conferencia \u201cLa conspiraci\u00f3n del silencio en el contexto de los cuidados paliativos\u201d, impartida esta semana en formato virtual gracias a la Red Global MX, Cap\u00edtulo Espa\u00f1a.<\/p>\n\n\n\n<p class=\"wp-block-paragraph\">V\u00e9lez Grajales asegur\u00f3 que la labor de un especialista en geriatr\u00eda en el \u00e1rea de los cuidados paliativos consiste, primero, en controlar el dolor. \u201cLo segundo es entablar una buena comunicaci\u00f3n entre el m\u00e9dico geriatra, su equipo m\u00e9dico, el paciente y la familia. Sin una buena comunicaci\u00f3n, se llegar\u00e1 a la llamada conspiraci\u00f3n del silencio, que es un predictor del duelo patol\u00f3gico\u201d.&nbsp;&nbsp;<\/p>\n\n\n\n<p class=\"wp-block-paragraph\">La conspiraci\u00f3n del silencio \u201ces cuando la familia o el paciente no quieren hablar de la enfermedad o del proceso por m\u00faltiples razones, como la de no causar dolor\u201d. Esta actitud, explic\u00f3, \u201cno les permite afrontar adecuadamente el duelo de la enfermedad de su familiar, ni el duelo de la p\u00e9rdida, cuando ya no est\u00e1 el paciente\u201d.&nbsp;&nbsp;<\/p>\n\n\n\n<p class=\"wp-block-paragraph\">Eduardo V\u00e9lez, especialista en atenci\u00f3n a personas mayores y enfermedades cr\u00f3nicas, subray\u00f3 que el paciente tiene la facultad de decidir si su familia u otras personas deben conocer o hablar sobre su enfermedad. \u201cTambi\u00e9n tiene el derecho a no saber\u201d, puntualiz\u00f3. En este sentido, recomend\u00f3 orientar a las personas desde un enfoque cl\u00ednico adecuado en cuidados paliativos; sin embargo, enfatiz\u00f3 que, en \u00faltima instancia, son los propios pacientes quienes determinan c\u00f3mo desean enfrentar su enfermedad; en eso radica su autonom\u00eda\u201d.<\/p>\n\n\n\n<p class=\"wp-block-paragraph\">Para identificar la llamada \u201cconspiraci\u00f3n del silencio\u201d, explic\u00f3 V\u00e9lez Grajales, es com\u00fan que un familiar solicite expl\u00edcitamente que no se informe al paciente sobre su estado de salud. Esta pr\u00e1ctica puede vulnerar su derecho a saber; por ello, subray\u00f3 la importancia de escuchar siempre al paciente, dirigirse directamente a \u00e9l y preguntarle si desea estar acompa\u00f1ado por alg\u00fan familiar al momento de recibir informaci\u00f3n sobre su condici\u00f3n.<\/p>\n\n\n\n<p class=\"wp-block-paragraph\">Se\u00f1al\u00f3 que, dentro del equipo de profesionales de la salud, uno de los errores m\u00e1s frecuentes es evitar nombrar las cosas con claridad. \u201cEstamos preparados para dar respuestas de frente y elegir con cuidado las palabras, pero nunca para evadir nuestra responsabilidad\u201d, afirm\u00f3.<\/p>\n\n\n\n<p class=\"wp-block-paragraph\">En materia de comunicaci\u00f3n, V\u00e9lez Grajales -quien tambi\u00e9n es miembro de la Sociedad Espa\u00f1ola de Geriatr\u00eda y Gerontolog\u00eda- destac\u00f3 que, as\u00ed como el cirujano cuenta con el bistur\u00ed, los m\u00e9dicos paliativistas tienen el tiempo como su principal herramienta. \u201cHay que tomarnos el tiempo para escuchar a cada persona y a su familia, respetar la autonom\u00eda de la persona, pero tambi\u00e9n recibir informaci\u00f3n de toda la familia, del equipo, hacer un an\u00e1lisis y tomar entonces la mejor decisi\u00f3n\u201d.&nbsp;<\/p>\n\n\n\n<p class=\"wp-block-paragraph\">Esas decisiones, aclar\u00f3, \u201cdeben ser desde un posicionamiento \u00e9tico, pero debemos tener claro que el contrato de cuidados paliativos es con el paciente, no con la familia. Nuestro compromiso es con el paciente\u201d.<\/p>\n\n\n\n<p class=\"wp-block-paragraph\">El Dr. Eduardo V\u00e9lez Grajales es m\u00e9dico especialista en Geriatr\u00eda y Gerontolog\u00eda, con m\u00e1s de dos d\u00e9cadas de experiencia en la atenci\u00f3n de personas mayores, enfermedades cr\u00f3nicas y cuidados paliativos. Se form\u00f3 en la Benem\u00e9rita Universidad Aut\u00f3noma de Puebla, cuenta con especializaci\u00f3n avalada por el Consejo Mexicano de Geriatr\u00eda y Gerontolog\u00eda y una maestr\u00eda en Direcci\u00f3n y Creaci\u00f3n de Centros Sociosanitarios por la Universidad de Ja\u00e9n.<\/p>\n\n\n\n<p class=\"wp-block-paragraph\">Su trayectoria profesional abarca desde la atenci\u00f3n primaria en el Hospital Universitario de Puebla hasta la pr\u00e1ctica asistencial en residencias de mayores en el Pa\u00eds Vasco, Espa\u00f1a, con un enfoque centrado en la persona y el trabajo interdisciplinario. Colabora como consultor experto en geriatr\u00eda y cuidados paliativos con el proyecto Care for Life, en Ottawa, Canad\u00e1, representando a la comunidad hispanohablante.<\/p>\n\n\n\n<figure class=\"wp-block-image size-large\"><img loading=\"lazy\" decoding=\"async\" width=\"1024\" height=\"469\" src=\"https:\/\/diarioavanzada.com.mx\/wp-content\/uploads\/2026\/04\/Conferencia-sobre-cuidados-paliativos-en-personas-mayores_b-1024x469.png\" alt=\"\" class=\"wp-image-120678\" srcset=\"https:\/\/diarioavanzada.com.mx\/wp-content\/uploads\/2026\/04\/Conferencia-sobre-cuidados-paliativos-en-personas-mayores_b-1024x469.png 1024w, https:\/\/diarioavanzada.com.mx\/wp-content\/uploads\/2026\/04\/Conferencia-sobre-cuidados-paliativos-en-personas-mayores_b-300x137.png 300w, https:\/\/diarioavanzada.com.mx\/wp-content\/uploads\/2026\/04\/Conferencia-sobre-cuidados-paliativos-en-personas-mayores_b-768x352.png 768w, https:\/\/diarioavanzada.com.mx\/wp-content\/uploads\/2026\/04\/Conferencia-sobre-cuidados-paliativos-en-personas-mayores_b-1536x704.png 1536w, https:\/\/diarioavanzada.com.mx\/wp-content\/uploads\/2026\/04\/Conferencia-sobre-cuidados-paliativos-en-personas-mayores_b-1200x550.png 1200w, https:\/\/diarioavanzada.com.mx\/wp-content\/uploads\/2026\/04\/Conferencia-sobre-cuidados-paliativos-en-personas-mayores_b.png 1892w\" sizes=\"auto, (max-width: 1024px) 100vw, 1024px\" \/><\/figure>\n\n\n\n<figure class=\"wp-block-image size-large\"><img loading=\"lazy\" decoding=\"async\" width=\"1024\" height=\"464\" src=\"https:\/\/diarioavanzada.com.mx\/wp-content\/uploads\/2026\/04\/Conferencia-sobre-cuidados-paliativos-en-personas-mayores_c-1024x464.png\" alt=\"\" class=\"wp-image-120679\" srcset=\"https:\/\/diarioavanzada.com.mx\/wp-content\/uploads\/2026\/04\/Conferencia-sobre-cuidados-paliativos-en-personas-mayores_c-1024x464.png 1024w, https:\/\/diarioavanzada.com.mx\/wp-content\/uploads\/2026\/04\/Conferencia-sobre-cuidados-paliativos-en-personas-mayores_c-300x136.png 300w, https:\/\/diarioavanzada.com.mx\/wp-content\/uploads\/2026\/04\/Conferencia-sobre-cuidados-paliativos-en-personas-mayores_c-768x348.png 768w, https:\/\/diarioavanzada.com.mx\/wp-content\/uploads\/2026\/04\/Conferencia-sobre-cuidados-paliativos-en-personas-mayores_c-1536x696.png 1536w, https:\/\/diarioavanzada.com.mx\/wp-content\/uploads\/2026\/04\/Conferencia-sobre-cuidados-paliativos-en-personas-mayores_c-1200x543.png 1200w, https:\/\/diarioavanzada.com.mx\/wp-content\/uploads\/2026\/04\/Conferencia-sobre-cuidados-paliativos-en-personas-mayores_c.png 1886w\" sizes=\"auto, (max-width: 1024px) 100vw, 1024px\" \/><\/figure>\n\n\n\n<figure class=\"wp-block-image size-large\"><img loading=\"lazy\" decoding=\"async\" width=\"1024\" height=\"458\" src=\"https:\/\/diarioavanzada.com.mx\/wp-content\/uploads\/2026\/04\/Conferencia-sobre-cuidados-paliativos-en-personas-mayores_a-1024x458.png\" alt=\"\" class=\"wp-image-120680\" srcset=\"https:\/\/diarioavanzada.com.mx\/wp-content\/uploads\/2026\/04\/Conferencia-sobre-cuidados-paliativos-en-personas-mayores_a-1024x458.png 1024w, https:\/\/diarioavanzada.com.mx\/wp-content\/uploads\/2026\/04\/Conferencia-sobre-cuidados-paliativos-en-personas-mayores_a-300x134.png 300w, https:\/\/diarioavanzada.com.mx\/wp-content\/uploads\/2026\/04\/Conferencia-sobre-cuidados-paliativos-en-personas-mayores_a-768x344.png 768w, https:\/\/diarioavanzada.com.mx\/wp-content\/uploads\/2026\/04\/Conferencia-sobre-cuidados-paliativos-en-personas-mayores_a-1536x687.png 1536w, https:\/\/diarioavanzada.com.mx\/wp-content\/uploads\/2026\/04\/Conferencia-sobre-cuidados-paliativos-en-personas-mayores_a-1200x537.png 1200w, https:\/\/diarioavanzada.com.mx\/wp-content\/uploads\/2026\/04\/Conferencia-sobre-cuidados-paliativos-en-personas-mayores_a.png 1886w\" sizes=\"auto, (max-width: 1024px) 100vw, 1024px\" \/><\/figure>\n\n\n\n<p class=\"wp-block-paragraph\"><\/p>\n<div class=\"fb-background-color\">\n\t\t\t  <div \n\t\t\t  \tclass = \"fb-comments\" \n\t\t\t  \tdata-href = \"https:\/\/diarioavanzada.com.mx\/?p=120676\"\n\t\t\t  \tdata-numposts = \"10\"\n\t\t\t  \tdata-lazy = \"true\"\n\t\t\t\tdata-colorscheme = \"light\"\n\t\t\t\tdata-order-by = \"social\"\n\t\t\t\tdata-mobile=true>\n\t\t\t  <\/div><\/div>\n\t\t  <style>\n\t\t    .fb-background-color {\n\t\t\t\tbackground:  !important;\n\t\t\t}\n\t\t\t.fb_iframe_widget_fluid_desktop iframe {\n\t\t\t    width: 100% !important;\n\t\t\t}\n\t\t  <\/style>\n\t\t  ","protected":false},"excerpt":{"rendered":"<p>\u201cHay que tomarnos el tiempo para escuchar a cada persona y a su familia, respetar la autonom\u00eda de la persona, pero tambi\u00e9n recibir informaci\u00f3n de toda la familia, del equipo, hacer un an\u00e1lisis\u201d, agreg\u00f3 el experto en entrevista. Colima, M\u00e9xico, Comunicado (26\/04\/2026).- En el tema de cuidados paliativos, los procesos de duelo pueden volverse patol\u00f3gicos; [&hellip;]<\/p>\n","protected":false},"author":7,"featured_media":120682,"comment_status":"closed","ping_status":"closed","sticky":false,"template":"","format":"standard","meta":{"_coblocks_attr":"","_coblocks_dimensions":"","_coblocks_responsive_height":"","_coblocks_accordion_ie_support":"","_crdt_document":"","advanced_seo_description":"","jetpack_seo_html_title":"","jetpack_seo_noindex":false,"_jetpack_memberships_contains_paid_content":false,"footnotes":""},"categories":[19,209,7,29],"tags":[],"class_list":["post-120676","post","type-post","status-publish","format-standard","has-post-thumbnail","hentry","category-colima","category-importantes","category-noticias","category-sociedad"],"jetpack_featured_media_url":"https:\/\/diarioavanzada.com.mx\/wp-content\/uploads\/2026\/04\/Conferencia-sobre-cuidados-paliativos-en-personas-mayores_Velez.png","jetpack-related-posts":[],"jetpack_sharing_enabled":true,"amp_enabled":true,"_links":{"self":[{"href":"https:\/\/diarioavanzada.com.mx\/index.php?rest_route=\/wp\/v2\/posts\/120676","targetHints":{"allow":["GET"]}}],"collection":[{"href":"https:\/\/diarioavanzada.com.mx\/index.php?rest_route=\/wp\/v2\/posts"}],"about":[{"href":"https:\/\/diarioavanzada.com.mx\/index.php?rest_route=\/wp\/v2\/types\/post"}],"author":[{"embeddable":true,"href":"https:\/\/diarioavanzada.com.mx\/index.php?rest_route=\/wp\/v2\/users\/7"}],"replies":[{"embeddable":true,"href":"https:\/\/diarioavanzada.com.mx\/index.php?rest_route=%2Fwp%2Fv2%2Fcomments&post=120676"}],"version-history":[{"count":3,"href":"https:\/\/diarioavanzada.com.mx\/index.php?rest_route=\/wp\/v2\/posts\/120676\/revisions"}],"predecessor-version":[{"id":120683,"href":"https:\/\/diarioavanzada.com.mx\/index.php?rest_route=\/wp\/v2\/posts\/120676\/revisions\/120683"}],"wp:featuredmedia":[{"embeddable":true,"href":"https:\/\/diarioavanzada.com.mx\/index.php?rest_route=\/wp\/v2\/media\/120682"}],"wp:attachment":[{"href":"https:\/\/diarioavanzada.com.mx\/index.php?rest_route=%2Fwp%2Fv2%2Fmedia&parent=120676"}],"wp:term":[{"taxonomy":"category","embeddable":true,"href":"https:\/\/diarioavanzada.com.mx\/index.php?rest_route=%2Fwp%2Fv2%2Fcategories&post=120676"},{"taxonomy":"post_tag","embeddable":true,"href":"https:\/\/diarioavanzada.com.mx\/index.php?rest_route=%2Fwp%2Fv2%2Ftags&post=120676"}],"curies":[{"name":"wp","href":"https:\/\/api.w.org\/{rel}","templated":true}]}}