{"id":120652,"date":"2026-04-26T11:20:56","date_gmt":"2026-04-26T17:20:56","guid":{"rendered":"https:\/\/diarioavanzada.com.mx\/?p=120652"},"modified":"2026-04-26T11:21:51","modified_gmt":"2026-04-26T17:21:51","slug":"me-asignaron-como-escoltas-a-dos-de-los-policias-detenidos-griselda-martinez","status":"publish","type":"post","link":"https:\/\/diarioavanzada.com.mx\/?p=120652","title":{"rendered":"Me asignaron como escoltas a dos de los polic\u00edas detenidos: Griselda Mart\u00ednez"},"content":{"rendered":"\n<p class=\"p1 wp-block-paragraph\">Colima, M\u00e9xico, Avanzada (26\/04\/2026).- La exalcaldesa de Manzanillo, Griselda Mart\u00ednez Mart\u00ednez, afirm\u00f3 que al menos dos de los elementos de la Polic\u00eda Municipal recientemente detenidos fueron asignados como parte de su equipo de seguridad personal tras concluir su administraci\u00f3n, lo que \u2014seg\u00fan dijo\u2014 habr\u00eda puesto en riesgo su integridad.<\/p>\n\n\n\n<p class=\"p2 wp-block-paragraph\">Durante su m\u00e1s reciente emisi\u00f3n del podcast <em>Sin Mentiras<\/em>, la exfuncionaria sostuvo que dichos elementos formaron parte de las escoltas que le fueron asignadas por autoridades municipales, luego de que concluyera su encargo en 2024. De acuerdo con su versi\u00f3n, la asignaci\u00f3n se realiz\u00f3 mediante oficios oficiales emitidos por la Direcci\u00f3n de Seguridad P\u00fablica de Manzanillo.<\/p>\n\n\n\n<figure class=\"wp-block-embed is-type-wp-embed is-provider-diario-avanzada wp-block-embed-diario-avanzada\"><div class=\"wp-block-embed__wrapper\">\n<blockquote class=\"wp-embedded-content\" data-secret=\"cWjqzcRHbZ\"><a href=\"https:\/\/diarioavanzada.com.mx\/?p=119455\">Trabajaban para el CJNG y cobraban como polic\u00edas en Manzanillo: dos ten\u00edan m\u00e1s de 20 a\u00f1os en la corporaci\u00f3n<\/a><\/blockquote><iframe loading=\"lazy\" class=\"wp-embedded-content\" sandbox=\"allow-scripts\" security=\"restricted\" style=\"position: absolute; visibility: hidden;\" title=\"&#8220;Trabajaban para el CJNG y cobraban como polic\u00edas en Manzanillo: dos ten\u00edan m\u00e1s de 20 a\u00f1os en la corporaci\u00f3n&#8221; &#8212; Diario Avanzada\" src=\"https:\/\/diarioavanzada.com.mx\/?p=119455&#038;embed=true#?secret=gh4yDmI71u#?secret=cWjqzcRHbZ\" data-secret=\"cWjqzcRHbZ\" width=\"600\" height=\"338\" frameborder=\"0\" marginwidth=\"0\" marginheight=\"0\" scrolling=\"no\"><\/iframe>\n<\/div><\/figure>\n\n\n\n<p class=\"p2 wp-block-paragraph\">Mart\u00ednez Mart\u00ednez se\u00f1al\u00f3 que tuvo conocimiento de la identidad de los agentes tras difundirse p\u00fablicamente su detenci\u00f3n, y asegur\u00f3 que uno de ellos permaneci\u00f3 comisionado a su seguridad hasta febrero de 2026.<\/p>\n\n\n\n<p class=\"p2 wp-block-paragraph\">En ese contexto, cuestion\u00f3 que, si exist\u00edan indicios o investigaciones en contra de dichos elementos, estos hubieran sido designados para labores de protecci\u00f3n personal. \u201cSi eran considerados de riesgo, no debieron haber sido asignados para resguardar mi vida\u201d, expres\u00f3 durante la transmisi\u00f3n.<\/p>\n\n\n\n<p class=\"p2 wp-block-paragraph\">La exalcaldesa indic\u00f3 que, en caso de confirmarse la responsabilidad penal de los polic\u00edas detenidos, analizar\u00e1 la posibilidad de exigir que se deslinden responsabilidades entre los funcionarios que autorizaron su asignaci\u00f3n.<\/p>\n\n\n\n<p class=\"p2 wp-block-paragraph\">Cabe recordar que las autoridades han informado que los ocho elementos detenidos fueron vinculados a proceso por su presunta relaci\u00f3n con hechos delictivos; sin embargo, su situaci\u00f3n jur\u00eddica a\u00fan no se encuentra resuelta de manera definitiva.<\/p>\n\n\n\n<p class=\"p3 wp-block-paragraph\">Hasta el momento, ni el Ayuntamiento de Manzanillo ni las instancias de seguridad se\u00f1aladas han emitido una postura p\u00fablica en relaci\u00f3n con los dichos de la exalcaldesa.<\/p>\n<div class=\"fb-background-color\">\n\t\t\t  <div \n\t\t\t  \tclass = \"fb-comments\" \n\t\t\t  \tdata-href = \"https:\/\/diarioavanzada.com.mx\/?p=120652\"\n\t\t\t  \tdata-numposts = \"10\"\n\t\t\t  \tdata-lazy = \"true\"\n\t\t\t\tdata-colorscheme = \"light\"\n\t\t\t\tdata-order-by = \"social\"\n\t\t\t\tdata-mobile=true>\n\t\t\t  <\/div><\/div>\n\t\t  <style>\n\t\t    .fb-background-color {\n\t\t\t\tbackground:  !important;\n\t\t\t}\n\t\t\t.fb_iframe_widget_fluid_desktop iframe {\n\t\t\t    width: 100% !important;\n\t\t\t}\n\t\t  <\/style>\n\t\t  ","protected":false},"excerpt":{"rendered":"<p>Colima, M\u00e9xico, Avanzada (26\/04\/2026).- La exalcaldesa de Manzanillo, Griselda Mart\u00ednez Mart\u00ednez, afirm\u00f3 que al menos dos de los elementos de la Polic\u00eda Municipal recientemente detenidos fueron asignados como parte de su equipo de seguridad personal tras concluir su administraci\u00f3n, lo que \u2014seg\u00fan dijo\u2014 habr\u00eda puesto en riesgo su integridad. Durante su m\u00e1s reciente emisi\u00f3n del [&hellip;]<\/p>\n","protected":false},"author":21,"featured_media":120653,"comment_status":"closed","ping_status":"closed","sticky":false,"template":"","format":"standard","meta":{"_coblocks_attr":"","_coblocks_dimensions":"","_coblocks_responsive_height":"","_coblocks_accordion_ie_support":"","_crdt_document":"","advanced_seo_description":"","jetpack_seo_html_title":"","jetpack_seo_noindex":false,"_jetpack_memberships_contains_paid_content":false,"footnotes":""},"categories":[19,1,209,7,231,29],"tags":[210],"class_list":["post-120652","post","type-post","status-publish","format-standard","has-post-thumbnail","hentry","category-colima","category-general","category-importantes","category-noticias","category-seguridad","category-sociedad","tag-portada"],"jetpack_featured_media_url":"https:\/\/diarioavanzada.com.mx\/wp-content\/uploads\/2026\/04\/img_0610.png","jetpack-related-posts":[],"jetpack_sharing_enabled":true,"amp_enabled":true,"_links":{"self":[{"href":"https:\/\/diarioavanzada.com.mx\/index.php?rest_route=\/wp\/v2\/posts\/120652","targetHints":{"allow":["GET"]}}],"collection":[{"href":"https:\/\/diarioavanzada.com.mx\/index.php?rest_route=\/wp\/v2\/posts"}],"about":[{"href":"https:\/\/diarioavanzada.com.mx\/index.php?rest_route=\/wp\/v2\/types\/post"}],"author":[{"embeddable":true,"href":"https:\/\/diarioavanzada.com.mx\/index.php?rest_route=\/wp\/v2\/users\/21"}],"replies":[{"embeddable":true,"href":"https:\/\/diarioavanzada.com.mx\/index.php?rest_route=%2Fwp%2Fv2%2Fcomments&post=120652"}],"version-history":[{"count":1,"href":"https:\/\/diarioavanzada.com.mx\/index.php?rest_route=\/wp\/v2\/posts\/120652\/revisions"}],"predecessor-version":[{"id":120654,"href":"https:\/\/diarioavanzada.com.mx\/index.php?rest_route=\/wp\/v2\/posts\/120652\/revisions\/120654"}],"wp:featuredmedia":[{"embeddable":true,"href":"https:\/\/diarioavanzada.com.mx\/index.php?rest_route=\/wp\/v2\/media\/120653"}],"wp:attachment":[{"href":"https:\/\/diarioavanzada.com.mx\/index.php?rest_route=%2Fwp%2Fv2%2Fmedia&parent=120652"}],"wp:term":[{"taxonomy":"category","embeddable":true,"href":"https:\/\/diarioavanzada.com.mx\/index.php?rest_route=%2Fwp%2Fv2%2Fcategories&post=120652"},{"taxonomy":"post_tag","embeddable":true,"href":"https:\/\/diarioavanzada.com.mx\/index.php?rest_route=%2Fwp%2Fv2%2Ftags&post=120652"}],"curies":[{"name":"wp","href":"https:\/\/api.w.org\/{rel}","templated":true}]}}