{"id":120651,"date":"2026-04-26T10:45:14","date_gmt":"2026-04-26T16:45:14","guid":{"rendered":"https:\/\/diarioavanzada.com.mx\/?p=120651"},"modified":"2026-04-26T10:45:14","modified_gmt":"2026-04-26T16:45:14","slug":"regidora-de-mc-pide-aclarar-el-destino-de-57-millones-de-pesos-en-manzanillo","status":"publish","type":"post","link":"https:\/\/diarioavanzada.com.mx\/?p=120651","title":{"rendered":"Regidora de MC pide aclarar el destino de 57 millones de pesos en Manzanillo"},"content":{"rendered":"\n<p class=\"p1 wp-block-paragraph\">Manzanillo, Colima, Avanzada (26\/04\/2026).- Un monto de 57 millones de pesos sin claridad en su origen y destino fue se\u00f1alado en el Ayuntamiento de Manzanillo, luego de que la regidora de Movimiento Ciudadano, Ver\u00f3nica Mart\u00ednez Mart\u00ednez, advirtiera inconsistencias durante la revisi\u00f3n de la cuenta p\u00fablica.<\/p>\n\n\n\n<p class=\"p1 wp-block-paragraph\">En entrevista, la edil explic\u00f3 que dicho recurso aparece registrado en el cap\u00edtulo cuatro como transferencias a la seguridad social, un concepto que \u2014asegur\u00f3\u2014 no se hab\u00eda observado anteriormente y que comenz\u00f3 a reflejarse a partir de diciembre, acumulando hasta ahora los 57 millones de pesos. Indic\u00f3 que al cuestionar al tesorero municipal, la respuesta fue imprecisa, pues se atribuy\u00f3 de forma general a pensiones, sin un desglose claro.<\/p>\n\n\n\n<p class=\"p1 wp-block-paragraph\">\u201cEstamos hablando de un mundo de dinero y no sabemos de d\u00f3nde sali\u00f3 ni a d\u00f3nde se fue\u201d, expres\u00f3, al advertir que solicitar\u00e1n informaci\u00f3n detallada para esclarecer el uso de estos recursos.<\/p>\n\n\n\n<p class=\"p1 wp-block-paragraph\">La regidora tambi\u00e9n cuestion\u00f3 el incremento en el gasto de combustibles, al se\u00f1alar que en el primer trimestre de 2026 ya se superan los 10 millones de pesos, cuando en el mismo periodo de 2025 rondaban los 7 millones y en 2024 apenas alcanzaban los 3.5 millones. Consider\u00f3 que este aumento no se justifica, ya que \u2014dijo\u2014 no existe un mayor n\u00famero de unidades o equipo operativo que explique el alza.<\/p>\n\n\n\n<p class=\"p1 wp-block-paragraph\">En cuanto a los ingresos municipales, advirti\u00f3 que el Ayuntamiento enfrenta una baja importante, principalmente en la recaudaci\u00f3n de impuestos como el predial, con un d\u00e9ficit cercano a los 15 millones de pesos respecto a lo presupuestado. Aunque las participaciones federales han permitido amortiguar parcialmente la ca\u00edda, se\u00f1al\u00f3 que el municipio contin\u00faa por debajo de lo esperado en ingresos propios.<\/p>\n\n\n\n<p class=\"p1 wp-block-paragraph\">Por otra parte, Mart\u00ednez Mart\u00ednez se refiri\u00f3 al decreto recientemente aprobado en materia de feminicidios, el cual ya fue turnado a los cabildos. Si bien consider\u00f3 positivo que se impulsen reformas legales, subray\u00f3 que el principal reto sigue siendo su aplicaci\u00f3n efectiva.<\/p>\n\n\n\n<p class=\"p1 wp-block-paragraph\">\u201cEst\u00e1 bien que se reformen las leyes, pero el problema es que realmente se apliquen\u201d, apunt\u00f3, al se\u00f1alar que esta situaci\u00f3n no es exclusiva del estado, sino una problem\u00e1tica general en el pa\u00eds.<\/p>\n\n\n\n<p class=\"p2 wp-block-paragraph\">Finalmente, la regidora insisti\u00f3 en la necesidad de fortalecer la transparencia y rendici\u00f3n de cuentas, y subray\u00f3 que, ante la disminuci\u00f3n de ingresos, resulta fundamental garantizar el uso adecuado de los recursos p\u00fablicos en beneficio de la poblaci\u00f3n.<\/p>\n\n\n\n<p class=\"wp-block-paragraph\"><em>*En la fotograf\u00eda: la presidenta municipal de Manzanillo, Rosa Mar\u00eda Bayardo Cabrera.<\/em><\/p>\n<div class=\"fb-background-color\">\n\t\t\t  <div \n\t\t\t  \tclass = \"fb-comments\" \n\t\t\t  \tdata-href = \"https:\/\/diarioavanzada.com.mx\/?p=120651\"\n\t\t\t  \tdata-numposts = \"10\"\n\t\t\t  \tdata-lazy = \"true\"\n\t\t\t\tdata-colorscheme = \"light\"\n\t\t\t\tdata-order-by = \"social\"\n\t\t\t\tdata-mobile=true>\n\t\t\t  <\/div><\/div>\n\t\t  <style>\n\t\t    .fb-background-color {\n\t\t\t\tbackground:  !important;\n\t\t\t}\n\t\t\t.fb_iframe_widget_fluid_desktop iframe {\n\t\t\t    width: 100% !important;\n\t\t\t}\n\t\t  <\/style>\n\t\t  ","protected":false},"excerpt":{"rendered":"<p>Manzanillo, Colima, Avanzada (26\/04\/2026).- Un monto de 57 millones de pesos sin claridad en su origen y destino fue se\u00f1alado en el Ayuntamiento de Manzanillo, luego de que la regidora de Movimiento Ciudadano, Ver\u00f3nica Mart\u00ednez Mart\u00ednez, advirtiera inconsistencias durante la revisi\u00f3n de la cuenta p\u00fablica. En entrevista, la edil explic\u00f3 que dicho recurso aparece registrado [&hellip;]<\/p>\n","protected":false},"author":21,"featured_media":120650,"comment_status":"closed","ping_status":"closed","sticky":false,"template":"","format":"standard","meta":{"_coblocks_attr":"","_coblocks_dimensions":"","_coblocks_responsive_height":"","_coblocks_accordion_ie_support":"","_crdt_document":"","advanced_seo_description":"","jetpack_seo_html_title":"","jetpack_seo_noindex":false,"_jetpack_memberships_contains_paid_content":false,"footnotes":""},"categories":[19,1,209,7,29],"tags":[210],"class_list":["post-120651","post","type-post","status-publish","format-standard","has-post-thumbnail","hentry","category-colima","category-general","category-importantes","category-noticias","category-sociedad","tag-portada"],"jetpack_featured_media_url":"https:\/\/diarioavanzada.com.mx\/wp-content\/uploads\/2026\/04\/img_0581.jpg","jetpack-related-posts":[],"jetpack_sharing_enabled":true,"amp_enabled":true,"_links":{"self":[{"href":"https:\/\/diarioavanzada.com.mx\/index.php?rest_route=\/wp\/v2\/posts\/120651","targetHints":{"allow":["GET"]}}],"collection":[{"href":"https:\/\/diarioavanzada.com.mx\/index.php?rest_route=\/wp\/v2\/posts"}],"about":[{"href":"https:\/\/diarioavanzada.com.mx\/index.php?rest_route=\/wp\/v2\/types\/post"}],"author":[{"embeddable":true,"href":"https:\/\/diarioavanzada.com.mx\/index.php?rest_route=\/wp\/v2\/users\/21"}],"replies":[{"embeddable":true,"href":"https:\/\/diarioavanzada.com.mx\/index.php?rest_route=%2Fwp%2Fv2%2Fcomments&post=120651"}],"version-history":[{"count":0,"href":"https:\/\/diarioavanzada.com.mx\/index.php?rest_route=\/wp\/v2\/posts\/120651\/revisions"}],"wp:featuredmedia":[{"embeddable":true,"href":"https:\/\/diarioavanzada.com.mx\/index.php?rest_route=\/wp\/v2\/media\/120650"}],"wp:attachment":[{"href":"https:\/\/diarioavanzada.com.mx\/index.php?rest_route=%2Fwp%2Fv2%2Fmedia&parent=120651"}],"wp:term":[{"taxonomy":"category","embeddable":true,"href":"https:\/\/diarioavanzada.com.mx\/index.php?rest_route=%2Fwp%2Fv2%2Fcategories&post=120651"},{"taxonomy":"post_tag","embeddable":true,"href":"https:\/\/diarioavanzada.com.mx\/index.php?rest_route=%2Fwp%2Fv2%2Ftags&post=120651"}],"curies":[{"name":"wp","href":"https:\/\/api.w.org\/{rel}","templated":true}]}}