{"id":120630,"date":"2026-04-26T09:30:01","date_gmt":"2026-04-26T15:30:01","guid":{"rendered":"https:\/\/diarioavanzada.com.mx\/?p=120630"},"modified":"2026-04-26T09:30:06","modified_gmt":"2026-04-26T15:30:06","slug":"ofrece-roberto-abad-charla-sobre-literatura-fantastica-en-la-feria-del-libro-altexto-udec","status":"publish","type":"post","link":"https:\/\/diarioavanzada.com.mx\/?p=120630","title":{"rendered":"Ofrece Roberto Abad charla sobre literatura fant\u00e1stica en la Feria del Libro Altexto UdeC"},"content":{"rendered":"\n<p class=\"wp-block-paragraph\"><em>Este lunes 27 de abril, a las 12 horas, Roberto Abad recibir\u00e1 el <strong>Premio Bellas Artes de Narrativa Colima 2025<\/strong>, otorgado por el INBAL y la UdeC, por su obra \u201cUmbral\u201d, en la Pinacoteca Universitaria, durante una ceremonia abierta al p\u00fablico en general.<\/em><\/p>\n\n\n\n<p class=\"wp-block-paragraph\">Colima, M\u00e9xico, Comunicado (26\/04\/2026).- En el marco de la Feria del Libro Altexto UdeC 2026, el escritor Roberto Abad, ganador del Premio Bellas Artes de Narrativa Colima 2025, imparti\u00f3 la charla \u201cInvocaci\u00f3n literaria con Umbral: cuentos, influencias y augurios\u201d, en la Pinacoteca Universitaria, donde abord\u00f3 los procesos creativos y conceptuales detr\u00e1s de su obra.<\/p>\n\n\n\n<p class=\"wp-block-paragraph\">Durante la actividad, el autor realiz\u00f3 un recorrido por los libros que ha publicado, explicando el origen de sus historias, sus motivaciones y las estructuras narrativas que ha utilizado en cada uno de sus textos, destacando la importancia de la imaginaci\u00f3n como eje central de su propuesta literaria.<\/p>\n\n\n\n<p class=\"wp-block-paragraph\">Abad explic\u00f3 que el concepto de \u201cinvocaci\u00f3n\u201d est\u00e1 vinculado no s\u00f3lo con las historias de su obra, sino con la experiencia misma de la lectura, al considerar que los libros trascienden su forma material. \u201cLos libros son algo m\u00e1s que un objeto y papel con palabras impresas\u201d, expres\u00f3.<\/p>\n\n\n\n<p class=\"wp-block-paragraph\">Asimismo, reflexion\u00f3 sobre la literatura fant\u00e1stica como un espacio que permite explorar otras realidades y romper con esquemas tradicionales, al se\u00f1alar que existe un inter\u00e9s constante del p\u00fablico por acercarse a nuevas historias y perspectivas, al tiempo que evoc\u00f3 las figuras de Jorge Luis Borges y Elena Garro, entre otros escritores.<\/p>\n\n\n\n<p class=\"wp-block-paragraph\">La charla incluy\u00f3 din\u00e1micas de interacci\u00f3n con el p\u00fablico, entre ellas la interpretaci\u00f3n de fragmentos de sus cuentos, con el objetivo de involucrar a las y los asistentes en el ejercicio creativo y en la construcci\u00f3n de significados a trav\u00e9s de un proceso que llama \u201clibromancia\u201d o adivinaci\u00f3n a partir de un libro.<\/p>\n\n\n\n<p class=\"wp-block-paragraph\">Como parte del cierre, hubo una actividad participativa en la que el p\u00fablico formul\u00f3 preguntas a partir de los textos, lo que permiti\u00f3 generar un di\u00e1logo m\u00e1s cercano. \u201cSiento que logr\u00e9 el objetivo que fue interactuar, m\u00e1s all\u00e1 de venir como un autor a exponer mis ideas\u201d, coment\u00f3 a manera de cierre.<\/p>\n\n\n\n<p class=\"wp-block-paragraph\">La participaci\u00f3n de Roberto Abad se integr\u00f3 a la programaci\u00f3n de la feria, la cual busca promover la lectura y propiciar encuentros entre autores y lectores en distintos espacios culturales de la Universidad de Colima.<\/p>\n\n\n\n<p class=\"wp-block-paragraph\">Este lunes 27 de abril, a las 12 horas, Roberto Abad recibir\u00e1 el Premio Bellas Artes de Narrativa Colima 2025, otorgado por el INBAL y la UdeC, por su obra \u201cUmbral\u201d, en la Pinacoteca Universitaria, durante una ceremonia abierta al p\u00fablico en general.<\/p>\n\n\n\n<figure class=\"wp-block-image size-large\"><img loading=\"lazy\" decoding=\"async\" width=\"1024\" height=\"684\" src=\"https:\/\/diarioavanzada.com.mx\/wp-content\/uploads\/2026\/04\/Roberto-Abad-premio-Narrativa-Colima-2025-da-charla-sobre-literatura-en-Altexto-2026_d-1-1024x684.jpg\" alt=\"\" class=\"wp-image-120634\" srcset=\"https:\/\/diarioavanzada.com.mx\/wp-content\/uploads\/2026\/04\/Roberto-Abad-premio-Narrativa-Colima-2025-da-charla-sobre-literatura-en-Altexto-2026_d-1-1024x684.jpg 1024w, https:\/\/diarioavanzada.com.mx\/wp-content\/uploads\/2026\/04\/Roberto-Abad-premio-Narrativa-Colima-2025-da-charla-sobre-literatura-en-Altexto-2026_d-1-300x200.jpg 300w, https:\/\/diarioavanzada.com.mx\/wp-content\/uploads\/2026\/04\/Roberto-Abad-premio-Narrativa-Colima-2025-da-charla-sobre-literatura-en-Altexto-2026_d-1-768x513.jpg 768w, https:\/\/diarioavanzada.com.mx\/wp-content\/uploads\/2026\/04\/Roberto-Abad-premio-Narrativa-Colima-2025-da-charla-sobre-literatura-en-Altexto-2026_d-1-1536x1025.jpg 1536w, https:\/\/diarioavanzada.com.mx\/wp-content\/uploads\/2026\/04\/Roberto-Abad-premio-Narrativa-Colima-2025-da-charla-sobre-literatura-en-Altexto-2026_d-1-2048x1367.jpg 2048w, https:\/\/diarioavanzada.com.mx\/wp-content\/uploads\/2026\/04\/Roberto-Abad-premio-Narrativa-Colima-2025-da-charla-sobre-literatura-en-Altexto-2026_d-1-1200x801.jpg 1200w\" sizes=\"auto, (max-width: 1024px) 100vw, 1024px\" \/><\/figure>\n\n\n\n<figure class=\"wp-block-image size-large\"><img loading=\"lazy\" decoding=\"async\" width=\"1024\" height=\"684\" src=\"https:\/\/diarioavanzada.com.mx\/wp-content\/uploads\/2026\/04\/Roberto-Abad-premio-Narrativa-Colima-2025-da-charla-sobre-literatura-en-Altexto-2026_a-1024x684.jpg\" alt=\"\" class=\"wp-image-120633\" srcset=\"https:\/\/diarioavanzada.com.mx\/wp-content\/uploads\/2026\/04\/Roberto-Abad-premio-Narrativa-Colima-2025-da-charla-sobre-literatura-en-Altexto-2026_a-1024x684.jpg 1024w, https:\/\/diarioavanzada.com.mx\/wp-content\/uploads\/2026\/04\/Roberto-Abad-premio-Narrativa-Colima-2025-da-charla-sobre-literatura-en-Altexto-2026_a-300x200.jpg 300w, https:\/\/diarioavanzada.com.mx\/wp-content\/uploads\/2026\/04\/Roberto-Abad-premio-Narrativa-Colima-2025-da-charla-sobre-literatura-en-Altexto-2026_a-768x513.jpg 768w, https:\/\/diarioavanzada.com.mx\/wp-content\/uploads\/2026\/04\/Roberto-Abad-premio-Narrativa-Colima-2025-da-charla-sobre-literatura-en-Altexto-2026_a-1536x1025.jpg 1536w, https:\/\/diarioavanzada.com.mx\/wp-content\/uploads\/2026\/04\/Roberto-Abad-premio-Narrativa-Colima-2025-da-charla-sobre-literatura-en-Altexto-2026_a-2048x1367.jpg 2048w, https:\/\/diarioavanzada.com.mx\/wp-content\/uploads\/2026\/04\/Roberto-Abad-premio-Narrativa-Colima-2025-da-charla-sobre-literatura-en-Altexto-2026_a-1200x801.jpg 1200w\" sizes=\"auto, (max-width: 1024px) 100vw, 1024px\" \/><\/figure>\n\n\n\n<figure class=\"wp-block-image size-large\"><img loading=\"lazy\" decoding=\"async\" width=\"1024\" height=\"684\" src=\"https:\/\/diarioavanzada.com.mx\/wp-content\/uploads\/2026\/04\/Roberto-Abad-premio-Narrativa-Colima-2025-da-charla-sobre-literatura-en-Altexto-2026_c-1024x684.jpg\" alt=\"\" class=\"wp-image-120632\" srcset=\"https:\/\/diarioavanzada.com.mx\/wp-content\/uploads\/2026\/04\/Roberto-Abad-premio-Narrativa-Colima-2025-da-charla-sobre-literatura-en-Altexto-2026_c-1024x684.jpg 1024w, https:\/\/diarioavanzada.com.mx\/wp-content\/uploads\/2026\/04\/Roberto-Abad-premio-Narrativa-Colima-2025-da-charla-sobre-literatura-en-Altexto-2026_c-300x200.jpg 300w, https:\/\/diarioavanzada.com.mx\/wp-content\/uploads\/2026\/04\/Roberto-Abad-premio-Narrativa-Colima-2025-da-charla-sobre-literatura-en-Altexto-2026_c-768x513.jpg 768w, https:\/\/diarioavanzada.com.mx\/wp-content\/uploads\/2026\/04\/Roberto-Abad-premio-Narrativa-Colima-2025-da-charla-sobre-literatura-en-Altexto-2026_c-1536x1025.jpg 1536w, https:\/\/diarioavanzada.com.mx\/wp-content\/uploads\/2026\/04\/Roberto-Abad-premio-Narrativa-Colima-2025-da-charla-sobre-literatura-en-Altexto-2026_c-2048x1367.jpg 2048w, https:\/\/diarioavanzada.com.mx\/wp-content\/uploads\/2026\/04\/Roberto-Abad-premio-Narrativa-Colima-2025-da-charla-sobre-literatura-en-Altexto-2026_c-1200x801.jpg 1200w\" sizes=\"auto, (max-width: 1024px) 100vw, 1024px\" \/><\/figure>\n\n\n\n<figure class=\"wp-block-image size-large\"><img loading=\"lazy\" decoding=\"async\" width=\"1024\" height=\"684\" src=\"https:\/\/diarioavanzada.com.mx\/wp-content\/uploads\/2026\/04\/Roberto-Abad-premio-Narrativa-Colima-2025-da-charla-sobre-literatura-en-Altexto-2026-1024x684.jpg\" alt=\"\" class=\"wp-image-120635\" srcset=\"https:\/\/diarioavanzada.com.mx\/wp-content\/uploads\/2026\/04\/Roberto-Abad-premio-Narrativa-Colima-2025-da-charla-sobre-literatura-en-Altexto-2026-1024x684.jpg 1024w, https:\/\/diarioavanzada.com.mx\/wp-content\/uploads\/2026\/04\/Roberto-Abad-premio-Narrativa-Colima-2025-da-charla-sobre-literatura-en-Altexto-2026-300x200.jpg 300w, https:\/\/diarioavanzada.com.mx\/wp-content\/uploads\/2026\/04\/Roberto-Abad-premio-Narrativa-Colima-2025-da-charla-sobre-literatura-en-Altexto-2026-768x513.jpg 768w, https:\/\/diarioavanzada.com.mx\/wp-content\/uploads\/2026\/04\/Roberto-Abad-premio-Narrativa-Colima-2025-da-charla-sobre-literatura-en-Altexto-2026-1536x1025.jpg 1536w, https:\/\/diarioavanzada.com.mx\/wp-content\/uploads\/2026\/04\/Roberto-Abad-premio-Narrativa-Colima-2025-da-charla-sobre-literatura-en-Altexto-2026-2048x1367.jpg 2048w, https:\/\/diarioavanzada.com.mx\/wp-content\/uploads\/2026\/04\/Roberto-Abad-premio-Narrativa-Colima-2025-da-charla-sobre-literatura-en-Altexto-2026-1200x801.jpg 1200w\" sizes=\"auto, (max-width: 1024px) 100vw, 1024px\" \/><\/figure>\n\n\n\n<figure class=\"wp-block-image size-large\"><img loading=\"lazy\" decoding=\"async\" width=\"1024\" height=\"684\" src=\"https:\/\/diarioavanzada.com.mx\/wp-content\/uploads\/2026\/04\/Roberto-Abad-premio-Narrativa-Colima-2025-da-charla-sobre-literatura-en-Altexto-2026_a-2-1024x684.jpg\" alt=\"\" class=\"wp-image-120637\" srcset=\"https:\/\/diarioavanzada.com.mx\/wp-content\/uploads\/2026\/04\/Roberto-Abad-premio-Narrativa-Colima-2025-da-charla-sobre-literatura-en-Altexto-2026_a-2-1024x684.jpg 1024w, https:\/\/diarioavanzada.com.mx\/wp-content\/uploads\/2026\/04\/Roberto-Abad-premio-Narrativa-Colima-2025-da-charla-sobre-literatura-en-Altexto-2026_a-2-300x200.jpg 300w, https:\/\/diarioavanzada.com.mx\/wp-content\/uploads\/2026\/04\/Roberto-Abad-premio-Narrativa-Colima-2025-da-charla-sobre-literatura-en-Altexto-2026_a-2-768x513.jpg 768w, https:\/\/diarioavanzada.com.mx\/wp-content\/uploads\/2026\/04\/Roberto-Abad-premio-Narrativa-Colima-2025-da-charla-sobre-literatura-en-Altexto-2026_a-2-1536x1025.jpg 1536w, https:\/\/diarioavanzada.com.mx\/wp-content\/uploads\/2026\/04\/Roberto-Abad-premio-Narrativa-Colima-2025-da-charla-sobre-literatura-en-Altexto-2026_a-2-2048x1367.jpg 2048w, https:\/\/diarioavanzada.com.mx\/wp-content\/uploads\/2026\/04\/Roberto-Abad-premio-Narrativa-Colima-2025-da-charla-sobre-literatura-en-Altexto-2026_a-2-1200x801.jpg 1200w\" sizes=\"auto, (max-width: 1024px) 100vw, 1024px\" \/><\/figure>\n<div class=\"fb-background-color\">\n\t\t\t  <div \n\t\t\t  \tclass = \"fb-comments\" \n\t\t\t  \tdata-href = \"https:\/\/diarioavanzada.com.mx\/?p=120630\"\n\t\t\t  \tdata-numposts = \"10\"\n\t\t\t  \tdata-lazy = \"true\"\n\t\t\t\tdata-colorscheme = \"light\"\n\t\t\t\tdata-order-by = \"social\"\n\t\t\t\tdata-mobile=true>\n\t\t\t  <\/div><\/div>\n\t\t  <style>\n\t\t    .fb-background-color {\n\t\t\t\tbackground:  !important;\n\t\t\t}\n\t\t\t.fb_iframe_widget_fluid_desktop iframe {\n\t\t\t    width: 100% !important;\n\t\t\t}\n\t\t  <\/style>\n\t\t  ","protected":false},"excerpt":{"rendered":"<p>Este lunes 27 de abril, a las 12 horas, Roberto Abad recibir\u00e1 el Premio Bellas Artes de Narrativa Colima 2025, otorgado por el INBAL y la UdeC, por su obra \u201cUmbral\u201d, en la Pinacoteca Universitaria, durante una ceremonia abierta al p\u00fablico en general. Colima, M\u00e9xico, Comunicado (26\/04\/2026).- En el marco de la Feria del Libro [&hellip;]<\/p>\n","protected":false},"author":7,"featured_media":120639,"comment_status":"closed","ping_status":"closed","sticky":false,"template":"","format":"standard","meta":{"_coblocks_attr":"","_coblocks_dimensions":"","_coblocks_responsive_height":"","_coblocks_accordion_ie_support":"","_crdt_document":"","advanced_seo_description":"","jetpack_seo_html_title":"","jetpack_seo_noindex":false,"_jetpack_memberships_contains_paid_content":false,"footnotes":""},"categories":[19,25,209],"tags":[],"class_list":["post-120630","post","type-post","status-publish","format-standard","has-post-thumbnail","hentry","category-colima","category-cultura","category-importantes"],"jetpack_featured_media_url":"https:\/\/diarioavanzada.com.mx\/wp-content\/uploads\/2026\/04\/Roberto-Abad-premio-Narrativa-Colima-2025-da-charla-sobre-literatura-en-Altexto-2026_e-1.jpg","jetpack-related-posts":[],"jetpack_sharing_enabled":true,"amp_enabled":true,"_links":{"self":[{"href":"https:\/\/diarioavanzada.com.mx\/index.php?rest_route=\/wp\/v2\/posts\/120630","targetHints":{"allow":["GET"]}}],"collection":[{"href":"https:\/\/diarioavanzada.com.mx\/index.php?rest_route=\/wp\/v2\/posts"}],"about":[{"href":"https:\/\/diarioavanzada.com.mx\/index.php?rest_route=\/wp\/v2\/types\/post"}],"author":[{"embeddable":true,"href":"https:\/\/diarioavanzada.com.mx\/index.php?rest_route=\/wp\/v2\/users\/7"}],"replies":[{"embeddable":true,"href":"https:\/\/diarioavanzada.com.mx\/index.php?rest_route=%2Fwp%2Fv2%2Fcomments&post=120630"}],"version-history":[{"count":6,"href":"https:\/\/diarioavanzada.com.mx\/index.php?rest_route=\/wp\/v2\/posts\/120630\/revisions"}],"predecessor-version":[{"id":120642,"href":"https:\/\/diarioavanzada.com.mx\/index.php?rest_route=\/wp\/v2\/posts\/120630\/revisions\/120642"}],"wp:featuredmedia":[{"embeddable":true,"href":"https:\/\/diarioavanzada.com.mx\/index.php?rest_route=\/wp\/v2\/media\/120639"}],"wp:attachment":[{"href":"https:\/\/diarioavanzada.com.mx\/index.php?rest_route=%2Fwp%2Fv2%2Fmedia&parent=120630"}],"wp:term":[{"taxonomy":"category","embeddable":true,"href":"https:\/\/diarioavanzada.com.mx\/index.php?rest_route=%2Fwp%2Fv2%2Fcategories&post=120630"},{"taxonomy":"post_tag","embeddable":true,"href":"https:\/\/diarioavanzada.com.mx\/index.php?rest_route=%2Fwp%2Fv2%2Ftags&post=120630"}],"curies":[{"name":"wp","href":"https:\/\/api.w.org\/{rel}","templated":true}]}}