{"id":120629,"date":"2026-04-25T19:28:21","date_gmt":"2026-04-26T01:28:21","guid":{"rendered":"https:\/\/diarioavanzada.com.mx\/?p=120629"},"modified":"2026-04-25T19:28:21","modified_gmt":"2026-04-26T01:28:21","slug":"activan-alerta-alba-en-colima-por-desaparicion-de-irma-ferrel-orcino-en-tecoman","status":"publish","type":"post","link":"https:\/\/diarioavanzada.com.mx\/?p=120629","title":{"rendered":"Activan Alerta Alba en Colima por desaparici\u00f3n de Irma Ferrel Orcino en Tecom\u00e1n"},"content":{"rendered":"\n<p class=\"p1 wp-block-paragraph\"><em>La mujer de 46 a\u00f1os fue vista por \u00faltima vez la ma\u00f1ana del 23 de abril en la colonia Centro de Cerro de Ortega; autoridades piden apoyo ciudadano para localizarla.<\/em><\/p>\n\n\n\n<p class=\"p2 wp-block-paragraph\">Colima, M\u00e9xico, Avanzada (25\/04\/2026).- La Fiscal\u00eda General del Estado de Colima activ\u00f3 una Alerta Alba para la b\u00fasqueda y localizaci\u00f3n de Irma Ferrel Orcino, de 46 a\u00f1os de edad, quien fue reportada como desaparecida en el municipio de Tecom\u00e1n.<\/p>\n\n\n\n<p class=\"p2 wp-block-paragraph\">De acuerdo con la informaci\u00f3n oficial, la mujer fue vista por \u00faltima vez el pasado 23 de abril, aproximadamente a las 07:00 horas, en la colonia Centro de la localidad de Cerro de Ortega. Desde entonces, se desconoce su paradero.<\/p>\n\n\n\n<p class=\"p2 wp-block-paragraph\">Irma Ferrel Orcino mide aproximadamente 1.60 metros de estatura, es de tez morena y complexi\u00f3n robusta. Tiene el cabello lacio, corto y de color negro; rostro ovalado, frente amplia, cejas poco pobladas y ojos caf\u00e9 oscuro. Como se\u00f1as particulares, presenta nariz peque\u00f1a, boca mediana, labios regulares y orejas chicas.<\/p>\n\n\n\n<p class=\"p2 wp-block-paragraph\">La autoridad estatal solicit\u00f3 la colaboraci\u00f3n de la ciudadan\u00eda para aportar cualquier informaci\u00f3n que pueda contribuir a su localizaci\u00f3n. Para ello, puso a disposici\u00f3n diversos n\u00fameros telef\u00f3nicos de la Fiscal\u00eda General del Estado, donde se pueden realizar reportes de manera an\u00f3nima.<\/p>\n\n\n\n<p class=\"p3 wp-block-paragraph\">Hasta el momento no se han dado a conocer mayores detalles sobre las circunstancias de su desaparici\u00f3n, mientras contin\u00faan las labores de b\u00fasqueda.<\/p>\n\n\n\n<figure class=\"wp-block-image size-large\"><img loading=\"lazy\" decoding=\"async\" width=\"772\" height=\"1024\" src=\"https:\/\/diarioavanzada.com.mx\/wp-content\/uploads\/2026\/04\/img_2096-772x1024.jpg\" class=\"wp-image-120627\" srcset=\"https:\/\/diarioavanzada.com.mx\/wp-content\/uploads\/2026\/04\/img_2096-772x1024.jpg 772w, https:\/\/diarioavanzada.com.mx\/wp-content\/uploads\/2026\/04\/img_2096-226x300.jpg 226w, https:\/\/diarioavanzada.com.mx\/wp-content\/uploads\/2026\/04\/img_2096-768x1019.jpg 768w, https:\/\/diarioavanzada.com.mx\/wp-content\/uploads\/2026\/04\/img_2096.jpg 1124w\" sizes=\"auto, (max-width: 772px) 100vw, 772px\" \/><\/figure>\n<div class=\"fb-background-color\">\n\t\t\t  <div \n\t\t\t  \tclass = \"fb-comments\" \n\t\t\t  \tdata-href = \"https:\/\/diarioavanzada.com.mx\/?p=120629\"\n\t\t\t  \tdata-numposts = \"10\"\n\t\t\t  \tdata-lazy = \"true\"\n\t\t\t\tdata-colorscheme = \"light\"\n\t\t\t\tdata-order-by = \"social\"\n\t\t\t\tdata-mobile=true>\n\t\t\t  <\/div><\/div>\n\t\t  <style>\n\t\t    .fb-background-color {\n\t\t\t\tbackground:  !important;\n\t\t\t}\n\t\t\t.fb_iframe_widget_fluid_desktop iframe {\n\t\t\t    width: 100% !important;\n\t\t\t}\n\t\t  <\/style>\n\t\t  ","protected":false},"excerpt":{"rendered":"<p>La mujer de 46 a\u00f1os fue vista por \u00faltima vez la ma\u00f1ana del 23 de abril en la colonia Centro de Cerro de Ortega; autoridades piden apoyo ciudadano para localizarla. Colima, M\u00e9xico, Avanzada (25\/04\/2026).- La Fiscal\u00eda General del Estado de Colima activ\u00f3 una Alerta Alba para la b\u00fasqueda y localizaci\u00f3n de Irma Ferrel Orcino, de [&hellip;]<\/p>\n","protected":false},"author":7,"featured_media":120628,"comment_status":"closed","ping_status":"closed","sticky":false,"template":"","format":"standard","meta":{"_coblocks_attr":"","_coblocks_dimensions":"","_coblocks_responsive_height":"","_coblocks_accordion_ie_support":"","_crdt_document":"","advanced_seo_description":"","jetpack_seo_html_title":"","jetpack_seo_noindex":false,"_jetpack_memberships_contains_paid_content":false,"footnotes":""},"categories":[19,1,209,7,231,29],"tags":[210],"class_list":["post-120629","post","type-post","status-publish","format-standard","has-post-thumbnail","hentry","category-colima","category-general","category-importantes","category-noticias","category-seguridad","category-sociedad","tag-portada"],"jetpack_featured_media_url":"https:\/\/diarioavanzada.com.mx\/wp-content\/uploads\/2026\/04\/img_2098.png","jetpack-related-posts":[],"jetpack_sharing_enabled":true,"amp_enabled":true,"_links":{"self":[{"href":"https:\/\/diarioavanzada.com.mx\/index.php?rest_route=\/wp\/v2\/posts\/120629","targetHints":{"allow":["GET"]}}],"collection":[{"href":"https:\/\/diarioavanzada.com.mx\/index.php?rest_route=\/wp\/v2\/posts"}],"about":[{"href":"https:\/\/diarioavanzada.com.mx\/index.php?rest_route=\/wp\/v2\/types\/post"}],"author":[{"embeddable":true,"href":"https:\/\/diarioavanzada.com.mx\/index.php?rest_route=\/wp\/v2\/users\/7"}],"replies":[{"embeddable":true,"href":"https:\/\/diarioavanzada.com.mx\/index.php?rest_route=%2Fwp%2Fv2%2Fcomments&post=120629"}],"version-history":[{"count":0,"href":"https:\/\/diarioavanzada.com.mx\/index.php?rest_route=\/wp\/v2\/posts\/120629\/revisions"}],"wp:featuredmedia":[{"embeddable":true,"href":"https:\/\/diarioavanzada.com.mx\/index.php?rest_route=\/wp\/v2\/media\/120628"}],"wp:attachment":[{"href":"https:\/\/diarioavanzada.com.mx\/index.php?rest_route=%2Fwp%2Fv2%2Fmedia&parent=120629"}],"wp:term":[{"taxonomy":"category","embeddable":true,"href":"https:\/\/diarioavanzada.com.mx\/index.php?rest_route=%2Fwp%2Fv2%2Fcategories&post=120629"},{"taxonomy":"post_tag","embeddable":true,"href":"https:\/\/diarioavanzada.com.mx\/index.php?rest_route=%2Fwp%2Fv2%2Ftags&post=120629"}],"curies":[{"name":"wp","href":"https:\/\/api.w.org\/{rel}","templated":true}]}}