{"id":120608,"date":"2026-04-25T07:23:21","date_gmt":"2026-04-25T13:23:21","guid":{"rendered":"https:\/\/diarioavanzada.com.mx\/?p=120608"},"modified":"2026-04-25T07:24:37","modified_gmt":"2026-04-25T13:24:37","slug":"se-busca-lorenzo-tiene-25-anos-de-edad-desaparecio-el-20-de-abril-en-la-ciudad-de-colima","status":"publish","type":"post","link":"https:\/\/diarioavanzada.com.mx\/?p=120608","title":{"rendered":"Se busca: Lorenzo tiene 25 a\u00f1os de edad, desapareci\u00f3 el 20 de abril en la ciudad de Colima"},"content":{"rendered":"\n<p class=\"p2 wp-block-paragraph\">Colima, M\u00e9xico, Avanzada (25\/04\/2026).\u2013 La Comisi\u00f3n de B\u00fasqueda de Personas del Estado de Colima emiti\u00f3 una ficha para localizar a Lorenzo Antonio Aparicio N\u00fa\u00f1ez, de 25 a\u00f1os de edad, quien fue reportado como desaparecido tras ser visto por \u00faltima vez el pasado 20 de abril de 2026 en la ciudad de Colima.<\/p>\n\n\n\n<p class=\"p2 wp-block-paragraph\">De acuerdo con la informaci\u00f3n oficial, el joven es de sexo masculino, mide aproximadamente 1.74 metros de estatura y tiene complexi\u00f3n con rostro ovalado. Presenta tez morena, ojos medianos de color caf\u00e9 oscuro, nariz regular con punta redonda y cabello corto, rizado y de color negro.<\/p>\n\n\n\n<p class=\"p2 wp-block-paragraph\">Como se\u00f1as particulares, Lorenzo Antonio tiene un lunar en uno de sus brazos, as\u00ed como hoyos de nacimiento en la parte superior de las orejas. Hasta el momento, se desconoce la vestimenta que portaba al momento de su desaparici\u00f3n.<\/p>\n\n\n\n<p class=\"p2 wp-block-paragraph\">La fecha de reporte fue registrada el 24 de abril de 2026, por lo que las autoridades activaron los protocolos de b\u00fasqueda y solicitaron la colaboraci\u00f3n de la ciudadan\u00eda para aportar cualquier informaci\u00f3n que permita dar con su paradero.<\/p>\n\n\n\n<p class=\"p3 wp-block-paragraph\">Para ello, la Comisi\u00f3n de B\u00fasqueda puso a disposici\u00f3n el n\u00famero telef\u00f3nico 312 131 3809, reiterando el llamado urgente a la poblaci\u00f3n para contribuir en la localizaci\u00f3n del joven.<\/p>\n\n\n\n<figure class=\"wp-block-image size-large\"><img loading=\"lazy\" decoding=\"async\" width=\"940\" height=\"788\" src=\"https:\/\/diarioavanzada.com.mx\/wp-content\/uploads\/2026\/04\/img_0561.jpg\" alt=\"\" class=\"wp-image-120606\" srcset=\"https:\/\/diarioavanzada.com.mx\/wp-content\/uploads\/2026\/04\/img_0561.jpg 940w, https:\/\/diarioavanzada.com.mx\/wp-content\/uploads\/2026\/04\/img_0561-300x251.jpg 300w, https:\/\/diarioavanzada.com.mx\/wp-content\/uploads\/2026\/04\/img_0561-768x644.jpg 768w\" sizes=\"auto, (max-width: 940px) 100vw, 940px\" \/><\/figure>\n<div class=\"fb-background-color\">\n\t\t\t  <div \n\t\t\t  \tclass = \"fb-comments\" \n\t\t\t  \tdata-href = \"https:\/\/diarioavanzada.com.mx\/?p=120608\"\n\t\t\t  \tdata-numposts = \"10\"\n\t\t\t  \tdata-lazy = \"true\"\n\t\t\t\tdata-colorscheme = \"light\"\n\t\t\t\tdata-order-by = \"social\"\n\t\t\t\tdata-mobile=true>\n\t\t\t  <\/div><\/div>\n\t\t  <style>\n\t\t    .fb-background-color {\n\t\t\t\tbackground:  !important;\n\t\t\t}\n\t\t\t.fb_iframe_widget_fluid_desktop iframe {\n\t\t\t    width: 100% !important;\n\t\t\t}\n\t\t  <\/style>\n\t\t  ","protected":false},"excerpt":{"rendered":"<p>Colima, M\u00e9xico, Avanzada (25\/04\/2026).\u2013 La Comisi\u00f3n de B\u00fasqueda de Personas del Estado de Colima emiti\u00f3 una ficha para localizar a Lorenzo Antonio Aparicio N\u00fa\u00f1ez, de 25 a\u00f1os de edad, quien fue reportado como desaparecido tras ser visto por \u00faltima vez el pasado 20 de abril de 2026 en la ciudad de Colima. De acuerdo con [&hellip;]<\/p>\n","protected":false},"author":7,"featured_media":120610,"comment_status":"closed","ping_status":"closed","sticky":false,"template":"","format":"standard","meta":{"_coblocks_attr":"","_coblocks_dimensions":"","_coblocks_responsive_height":"","_coblocks_accordion_ie_support":"","_crdt_document":"","advanced_seo_description":"","jetpack_seo_html_title":"","jetpack_seo_noindex":false,"_jetpack_memberships_contains_paid_content":false,"footnotes":""},"categories":[19,1,209,7,231],"tags":[210],"class_list":["post-120608","post","type-post","status-publish","format-standard","has-post-thumbnail","hentry","category-colima","category-general","category-importantes","category-noticias","category-seguridad","tag-portada"],"jetpack_featured_media_url":"https:\/\/diarioavanzada.com.mx\/wp-content\/uploads\/2026\/04\/img_0569.png","jetpack-related-posts":[],"jetpack_sharing_enabled":true,"amp_enabled":true,"_links":{"self":[{"href":"https:\/\/diarioavanzada.com.mx\/index.php?rest_route=\/wp\/v2\/posts\/120608","targetHints":{"allow":["GET"]}}],"collection":[{"href":"https:\/\/diarioavanzada.com.mx\/index.php?rest_route=\/wp\/v2\/posts"}],"about":[{"href":"https:\/\/diarioavanzada.com.mx\/index.php?rest_route=\/wp\/v2\/types\/post"}],"author":[{"embeddable":true,"href":"https:\/\/diarioavanzada.com.mx\/index.php?rest_route=\/wp\/v2\/users\/7"}],"replies":[{"embeddable":true,"href":"https:\/\/diarioavanzada.com.mx\/index.php?rest_route=%2Fwp%2Fv2%2Fcomments&post=120608"}],"version-history":[{"count":1,"href":"https:\/\/diarioavanzada.com.mx\/index.php?rest_route=\/wp\/v2\/posts\/120608\/revisions"}],"predecessor-version":[{"id":120609,"href":"https:\/\/diarioavanzada.com.mx\/index.php?rest_route=\/wp\/v2\/posts\/120608\/revisions\/120609"}],"wp:featuredmedia":[{"embeddable":true,"href":"https:\/\/diarioavanzada.com.mx\/index.php?rest_route=\/wp\/v2\/media\/120610"}],"wp:attachment":[{"href":"https:\/\/diarioavanzada.com.mx\/index.php?rest_route=%2Fwp%2Fv2%2Fmedia&parent=120608"}],"wp:term":[{"taxonomy":"category","embeddable":true,"href":"https:\/\/diarioavanzada.com.mx\/index.php?rest_route=%2Fwp%2Fv2%2Fcategories&post=120608"},{"taxonomy":"post_tag","embeddable":true,"href":"https:\/\/diarioavanzada.com.mx\/index.php?rest_route=%2Fwp%2Fv2%2Ftags&post=120608"}],"curies":[{"name":"wp","href":"https:\/\/api.w.org\/{rel}","templated":true}]}}