{"id":120603,"date":"2026-04-25T06:52:00","date_gmt":"2026-04-25T12:52:00","guid":{"rendered":"https:\/\/diarioavanzada.com.mx\/?p=120603"},"modified":"2026-04-25T07:01:06","modified_gmt":"2026-04-25T13:01:06","slug":"activan-alerta-alba-en-colima-por-desaparicion-de-selene-yazmin-padron-silva-en-manzanillo","status":"publish","type":"post","link":"https:\/\/diarioavanzada.com.mx\/?p=120603","title":{"rendered":"Activan Alerta Alba en Colima por desaparici\u00f3n de Selene Yazm\u00edn Padr\u00f3n Silva en Manzanillo"},"content":{"rendered":"\n<p class=\"p2 wp-block-paragraph\">Colima, M\u00e9xico, Avanzada (25\/04\/2026).\u2013 La Fiscal\u00eda General del Estado de Colima activ\u00f3 una Alerta Alba para la localizaci\u00f3n de Selene Yazm\u00edn Padr\u00f3n Silva, de 29 a\u00f1os de edad, quien fue reportada como desaparecida tras ser vista por \u00faltima vez el pasado 13 de marzo de 2026 en el barrio 1 del Valle de las Garzas, en el municipio de Manzanillo.<\/p>\n\n\n\n<p class=\"p2 wp-block-paragraph\">De acuerdo con la ficha de b\u00fasqueda, Selene es de complexi\u00f3n delgada, estatura aproximada de 1.65 metros, tez blanca y rostro redondo. Presenta cejas semipobladas, nariz chata, boca chica, labios delgados y ment\u00f3n peque\u00f1o. Sus ojos son grandes y redondos, de color caf\u00e9 claro, mientras que su cabello es ondulado, largo y de tono casta\u00f1o claro.<\/p>\n\n\n\n<p class=\"p2 wp-block-paragraph\">La autoridad estatal solicit\u00f3 el apoyo de la ciudadan\u00eda para aportar cualquier informaci\u00f3n que contribuya a dar con su paradero, poniendo a disposici\u00f3n diversos n\u00fameros telef\u00f3nicos de la Fiscal\u00eda General del Estado.<\/p>\n\n\n\n<p class=\"p3 wp-block-paragraph\">El caso se encuentra bajo investigaci\u00f3n, y las autoridades reiteraron el llamado a la poblaci\u00f3n para colaborar con cualquier dato que pueda ser relevante, en un contexto donde la participaci\u00f3n ciudadana resulta clave en la localizaci\u00f3n de personas desaparecidas.<\/p>\n\n\n\n<figure class=\"wp-block-image size-large\"><img loading=\"lazy\" decoding=\"async\" width=\"450\" height=\"600\" src=\"https:\/\/diarioavanzada.com.mx\/wp-content\/uploads\/2026\/04\/img_0563.jpg\" class=\"wp-image-120601\" srcset=\"https:\/\/diarioavanzada.com.mx\/wp-content\/uploads\/2026\/04\/img_0563.jpg 450w, https:\/\/diarioavanzada.com.mx\/wp-content\/uploads\/2026\/04\/img_0563-225x300.jpg 225w\" sizes=\"auto, (max-width: 450px) 100vw, 450px\" \/><\/figure>\n<div class=\"fb-background-color\">\n\t\t\t  <div \n\t\t\t  \tclass = \"fb-comments\" \n\t\t\t  \tdata-href = \"https:\/\/diarioavanzada.com.mx\/?p=120603\"\n\t\t\t  \tdata-numposts = \"10\"\n\t\t\t  \tdata-lazy = \"true\"\n\t\t\t\tdata-colorscheme = \"light\"\n\t\t\t\tdata-order-by = \"social\"\n\t\t\t\tdata-mobile=true>\n\t\t\t  <\/div><\/div>\n\t\t  <style>\n\t\t    .fb-background-color {\n\t\t\t\tbackground:  !important;\n\t\t\t}\n\t\t\t.fb_iframe_widget_fluid_desktop iframe {\n\t\t\t    width: 100% !important;\n\t\t\t}\n\t\t  <\/style>\n\t\t  ","protected":false},"excerpt":{"rendered":"<p>Colima, M\u00e9xico, Avanzada (25\/04\/2026).\u2013 La Fiscal\u00eda General del Estado de Colima activ\u00f3 una Alerta Alba para la localizaci\u00f3n de Selene Yazm\u00edn Padr\u00f3n Silva, de 29 a\u00f1os de edad, quien fue reportada como desaparecida tras ser vista por \u00faltima vez el pasado 13 de marzo de 2026 en el barrio 1 del Valle de las Garzas, [&hellip;]<\/p>\n","protected":false},"author":7,"featured_media":120604,"comment_status":"closed","ping_status":"closed","sticky":false,"template":"","format":"standard","meta":{"_coblocks_attr":"","_coblocks_dimensions":"","_coblocks_responsive_height":"","_coblocks_accordion_ie_support":"","_crdt_document":"","advanced_seo_description":"","jetpack_seo_html_title":"","jetpack_seo_noindex":false,"_jetpack_memberships_contains_paid_content":false,"footnotes":""},"categories":[19,1,209,7,231,29],"tags":[210],"class_list":["post-120603","post","type-post","status-publish","format-standard","has-post-thumbnail","hentry","category-colima","category-general","category-importantes","category-noticias","category-seguridad","category-sociedad","tag-portada"],"jetpack_featured_media_url":"https:\/\/diarioavanzada.com.mx\/wp-content\/uploads\/2026\/04\/img_0563-1.jpg","jetpack-related-posts":[],"jetpack_sharing_enabled":true,"amp_enabled":true,"_links":{"self":[{"href":"https:\/\/diarioavanzada.com.mx\/index.php?rest_route=\/wp\/v2\/posts\/120603","targetHints":{"allow":["GET"]}}],"collection":[{"href":"https:\/\/diarioavanzada.com.mx\/index.php?rest_route=\/wp\/v2\/posts"}],"about":[{"href":"https:\/\/diarioavanzada.com.mx\/index.php?rest_route=\/wp\/v2\/types\/post"}],"author":[{"embeddable":true,"href":"https:\/\/diarioavanzada.com.mx\/index.php?rest_route=\/wp\/v2\/users\/7"}],"replies":[{"embeddable":true,"href":"https:\/\/diarioavanzada.com.mx\/index.php?rest_route=%2Fwp%2Fv2%2Fcomments&post=120603"}],"version-history":[{"count":1,"href":"https:\/\/diarioavanzada.com.mx\/index.php?rest_route=\/wp\/v2\/posts\/120603\/revisions"}],"predecessor-version":[{"id":120605,"href":"https:\/\/diarioavanzada.com.mx\/index.php?rest_route=\/wp\/v2\/posts\/120603\/revisions\/120605"}],"wp:featuredmedia":[{"embeddable":true,"href":"https:\/\/diarioavanzada.com.mx\/index.php?rest_route=\/wp\/v2\/media\/120604"}],"wp:attachment":[{"href":"https:\/\/diarioavanzada.com.mx\/index.php?rest_route=%2Fwp%2Fv2%2Fmedia&parent=120603"}],"wp:term":[{"taxonomy":"category","embeddable":true,"href":"https:\/\/diarioavanzada.com.mx\/index.php?rest_route=%2Fwp%2Fv2%2Fcategories&post=120603"},{"taxonomy":"post_tag","embeddable":true,"href":"https:\/\/diarioavanzada.com.mx\/index.php?rest_route=%2Fwp%2Fv2%2Ftags&post=120603"}],"curies":[{"name":"wp","href":"https:\/\/api.w.org\/{rel}","templated":true}]}}