{"id":120503,"date":"2026-04-24T09:43:47","date_gmt":"2026-04-24T15:43:47","guid":{"rendered":"https:\/\/diarioavanzada.com.mx\/?p=120503"},"modified":"2026-04-24T09:43:47","modified_gmt":"2026-04-24T15:43:47","slug":"exalcaldesa-denuncia-usan-vehiculos-oficiales-para-llevar-a-los-hijos-a-la-escuela","status":"publish","type":"post","link":"https:\/\/diarioavanzada.com.mx\/?p=120503","title":{"rendered":"Exalcaldesa denuncia: usan veh\u00edculos oficiales para llevar a los hijos a la escuela"},"content":{"rendered":"\n<p class=\"p1 wp-block-paragraph\">Colima, M\u00e9xico, Avanzada (24\/04\/2026).- La exalcaldesa de Manzanillo, Griselda Mart\u00ednez Mart\u00ednez, denunci\u00f3 a trav\u00e9s de sus redes sociales el presunto uso indebido de un veh\u00edculo oficial del Gobierno del Estado de Colima, el cual \u2014seg\u00fan evidenci\u00f3 mediante dos videos\u2014 ser\u00eda utilizado para trasladar a menores de edad a un plantel educativo privado.<\/p>\n\n\n\n<p class=\"p1 wp-block-paragraph\">En las grabaciones difundidas, se observa una camioneta blanca de doble cabina con insignias del Gobierno estatal, as\u00ed como una calcoman\u00eda en la que se indica que la unidad opera con combustible proporcionado por Petr\u00f3leos Mexicanos. De acuerdo con la publicaci\u00f3n, el veh\u00edculo es empleado de manera cotidiana para llevar a estudiantes de nivel primaria y secundaria.<\/p>\n\n\n\n<p class=\"p1 wp-block-paragraph\">Mart\u00ednez Mart\u00ednez sostuvo que estos hechos representar\u00edan un desv\u00edo de recursos p\u00fablicos, al tratarse de una unidad oficial destinada, en principio, a funciones gubernamentales. En sus mensajes, afirm\u00f3 que este tipo de pr\u00e1cticas contin\u00faan ocurriendo dentro de la administraci\u00f3n estatal.<\/p>\n\n\n\n<p class=\"p1 wp-block-paragraph\">\u201cSiguen utilizando los veh\u00edculos oficiales que circulan con combustible donado por PEMEX para llevar a los hijos a la escuela\u201d, expres\u00f3 la exalcaldesa, quien agreg\u00f3 que la denuncia p\u00fablica se realiz\u00f3 sin mostrar el rostro de los menores.<\/p>\n\n\n\n<p class=\"p1 wp-block-paragraph\">Asimismo, critic\u00f3 lo que consider\u00f3 una falta de congruencia entre el uso de recursos p\u00fablicos y los llamados a la austeridad dirigidos a la poblaci\u00f3n, aludiendo a recomendaciones recientes en materia de consumo de combustibles.<\/p>\n\n\n\n<p class=\"p1 wp-block-paragraph\">En los videos, la persona que realiza la grabaci\u00f3n se\u00f1ala que el veh\u00edculo oficial arriba a un plantel identificado como colegio privado, donde descienden menores de edad. Tambi\u00e9n cuestiona el uso de unidades gubernamentales para fines particulares, al advertir que en otros contextos este tipo de conductas podr\u00eda constituir un delito.<\/p>\n\n\n\n<p class=\"p1 wp-block-paragraph\">En una segunda publicaci\u00f3n, la exalcaldesa afirm\u00f3 que se trata de la misma persona captada previamente, quien en distintos momentos habr\u00eda trasladado a m\u00e1s de un menor a instituciones educativas, reiterando su se\u00f1alamiento sobre el uso reiterado del veh\u00edculo oficial.<\/p>\n\n\n\n<p class=\"p1 wp-block-paragraph\">Hasta el momento, ninguna autoridad del Gobierno del Estado de Colima ha emitido una postura p\u00fablica en relaci\u00f3n con los hechos difundidos.<br \/><\/p>\n\n\n\n<figure class=\"wp-block-video\"><div class=\"wp-block-embed__wrapper\">\n<iframe title=\"VideoPress Video Player\" aria-label='VideoPress Video Player' width='740' height='416' src='https:\/\/videopress.com\/embed\/WFEdFZ0N?cover=1&amp;preloadContent=metadata&amp;useAverageColor=1&amp;hd=0' frameborder='0' allowfullscreen data-resize-to-parent=\"true\" allow='clipboard-write'><\/iframe><script src='https:\/\/v0.wordpress.com\/js\/next\/videopress-iframe.js?m=1770107250'><\/script>\n<\/div><\/figure>\n\n\n\n<p class=\"p1 wp-block-paragraph\"><br \/><em>Enlaces para ver los videos completos:<br \/><a href=\"https:\/\/www.facebook.com\/share\/r\/1TYDpLShHv\/\">https:\/\/www.facebook.com\/share\/r\/1TYDpLShHv\/<\/a><br \/><a href=\"https:\/\/www.facebook.com\/share\/v\/18Zkompvmy\/\">https:\/\/www.facebook.com\/share\/v\/18Zkompvmy\/<\/a><\/em><\/p>\n<div class=\"fb-background-color\">\n\t\t\t  <div \n\t\t\t  \tclass = \"fb-comments\" \n\t\t\t  \tdata-href = \"https:\/\/diarioavanzada.com.mx\/?p=120503\"\n\t\t\t  \tdata-numposts = \"10\"\n\t\t\t  \tdata-lazy = \"true\"\n\t\t\t\tdata-colorscheme = \"light\"\n\t\t\t\tdata-order-by = \"social\"\n\t\t\t\tdata-mobile=true>\n\t\t\t  <\/div><\/div>\n\t\t  <style>\n\t\t    .fb-background-color {\n\t\t\t\tbackground:  !important;\n\t\t\t}\n\t\t\t.fb_iframe_widget_fluid_desktop iframe {\n\t\t\t    width: 100% !important;\n\t\t\t}\n\t\t  <\/style>\n\t\t  ","protected":false},"excerpt":{"rendered":"<p>Colima, M\u00e9xico, Avanzada (24\/04\/2026).- La exalcaldesa de Manzanillo, Griselda Mart\u00ednez Mart\u00ednez, denunci\u00f3 a trav\u00e9s de sus redes sociales el presunto uso indebido de un veh\u00edculo oficial del Gobierno del Estado de Colima, el cual \u2014seg\u00fan evidenci\u00f3 mediante dos videos\u2014 ser\u00eda utilizado para trasladar a menores de edad a un plantel educativo privado. En las grabaciones [&hellip;]<\/p>\n","protected":false},"author":7,"featured_media":120509,"comment_status":"closed","ping_status":"closed","sticky":false,"template":"","format":"standard","meta":{"_coblocks_attr":"","_coblocks_dimensions":"","_coblocks_responsive_height":"","_coblocks_accordion_ie_support":"","_crdt_document":"","advanced_seo_description":"","jetpack_seo_html_title":"","jetpack_seo_noindex":false,"_jetpack_memberships_contains_paid_content":false,"footnotes":""},"categories":[19,1,209,7,231,29],"tags":[210],"class_list":["post-120503","post","type-post","status-publish","format-standard","has-post-thumbnail","hentry","category-colima","category-general","category-importantes","category-noticias","category-seguridad","category-sociedad","tag-portada"],"jetpack_featured_media_url":"https:\/\/diarioavanzada.com.mx\/wp-content\/uploads\/2026\/04\/img_0538.jpg","jetpack-related-posts":[],"jetpack_sharing_enabled":true,"amp_enabled":true,"_links":{"self":[{"href":"https:\/\/diarioavanzada.com.mx\/index.php?rest_route=\/wp\/v2\/posts\/120503","targetHints":{"allow":["GET"]}}],"collection":[{"href":"https:\/\/diarioavanzada.com.mx\/index.php?rest_route=\/wp\/v2\/posts"}],"about":[{"href":"https:\/\/diarioavanzada.com.mx\/index.php?rest_route=\/wp\/v2\/types\/post"}],"author":[{"embeddable":true,"href":"https:\/\/diarioavanzada.com.mx\/index.php?rest_route=\/wp\/v2\/users\/7"}],"replies":[{"embeddable":true,"href":"https:\/\/diarioavanzada.com.mx\/index.php?rest_route=%2Fwp%2Fv2%2Fcomments&post=120503"}],"version-history":[{"count":4,"href":"https:\/\/diarioavanzada.com.mx\/index.php?rest_route=\/wp\/v2\/posts\/120503\/revisions"}],"predecessor-version":[{"id":120510,"href":"https:\/\/diarioavanzada.com.mx\/index.php?rest_route=\/wp\/v2\/posts\/120503\/revisions\/120510"}],"wp:featuredmedia":[{"embeddable":true,"href":"https:\/\/diarioavanzada.com.mx\/index.php?rest_route=\/wp\/v2\/media\/120509"}],"wp:attachment":[{"href":"https:\/\/diarioavanzada.com.mx\/index.php?rest_route=%2Fwp%2Fv2%2Fmedia&parent=120503"}],"wp:term":[{"taxonomy":"category","embeddable":true,"href":"https:\/\/diarioavanzada.com.mx\/index.php?rest_route=%2Fwp%2Fv2%2Fcategories&post=120503"},{"taxonomy":"post_tag","embeddable":true,"href":"https:\/\/diarioavanzada.com.mx\/index.php?rest_route=%2Fwp%2Fv2%2Ftags&post=120503"}],"curies":[{"name":"wp","href":"https:\/\/api.w.org\/{rel}","templated":true}]}}