{"id":120488,"date":"2026-04-24T08:09:35","date_gmt":"2026-04-24T14:09:35","guid":{"rendered":"https:\/\/diarioavanzada.com.mx\/?p=120488"},"modified":"2026-04-24T08:09:35","modified_gmt":"2026-04-24T14:09:35","slug":"se-busca-alejandro-tiene-40-anos-de-edad-desaparecio-el-pasado-15-de-febrero-en-armeria","status":"publish","type":"post","link":"https:\/\/diarioavanzada.com.mx\/?p=120488","title":{"rendered":"Se busca: Alejandro tiene 40 a\u00f1os de edad, desapareci\u00f3 el pasado 15 de febrero en Armer\u00eda"},"content":{"rendered":"\n<p class=\"p2 wp-block-paragraph\">Colima, M\u00e9xico, Avanzada (24\/04\/2026).- La Comisi\u00f3n de B\u00fasqueda de Personas del Estado de Colima activ\u00f3 una ficha para localizar a Alejandro Daniel Ramos M\u00e1rquez, de 40 a\u00f1os de edad, quien fue reportado como desaparecido en el municipio de Armer\u00eda.<\/p>\n\n\n\n<p class=\"p2 wp-block-paragraph\">De acuerdo con la informaci\u00f3n oficial, el hombre fue visto por \u00faltima vez el pasado 15 de febrero de 2026 en dicha localidad. Sin embargo, su desaparici\u00f3n fue reportada ante las autoridades hasta el 3 de marzo del mismo a\u00f1o.<\/p>\n\n\n\n<p class=\"p2 wp-block-paragraph\">Como se\u00f1as particulares, Alejandro Daniel presenta un lunar en el p\u00f3mulo derecho, as\u00ed como una cicatriz en la parte baja de la espalda derivada de una ca\u00edda en motocicleta. Mide aproximadamente 1.70 metros de estatura, es de complexi\u00f3n media, tez morena clara, con cabello corto, ondulado y de color negro. Sus ojos son medianos, color caf\u00e9 oscuro, y tiene el rostro ovalado, adem\u00e1s de nariz grande y recta.<\/p>\n\n\n\n<p class=\"p2 wp-block-paragraph\">Hasta el momento, no se cuenta con informaci\u00f3n sobre la vestimenta que portaba al momento de su desaparici\u00f3n.<\/p>\n\n\n\n<p class=\"p2 wp-block-paragraph\">Las autoridades solicitan el apoyo de la ciudadan\u00eda para aportar cualquier dato que contribuya a su localizaci\u00f3n. Para ello, se encuentra disponible el n\u00famero telef\u00f3nico 312 131 3809, as\u00ed como los canales oficiales de la Comisi\u00f3n de B\u00fasqueda de Personas del Estado de Colima.<\/p>\n\n\n\n<p class=\"p3 wp-block-paragraph\">Familiares y colectivos reiteraron el llamado a la poblaci\u00f3n para compartir la ficha y brindar informaci\u00f3n que permita dar con su paradero.<\/p>\n\n\n\n<figure class=\"wp-block-image size-large\"><img loading=\"lazy\" decoding=\"async\" width=\"940\" height=\"788\" src=\"https:\/\/diarioavanzada.com.mx\/wp-content\/uploads\/2026\/04\/img_0526.jpg\" class=\"wp-image-120495\" srcset=\"https:\/\/diarioavanzada.com.mx\/wp-content\/uploads\/2026\/04\/img_0526.jpg 940w, https:\/\/diarioavanzada.com.mx\/wp-content\/uploads\/2026\/04\/img_0526-300x251.jpg 300w, https:\/\/diarioavanzada.com.mx\/wp-content\/uploads\/2026\/04\/img_0526-768x644.jpg 768w\" sizes=\"auto, (max-width: 940px) 100vw, 940px\" \/><\/figure>\n<div class=\"fb-background-color\">\n\t\t\t  <div \n\t\t\t  \tclass = \"fb-comments\" \n\t\t\t  \tdata-href = \"https:\/\/diarioavanzada.com.mx\/?p=120488\"\n\t\t\t  \tdata-numposts = \"10\"\n\t\t\t  \tdata-lazy = \"true\"\n\t\t\t\tdata-colorscheme = \"light\"\n\t\t\t\tdata-order-by = \"social\"\n\t\t\t\tdata-mobile=true>\n\t\t\t  <\/div><\/div>\n\t\t  <style>\n\t\t    .fb-background-color {\n\t\t\t\tbackground:  !important;\n\t\t\t}\n\t\t\t.fb_iframe_widget_fluid_desktop iframe {\n\t\t\t    width: 100% !important;\n\t\t\t}\n\t\t  <\/style>\n\t\t  ","protected":false},"excerpt":{"rendered":"<p>Colima, M\u00e9xico, Avanzada (24\/04\/2026).- La Comisi\u00f3n de B\u00fasqueda de Personas del Estado de Colima activ\u00f3 una ficha para localizar a Alejandro Daniel Ramos M\u00e1rquez, de 40 a\u00f1os de edad, quien fue reportado como desaparecido en el municipio de Armer\u00eda. De acuerdo con la informaci\u00f3n oficial, el hombre fue visto por \u00faltima vez el pasado 15 [&hellip;]<\/p>\n","protected":false},"author":7,"featured_media":120496,"comment_status":"closed","ping_status":"closed","sticky":false,"template":"","format":"standard","meta":{"_coblocks_attr":"","_coblocks_dimensions":"","_coblocks_responsive_height":"","_coblocks_accordion_ie_support":"","_crdt_document":"","advanced_seo_description":"","jetpack_seo_html_title":"","jetpack_seo_noindex":false,"_jetpack_memberships_contains_paid_content":false,"footnotes":""},"categories":[19,1,209,7,231,29],"tags":[210],"class_list":["post-120488","post","type-post","status-publish","format-standard","has-post-thumbnail","hentry","category-colima","category-general","category-importantes","category-noticias","category-seguridad","category-sociedad","tag-portada"],"jetpack_featured_media_url":"https:\/\/diarioavanzada.com.mx\/wp-content\/uploads\/2026\/04\/img_0527.png","jetpack-related-posts":[],"jetpack_sharing_enabled":true,"amp_enabled":true,"_links":{"self":[{"href":"https:\/\/diarioavanzada.com.mx\/index.php?rest_route=\/wp\/v2\/posts\/120488","targetHints":{"allow":["GET"]}}],"collection":[{"href":"https:\/\/diarioavanzada.com.mx\/index.php?rest_route=\/wp\/v2\/posts"}],"about":[{"href":"https:\/\/diarioavanzada.com.mx\/index.php?rest_route=\/wp\/v2\/types\/post"}],"author":[{"embeddable":true,"href":"https:\/\/diarioavanzada.com.mx\/index.php?rest_route=\/wp\/v2\/users\/7"}],"replies":[{"embeddable":true,"href":"https:\/\/diarioavanzada.com.mx\/index.php?rest_route=%2Fwp%2Fv2%2Fcomments&post=120488"}],"version-history":[{"count":2,"href":"https:\/\/diarioavanzada.com.mx\/index.php?rest_route=\/wp\/v2\/posts\/120488\/revisions"}],"predecessor-version":[{"id":120497,"href":"https:\/\/diarioavanzada.com.mx\/index.php?rest_route=\/wp\/v2\/posts\/120488\/revisions\/120497"}],"wp:featuredmedia":[{"embeddable":true,"href":"https:\/\/diarioavanzada.com.mx\/index.php?rest_route=\/wp\/v2\/media\/120496"}],"wp:attachment":[{"href":"https:\/\/diarioavanzada.com.mx\/index.php?rest_route=%2Fwp%2Fv2%2Fmedia&parent=120488"}],"wp:term":[{"taxonomy":"category","embeddable":true,"href":"https:\/\/diarioavanzada.com.mx\/index.php?rest_route=%2Fwp%2Fv2%2Fcategories&post=120488"},{"taxonomy":"post_tag","embeddable":true,"href":"https:\/\/diarioavanzada.com.mx\/index.php?rest_route=%2Fwp%2Fv2%2Ftags&post=120488"}],"curies":[{"name":"wp","href":"https:\/\/api.w.org\/{rel}","templated":true}]}}