{"id":120483,"date":"2026-04-23T19:41:54","date_gmt":"2026-04-24T01:41:54","guid":{"rendered":"https:\/\/diarioavanzada.com.mx\/?p=120483"},"modified":"2026-04-23T19:41:54","modified_gmt":"2026-04-24T01:41:54","slug":"morena-y-aliados-desechan-exhorto-para-frenar-alza-en-la-tortilla-en-el-congreso-de-colima","status":"publish","type":"post","link":"https:\/\/diarioavanzada.com.mx\/?p=120483","title":{"rendered":"Morena y aliados desechan exhorto para frenar alza en la tortilla en el Congreso de Colima"},"content":{"rendered":"\n<p class=\"p1 wp-block-paragraph\">Colima, M\u00e9xico, Avanzada (23\/04\/2026).- En sesi\u00f3n ordinaria celebrada este mi\u00e9rcoles, el Congreso del Estado de Colima desech\u00f3 un punto de acuerdo que buscaba exhortar al Gobierno Federal a implementar acciones para estabilizar el precio de la tortilla y garantizar la seguridad alimentaria ante el incremento en los costos de producci\u00f3n.<\/p>\n\n\n\n<p class=\"p1 wp-block-paragraph\">La propuesta fue presentada por el diputado Israel Gonz\u00e1lez, quien plante\u00f3 solicitar a la titular del Poder Ejecutivo Federal, as\u00ed como a la Secretar\u00eda de Econom\u00eda, la Secretar\u00eda de Agricultura y Desarrollo Rural y la Procuradur\u00eda Federal del Consumidor, establecer una mesa de di\u00e1logo urgente con representantes de la industria de la masa y la tortilla. El objetivo era analizar los costos reales de producci\u00f3n, evitar aumentos arbitrarios y evaluar subsidios o apoyos t\u00e9cnicos para peque\u00f1os y medianos productores.<\/p>\n\n\n\n<p class=\"p1 wp-block-paragraph\">Durante la discusi\u00f3n, el diputado Jaime Enrique Sotelo Garc\u00eda sostuvo que los planteamientos del exhorto ya hab\u00edan sido atendidos por el Gobierno Federal. Record\u00f3 que la semana pasada la presidenta de la Rep\u00fablica sostuvo una reuni\u00f3n con industriales del sector, en la que se acord\u00f3 estabilizar el precio de la tortilla sin incrementos, e invit\u00f3 a revisar las declaraciones de los propios productores.<\/p>\n\n\n\n<p class=\"p1 wp-block-paragraph\">Por su parte, el legislador Beto Partida advirti\u00f3 sobre un deterioro en la situaci\u00f3n econ\u00f3mica, al se\u00f1alar aumentos recientes en tarifas del transporte p\u00fablico en Comala, as\u00ed como proyecciones de bajo crecimiento econ\u00f3mico y un incremento en la deuda p\u00fablica.<\/p>\n\n\n\n<p class=\"p1 wp-block-paragraph\">En contraste, la diputada Betzy Pinz\u00f3n respald\u00f3 el punto de acuerdo al considerar que la tortilla es un alimento esencial en la dieta de la poblaci\u00f3n mexicana. Se\u00f1al\u00f3 que los precios de productos b\u00e1sicos, como el jitomate, y de insumos como la gasolina, contin\u00faan al alza, y afirm\u00f3 que Colima se ubica entre las entidades con el precio m\u00e1s elevado de este producto.<\/p>\n\n\n\n<p class=\"p1 wp-block-paragraph\">En una segunda intervenci\u00f3n, Sotelo Garc\u00eda reiter\u00f3 que el exhorto carec\u00eda de materia en sus puntos centrales, al asegurar que ya existen acuerdos entre el Gobierno Federal y productores. A\u00f1adi\u00f3 que, pese a un entorno internacional complejo, la econom\u00eda nacional se ha mantenido estable, a diferencia de administraciones anteriores.<\/p>\n\n\n\n<p class=\"p1 wp-block-paragraph\">Finalmente, Beto Partida insisti\u00f3 en que la econom\u00eda muestra signos de declive y sostuvo que los programas sociales provienen de los impuestos pagados por el sector empresarial, no de d\u00e1divas gubernamentales.<\/p>\n\n\n\n<p class=\"p1 wp-block-paragraph\">El documento no alcanz\u00f3 la votaci\u00f3n reglamentaria, por lo que fue desechado y archivado como asunto concluido.<\/p>\n\n\n\n<p class=\"p1 wp-block-paragraph\">Copete: El debate exhibi\u00f3 posturas encontradas entre legisladores sobre la situaci\u00f3n econ\u00f3mica y el impacto del precio de la tortilla, sin que se lograra consenso para emitir un exhorto al Gobierno Federal.<\/p>\n<div class=\"fb-background-color\">\n\t\t\t  <div \n\t\t\t  \tclass = \"fb-comments\" \n\t\t\t  \tdata-href = \"https:\/\/diarioavanzada.com.mx\/?p=120483\"\n\t\t\t  \tdata-numposts = \"10\"\n\t\t\t  \tdata-lazy = \"true\"\n\t\t\t\tdata-colorscheme = \"light\"\n\t\t\t\tdata-order-by = \"social\"\n\t\t\t\tdata-mobile=true>\n\t\t\t  <\/div><\/div>\n\t\t  <style>\n\t\t    .fb-background-color {\n\t\t\t\tbackground:  !important;\n\t\t\t}\n\t\t\t.fb_iframe_widget_fluid_desktop iframe {\n\t\t\t    width: 100% !important;\n\t\t\t}\n\t\t  <\/style>\n\t\t  ","protected":false},"excerpt":{"rendered":"<p>Colima, M\u00e9xico, Avanzada (23\/04\/2026).- En sesi\u00f3n ordinaria celebrada este mi\u00e9rcoles, el Congreso del Estado de Colima desech\u00f3 un punto de acuerdo que buscaba exhortar al Gobierno Federal a implementar acciones para estabilizar el precio de la tortilla y garantizar la seguridad alimentaria ante el incremento en los costos de producci\u00f3n. La propuesta fue presentada por [&hellip;]<\/p>\n","protected":false},"author":7,"featured_media":120482,"comment_status":"closed","ping_status":"closed","sticky":false,"template":"","format":"standard","meta":{"_coblocks_attr":"","_coblocks_dimensions":"","_coblocks_responsive_height":"","_coblocks_accordion_ie_support":"","_crdt_document":"","advanced_seo_description":"","jetpack_seo_html_title":"","jetpack_seo_noindex":false,"_jetpack_memberships_contains_paid_content":false,"footnotes":""},"categories":[19,1,209,7,29],"tags":[210],"class_list":["post-120483","post","type-post","status-publish","format-standard","has-post-thumbnail","hentry","category-colima","category-general","category-importantes","category-noticias","category-sociedad","tag-portada"],"jetpack_featured_media_url":"https:\/\/diarioavanzada.com.mx\/wp-content\/uploads\/2026\/04\/img_0429-1.jpg","jetpack-related-posts":[],"jetpack_sharing_enabled":true,"amp_enabled":true,"_links":{"self":[{"href":"https:\/\/diarioavanzada.com.mx\/index.php?rest_route=\/wp\/v2\/posts\/120483","targetHints":{"allow":["GET"]}}],"collection":[{"href":"https:\/\/diarioavanzada.com.mx\/index.php?rest_route=\/wp\/v2\/posts"}],"about":[{"href":"https:\/\/diarioavanzada.com.mx\/index.php?rest_route=\/wp\/v2\/types\/post"}],"author":[{"embeddable":true,"href":"https:\/\/diarioavanzada.com.mx\/index.php?rest_route=\/wp\/v2\/users\/7"}],"replies":[{"embeddable":true,"href":"https:\/\/diarioavanzada.com.mx\/index.php?rest_route=%2Fwp%2Fv2%2Fcomments&post=120483"}],"version-history":[{"count":0,"href":"https:\/\/diarioavanzada.com.mx\/index.php?rest_route=\/wp\/v2\/posts\/120483\/revisions"}],"wp:featuredmedia":[{"embeddable":true,"href":"https:\/\/diarioavanzada.com.mx\/index.php?rest_route=\/wp\/v2\/media\/120482"}],"wp:attachment":[{"href":"https:\/\/diarioavanzada.com.mx\/index.php?rest_route=%2Fwp%2Fv2%2Fmedia&parent=120483"}],"wp:term":[{"taxonomy":"category","embeddable":true,"href":"https:\/\/diarioavanzada.com.mx\/index.php?rest_route=%2Fwp%2Fv2%2Fcategories&post=120483"},{"taxonomy":"post_tag","embeddable":true,"href":"https:\/\/diarioavanzada.com.mx\/index.php?rest_route=%2Fwp%2Fv2%2Ftags&post=120483"}],"curies":[{"name":"wp","href":"https:\/\/api.w.org\/{rel}","templated":true}]}}