{"id":120457,"date":"2026-04-23T15:29:51","date_gmt":"2026-04-23T21:29:51","guid":{"rendered":"https:\/\/diarioavanzada.com.mx\/?p=120457"},"modified":"2026-04-23T15:29:51","modified_gmt":"2026-04-23T21:29:51","slug":"cae-en-argentina-fernando-n-acusado-de-liderar-red-de-huachicoleros","status":"publish","type":"post","link":"https:\/\/diarioavanzada.com.mx\/?p=120457","title":{"rendered":"Cae en Argentina Fernando \u201cN\u201d, acusado de liderar red de \u201chuachicoleros\u201d"},"content":{"rendered":"\n<p class=\"p2 wp-block-paragraph\">M\u00e9xico, Avanzada (23\/04\/2026).- El secretario de Seguridad P\u00fablica y Protecci\u00f3n Ciudadana, Omar Garc\u00eda Harfuch, inform\u00f3 sobre la detenci\u00f3n en Argentina de Fernando \u201cN\u201d, quien se encontraba pr\u00f3fugo de la justicia mexicana y era considerado objetivo prioritario por su presunta participaci\u00f3n en delitos de delincuencia organizada vinculados al contrabando de hidrocarburos.<\/p>\n\n\n\n<p class=\"p2 wp-block-paragraph\">De acuerdo con el funcionario, la captura se logr\u00f3 gracias a mecanismos de intercambio de informaci\u00f3n y cooperaci\u00f3n internacional, en una operaci\u00f3n coordinada entre la Secretar\u00eda de Marina, a trav\u00e9s de la Unidad de Inteligencia Naval; la Fiscal\u00eda General de la Rep\u00fablica, mediante Interpol M\u00e9xico y la Fiscal\u00eda Especializada en Materia de Delincuencia Organizada (FEMDO); as\u00ed como la Secretar\u00eda de Seguridad y Protecci\u00f3n Ciudadana, por conducto del Centro Nacional de Inteligencia.<\/p>\n\n\n\n<p class=\"p2 wp-block-paragraph\">El detenido contaba con una orden de aprehensi\u00f3n por delincuencia organizada con la finalidad de cometer delitos en materia de hidrocarburos, adem\u00e1s de una ficha roja de Interpol. Las autoridades mexicanas lo identifican como presunto l\u00edder de una organizaci\u00f3n dedicada al contrabando de combustibles.<\/p>\n\n\n\n<p class=\"p2 wp-block-paragraph\">Fernando \u201cN\u201d fue detenido con fines de extradici\u00f3n y, al momento de su captura, se encontraba en posesi\u00f3n de documentaci\u00f3n falsa, seg\u00fan detall\u00f3 Garc\u00eda Harfuch.<\/p>\n\n\n\n<p class=\"p3 wp-block-paragraph\">El Gobierno de M\u00e9xico agradeci\u00f3 la colaboraci\u00f3n de las autoridades de Argentina y de la Unidad Especial de Investigaci\u00f3n del Crimen Organizado de ese pa\u00eds (UNIPOL), y reiter\u00f3 su compromiso con el combate a la corrupci\u00f3n y la no impunidad.<\/p>\n<div class=\"fb-background-color\">\n\t\t\t  <div \n\t\t\t  \tclass = \"fb-comments\" \n\t\t\t  \tdata-href = \"https:\/\/diarioavanzada.com.mx\/?p=120457\"\n\t\t\t  \tdata-numposts = \"10\"\n\t\t\t  \tdata-lazy = \"true\"\n\t\t\t\tdata-colorscheme = \"light\"\n\t\t\t\tdata-order-by = \"social\"\n\t\t\t\tdata-mobile=true>\n\t\t\t  <\/div><\/div>\n\t\t  <style>\n\t\t    .fb-background-color {\n\t\t\t\tbackground:  !important;\n\t\t\t}\n\t\t\t.fb_iframe_widget_fluid_desktop iframe {\n\t\t\t    width: 100% !important;\n\t\t\t}\n\t\t  <\/style>\n\t\t  ","protected":false},"excerpt":{"rendered":"<p>M\u00e9xico, Avanzada (23\/04\/2026).- El secretario de Seguridad P\u00fablica y Protecci\u00f3n Ciudadana, Omar Garc\u00eda Harfuch, inform\u00f3 sobre la detenci\u00f3n en Argentina de Fernando \u201cN\u201d, quien se encontraba pr\u00f3fugo de la justicia mexicana y era considerado objetivo prioritario por su presunta participaci\u00f3n en delitos de delincuencia organizada vinculados al contrabando de hidrocarburos. De acuerdo con el funcionario, [&hellip;]<\/p>\n","protected":false},"author":7,"featured_media":120456,"comment_status":"closed","ping_status":"closed","sticky":false,"template":"","format":"standard","meta":{"_coblocks_attr":"","_coblocks_dimensions":"","_coblocks_responsive_height":"","_coblocks_accordion_ie_support":"","_crdt_document":"","advanced_seo_description":"","jetpack_seo_html_title":"","jetpack_seo_noindex":false,"_jetpack_memberships_contains_paid_content":false,"footnotes":""},"categories":[1,209,22,7,231,29],"tags":[210],"class_list":["post-120457","post","type-post","status-publish","format-standard","has-post-thumbnail","hentry","category-general","category-importantes","category-nacion","category-noticias","category-seguridad","category-sociedad","tag-portada"],"jetpack_featured_media_url":"https:\/\/diarioavanzada.com.mx\/wp-content\/uploads\/2026\/04\/img_2657.png","jetpack-related-posts":[],"jetpack_sharing_enabled":true,"amp_enabled":true,"_links":{"self":[{"href":"https:\/\/diarioavanzada.com.mx\/index.php?rest_route=\/wp\/v2\/posts\/120457","targetHints":{"allow":["GET"]}}],"collection":[{"href":"https:\/\/diarioavanzada.com.mx\/index.php?rest_route=\/wp\/v2\/posts"}],"about":[{"href":"https:\/\/diarioavanzada.com.mx\/index.php?rest_route=\/wp\/v2\/types\/post"}],"author":[{"embeddable":true,"href":"https:\/\/diarioavanzada.com.mx\/index.php?rest_route=\/wp\/v2\/users\/7"}],"replies":[{"embeddable":true,"href":"https:\/\/diarioavanzada.com.mx\/index.php?rest_route=%2Fwp%2Fv2%2Fcomments&post=120457"}],"version-history":[{"count":0,"href":"https:\/\/diarioavanzada.com.mx\/index.php?rest_route=\/wp\/v2\/posts\/120457\/revisions"}],"wp:featuredmedia":[{"embeddable":true,"href":"https:\/\/diarioavanzada.com.mx\/index.php?rest_route=\/wp\/v2\/media\/120456"}],"wp:attachment":[{"href":"https:\/\/diarioavanzada.com.mx\/index.php?rest_route=%2Fwp%2Fv2%2Fmedia&parent=120457"}],"wp:term":[{"taxonomy":"category","embeddable":true,"href":"https:\/\/diarioavanzada.com.mx\/index.php?rest_route=%2Fwp%2Fv2%2Fcategories&post=120457"},{"taxonomy":"post_tag","embeddable":true,"href":"https:\/\/diarioavanzada.com.mx\/index.php?rest_route=%2Fwp%2Fv2%2Ftags&post=120457"}],"curies":[{"name":"wp","href":"https:\/\/api.w.org\/{rel}","templated":true}]}}