{"id":120415,"date":"2026-04-23T07:58:59","date_gmt":"2026-04-23T13:58:59","guid":{"rendered":"https:\/\/diarioavanzada.com.mx\/?p=120415"},"modified":"2026-04-23T07:59:02","modified_gmt":"2026-04-23T13:59:02","slug":"colima-llega-al-dia-del-libro-sin-saber-quien-lee-ni-cuanto-se-lee","status":"publish","type":"post","link":"https:\/\/diarioavanzada.com.mx\/?p=120415","title":{"rendered":"Colima llega al D\u00eda del Libro sin saber qui\u00e9n lee ni cu\u00e1nto se lee"},"content":{"rendered":"\n<p class=\"p1 wp-block-paragraph\">Colima, M\u00e9xico, Avanzada (23\/04\/2026).- Mientras M\u00e9xico reporta una ligera recuperaci\u00f3n en sus niveles de lectura, en Colima persiste una carencia de informaci\u00f3n p\u00fablica para conocer cu\u00e1ntas personas tienen h\u00e1bitos lectores o se consideran lectoras, cu\u00e1ntas utilizan las bibliotecas y cu\u00e1ntos libros se prestan en la red estatal.<\/p>\n\n\n\n<p class=\"p1 wp-block-paragraph\">De acuerdo con el M\u00f3dulo sobre Lectura (MOLEC) del INEGI, 45.4 por ciento de la poblaci\u00f3n mexicana se declar\u00f3 lectora en 2025, una mejora frente a los retrocesos registrados desde 2021. Sin embargo, en Colima no existen estad\u00edsticas p\u00fablicas propias que permitan saber c\u00f3mo se comporta ese fen\u00f3meno a nivel estatal, pese a que la entidad cuenta con alrededor de 42 bibliotecas p\u00fablicas.<\/p>\n\n\n\n<p class=\"p1 wp-block-paragraph\">El mismo estudio del INEGI revela que casi 50 por ciento de los encuestados report\u00f3 leer en promedio entre uno y dos libros por a\u00f1o. Entre las razones m\u00e1s frecuentes para no leer aparecen la falta de tiempo, el desinter\u00e9s y la preferencia por otras actividades, s\u00edntomas que reflejan tanto limitaciones estructurales como transformaciones culturales.<\/p>\n\n\n\n<p class=\"p1 wp-block-paragraph\">Seg\u00fan el MOLEC, 62.5 por ciento de las personas lectoras consume libros; 45.7 por ciento lee p\u00e1ginas de internet y blogs; 24.8 por ciento peri\u00f3dicos; 23.6 por ciento revistas y 20.9 por ciento historietas o c\u00f3mics.<\/p>\n\n\n\n<p class=\"p1 wp-block-paragraph\">En Colima, sin embargo, ni siquiera es posible medir ese comportamiento localmente. Aunque existe una red de alrededor de 42 bibliotecas p\u00fablicas para una poblaci\u00f3n cercana a 760 mil habitantes, no hay indicadores estatales accesibles sobre usuarios, acervos actualizados, pr\u00e9stamos bibliogr\u00e1ficos o impacto de programas de fomento lector. Muchas bibliotecas de la red ni siquiera publican datos b\u00e1sicos de operaci\u00f3n.<\/p>\n\n\n\n<p class=\"p1 wp-block-paragraph\">Mientras en M\u00e9xico, el MOLEC del INEGI presenta informaci\u00f3n general, Colima llega al D\u00eda Mundial del Libro sin informaci\u00f3n propia sobre h\u00e1bitos lectores. No se sabe cu\u00e1ntos colimenses, en este primer trimestre de 2026, se consideran lectores, cu\u00e1l es el tipo de lecturas que realizan, qu\u00e9 tan consultados son los acervos p\u00fablicos o cu\u00e1ntos pr\u00e9stamos se realizan al a\u00f1o.<\/p>\n\n\n\n<figure class=\"wp-block-image size-large\"><img loading=\"lazy\" decoding=\"async\" width=\"1024\" height=\"1024\" src=\"https:\/\/diarioavanzada.com.mx\/wp-content\/uploads\/2026\/04\/image-48-1024x1024.png\" alt=\"\" class=\"wp-image-120416\" srcset=\"https:\/\/diarioavanzada.com.mx\/wp-content\/uploads\/2026\/04\/image-48-1024x1024.png 1024w, https:\/\/diarioavanzada.com.mx\/wp-content\/uploads\/2026\/04\/image-48-300x300.png 300w, https:\/\/diarioavanzada.com.mx\/wp-content\/uploads\/2026\/04\/image-48-150x150.png?crop=1 150w, https:\/\/diarioavanzada.com.mx\/wp-content\/uploads\/2026\/04\/image-48-768x768.png 768w, https:\/\/diarioavanzada.com.mx\/wp-content\/uploads\/2026\/04\/image-48-80x80.png?crop=1 80w, https:\/\/diarioavanzada.com.mx\/wp-content\/uploads\/2026\/04\/image-48-1200x1200.png?crop=1 1200w, https:\/\/diarioavanzada.com.mx\/wp-content\/uploads\/2026\/04\/image-48-800x800.png?crop=1 800w, https:\/\/diarioavanzada.com.mx\/wp-content\/uploads\/2026\/04\/image-48-600x600.png?crop=1 600w, https:\/\/diarioavanzada.com.mx\/wp-content\/uploads\/2026\/04\/image-48-400x400.png?crop=1 400w, https:\/\/diarioavanzada.com.mx\/wp-content\/uploads\/2026\/04\/image-48-200x200.png?crop=1 200w, https:\/\/diarioavanzada.com.mx\/wp-content\/uploads\/2026\/04\/image-48.png 1254w\" sizes=\"auto, (max-width: 1024px) 100vw, 1024px\" \/><\/figure>\n\n\n\n<p class=\"p1 wp-block-paragraph\"><\/p>\n<div class=\"fb-background-color\">\n\t\t\t  <div \n\t\t\t  \tclass = \"fb-comments\" \n\t\t\t  \tdata-href = \"https:\/\/diarioavanzada.com.mx\/?p=120415\"\n\t\t\t  \tdata-numposts = \"10\"\n\t\t\t  \tdata-lazy = \"true\"\n\t\t\t\tdata-colorscheme = \"light\"\n\t\t\t\tdata-order-by = \"social\"\n\t\t\t\tdata-mobile=true>\n\t\t\t  <\/div><\/div>\n\t\t  <style>\n\t\t    .fb-background-color {\n\t\t\t\tbackground:  !important;\n\t\t\t}\n\t\t\t.fb_iframe_widget_fluid_desktop iframe {\n\t\t\t    width: 100% !important;\n\t\t\t}\n\t\t  <\/style>\n\t\t  ","protected":false},"excerpt":{"rendered":"<p>Colima, M\u00e9xico, Avanzada (23\/04\/2026).- Mientras M\u00e9xico reporta una ligera recuperaci\u00f3n en sus niveles de lectura, en Colima persiste una carencia de informaci\u00f3n p\u00fablica para conocer cu\u00e1ntas personas tienen h\u00e1bitos lectores o se consideran lectoras, cu\u00e1ntas utilizan las bibliotecas y cu\u00e1ntos libros se prestan en la red estatal. De acuerdo con el M\u00f3dulo sobre Lectura (MOLEC) [&hellip;]<\/p>\n","protected":false},"author":5,"featured_media":120416,"comment_status":"closed","ping_status":"closed","sticky":false,"template":"","format":"standard","meta":{"_coblocks_attr":"","_coblocks_dimensions":"","_coblocks_responsive_height":"","_coblocks_accordion_ie_support":"","_crdt_document":"","advanced_seo_description":"","jetpack_seo_html_title":"","jetpack_seo_noindex":false,"_jetpack_memberships_contains_paid_content":false,"footnotes":""},"categories":[19,1,209,7,29],"tags":[210],"class_list":["post-120415","post","type-post","status-publish","format-standard","has-post-thumbnail","hentry","category-colima","category-general","category-importantes","category-noticias","category-sociedad","tag-portada"],"jetpack_featured_media_url":"https:\/\/diarioavanzada.com.mx\/wp-content\/uploads\/2026\/04\/image-48.png","jetpack-related-posts":[],"jetpack_sharing_enabled":true,"amp_enabled":true,"_links":{"self":[{"href":"https:\/\/diarioavanzada.com.mx\/index.php?rest_route=\/wp\/v2\/posts\/120415","targetHints":{"allow":["GET"]}}],"collection":[{"href":"https:\/\/diarioavanzada.com.mx\/index.php?rest_route=\/wp\/v2\/posts"}],"about":[{"href":"https:\/\/diarioavanzada.com.mx\/index.php?rest_route=\/wp\/v2\/types\/post"}],"author":[{"embeddable":true,"href":"https:\/\/diarioavanzada.com.mx\/index.php?rest_route=\/wp\/v2\/users\/5"}],"replies":[{"embeddable":true,"href":"https:\/\/diarioavanzada.com.mx\/index.php?rest_route=%2Fwp%2Fv2%2Fcomments&post=120415"}],"version-history":[{"count":1,"href":"https:\/\/diarioavanzada.com.mx\/index.php?rest_route=\/wp\/v2\/posts\/120415\/revisions"}],"predecessor-version":[{"id":120417,"href":"https:\/\/diarioavanzada.com.mx\/index.php?rest_route=\/wp\/v2\/posts\/120415\/revisions\/120417"}],"wp:featuredmedia":[{"embeddable":true,"href":"https:\/\/diarioavanzada.com.mx\/index.php?rest_route=\/wp\/v2\/media\/120416"}],"wp:attachment":[{"href":"https:\/\/diarioavanzada.com.mx\/index.php?rest_route=%2Fwp%2Fv2%2Fmedia&parent=120415"}],"wp:term":[{"taxonomy":"category","embeddable":true,"href":"https:\/\/diarioavanzada.com.mx\/index.php?rest_route=%2Fwp%2Fv2%2Fcategories&post=120415"},{"taxonomy":"post_tag","embeddable":true,"href":"https:\/\/diarioavanzada.com.mx\/index.php?rest_route=%2Fwp%2Fv2%2Ftags&post=120415"}],"curies":[{"name":"wp","href":"https:\/\/api.w.org\/{rel}","templated":true}]}}