{"id":120414,"date":"2026-04-23T09:49:21","date_gmt":"2026-04-23T15:49:21","guid":{"rendered":"https:\/\/diarioavanzada.com.mx\/?p=120414"},"modified":"2026-04-23T09:50:42","modified_gmt":"2026-04-23T15:50:42","slug":"docentes-denuncian-demora-de-mas-de-una-hora-en-atencion-a-motociclista-accidentado","status":"publish","type":"post","link":"https:\/\/diarioavanzada.com.mx\/?p=120414","title":{"rendered":"Docentes denuncian demora de m\u00e1s de una hora en atenci\u00f3n a motociclista accidentado"},"content":{"rendered":"\n<p class=\"p1 wp-block-paragraph\">Colima, M\u00e9xico, Avanzada (23\/04\/2026).- Un grupo de docentes denunci\u00f3 la tard\u00eda respuesta de las autoridades de auxilio y seguridad, luego de que un motociclista accidentado permaneci\u00f3 m\u00e1s de una hora sin atenci\u00f3n m\u00e9dica ni resguardo oficial sobre la carretera rumbo a Caleras, en un tramo de la v\u00eda Colima-Manzanillo donde actualmente se realizan obras de ampliaci\u00f3n.<\/p>\n\n\n\n<p class=\"p1 wp-block-paragraph\">De acuerdo con la denuncia, el percance ocurri\u00f3 alrededor de las 18:45 horas del mi\u00e9rcoles, cuando profesores que regresaban a sus hogares tras concluir su jornada laboral encontraron a un motociclista lesionado que hab\u00eda ca\u00eddo en una curva y no pod\u00eda moverse. Ante el riesgo de que fuera atropellado por otros veh\u00edculos, los docentes se detuvieron para auxiliarlo y resguardar la zona.<\/p>\n\n\n\n<p class=\"p1 wp-block-paragraph\">Seg\u00fan relataron, en ese momento realizaron el reporte al n\u00famero de emergencias 911; sin embargo, una hora despu\u00e9s no se hab\u00eda presentado ni personal de ambulancias ni elementos de la Guardia Nacional para brindar apoyo preventivo en la carretera o atender al herido.<\/p>\n\n\n\n<p class=\"p1 wp-block-paragraph\">Los denunciantes cuestionaron la ausencia de una respuesta inmediata, sobre todo en un corredor carretero donde, se\u00f1alaron, las obras de ampliaci\u00f3n entre La Salada y el puerto de Manzanillo han incrementado los riesgos para automovilistas y motociclistas. Consideraron que, mientras arriban los servicios m\u00e9dicos, la presencia de la Guardia Nacional deber\u00eda activarse de manera m\u00e1s \u00e1gil para prevenir complicaciones mayores.<\/p>\n\n\n\n<p class=\"p1 wp-block-paragraph\">Fue hasta las 20:10 horas, una hora con 15 minutos despu\u00e9s del primer reporte, cuando, seg\u00fan los maestros, arrib\u00f3 finalmente una ambulancia para atender al lesionado. Para entonces, quienes auxiliaban al motociclista segu\u00edan en el sitio tratando de evitar un desenlace m\u00e1s grave.<\/p>\n\n\n\n<p class=\"wp-block-paragraph\"><em>*Imagen ilustrativa.<\/em><\/p>\n<div class=\"fb-background-color\">\n\t\t\t  <div \n\t\t\t  \tclass = \"fb-comments\" \n\t\t\t  \tdata-href = \"https:\/\/diarioavanzada.com.mx\/?p=120414\"\n\t\t\t  \tdata-numposts = \"10\"\n\t\t\t  \tdata-lazy = \"true\"\n\t\t\t\tdata-colorscheme = \"light\"\n\t\t\t\tdata-order-by = \"social\"\n\t\t\t\tdata-mobile=true>\n\t\t\t  <\/div><\/div>\n\t\t  <style>\n\t\t    .fb-background-color {\n\t\t\t\tbackground:  !important;\n\t\t\t}\n\t\t\t.fb_iframe_widget_fluid_desktop iframe {\n\t\t\t    width: 100% !important;\n\t\t\t}\n\t\t  <\/style>\n\t\t  ","protected":false},"excerpt":{"rendered":"<p>Colima, M\u00e9xico, Avanzada (23\/04\/2026).- Un grupo de docentes denunci\u00f3 la tard\u00eda respuesta de las autoridades de auxilio y seguridad, luego de que un motociclista accidentado permaneci\u00f3 m\u00e1s de una hora sin atenci\u00f3n m\u00e9dica ni resguardo oficial sobre la carretera rumbo a Caleras, en un tramo de la v\u00eda Colima-Manzanillo donde actualmente se realizan obras de [&hellip;]<\/p>\n","protected":false},"author":5,"featured_media":120428,"comment_status":"closed","ping_status":"closed","sticky":false,"template":"","format":"standard","meta":{"_coblocks_attr":"","_coblocks_dimensions":"","_coblocks_responsive_height":"","_coblocks_accordion_ie_support":"","_crdt_document":"","advanced_seo_description":"","jetpack_seo_html_title":"","jetpack_seo_noindex":false,"_jetpack_memberships_contains_paid_content":false,"footnotes":""},"categories":[19,1,209,7,231],"tags":[210],"class_list":["post-120414","post","type-post","status-publish","format-standard","has-post-thumbnail","hentry","category-colima","category-general","category-importantes","category-noticias","category-seguridad","tag-portada"],"jetpack_featured_media_url":"https:\/\/diarioavanzada.com.mx\/wp-content\/uploads\/2026\/04\/img_0513.jpg","jetpack-related-posts":[],"jetpack_sharing_enabled":true,"amp_enabled":true,"_links":{"self":[{"href":"https:\/\/diarioavanzada.com.mx\/index.php?rest_route=\/wp\/v2\/posts\/120414","targetHints":{"allow":["GET"]}}],"collection":[{"href":"https:\/\/diarioavanzada.com.mx\/index.php?rest_route=\/wp\/v2\/posts"}],"about":[{"href":"https:\/\/diarioavanzada.com.mx\/index.php?rest_route=\/wp\/v2\/types\/post"}],"author":[{"embeddable":true,"href":"https:\/\/diarioavanzada.com.mx\/index.php?rest_route=\/wp\/v2\/users\/5"}],"replies":[{"embeddable":true,"href":"https:\/\/diarioavanzada.com.mx\/index.php?rest_route=%2Fwp%2Fv2%2Fcomments&post=120414"}],"version-history":[{"count":2,"href":"https:\/\/diarioavanzada.com.mx\/index.php?rest_route=\/wp\/v2\/posts\/120414\/revisions"}],"predecessor-version":[{"id":120430,"href":"https:\/\/diarioavanzada.com.mx\/index.php?rest_route=\/wp\/v2\/posts\/120414\/revisions\/120430"}],"wp:featuredmedia":[{"embeddable":true,"href":"https:\/\/diarioavanzada.com.mx\/index.php?rest_route=\/wp\/v2\/media\/120428"}],"wp:attachment":[{"href":"https:\/\/diarioavanzada.com.mx\/index.php?rest_route=%2Fwp%2Fv2%2Fmedia&parent=120414"}],"wp:term":[{"taxonomy":"category","embeddable":true,"href":"https:\/\/diarioavanzada.com.mx\/index.php?rest_route=%2Fwp%2Fv2%2Fcategories&post=120414"},{"taxonomy":"post_tag","embeddable":true,"href":"https:\/\/diarioavanzada.com.mx\/index.php?rest_route=%2Fwp%2Fv2%2Ftags&post=120414"}],"curies":[{"name":"wp","href":"https:\/\/api.w.org\/{rel}","templated":true}]}}