{"id":120360,"date":"2026-04-22T15:35:16","date_gmt":"2026-04-22T21:35:16","guid":{"rendered":"https:\/\/diarioavanzada.com.mx\/?p=120360"},"modified":"2026-04-22T16:23:21","modified_gmt":"2026-04-22T22:23:21","slug":"sentencian-a-122-anos-de-prision-al-responsable-de-once-asesinatos-en-jalisco","status":"publish","type":"post","link":"https:\/\/diarioavanzada.com.mx\/?p=120360","title":{"rendered":"Sentencian a 122 a\u00f1os de prisi\u00f3n al responsable de once homicidios en Jalisco"},"content":{"rendered":"\n<p class=\"p1 wp-block-paragraph\"><em>El ataque, ocurrido en la colonia Jauja en 2021, dej\u00f3 once personas muertas y dos m\u00e1s lesionadas; la Fiscal\u00eda destac\u00f3 la complejidad de la investigaci\u00f3n para lograr la condena.<\/em><\/p>\n\n\n\n<p class=\"p2 wp-block-paragraph\">Jalisco, M\u00e9xico, Avanzada (22\/04\/2025).- Tras un proceso judicial sustentado en una investigaci\u00f3n exhaustiva, la Fiscal\u00eda del Estado obtuvo una sentencia de 122 a\u00f1os y diez d\u00edas de prisi\u00f3n contra J. Jes\u00fas \u201cN\u201d, declarado culpable de homicidio calificado y tentativa de homicidio calificado, cometidos con ventaja y alevos\u00eda.<\/p>\n\n\n\n<p class=\"p2 wp-block-paragraph\">La resoluci\u00f3n tambi\u00e9n contempla el pago de seis millones 453 mil 18 pesos como reparaci\u00f3n del da\u00f1o a las v\u00edctimas.<\/p>\n\n\n\n<p class=\"p2 wp-block-paragraph\">Los hechos se remontan al 27 de febrero de 2021, alrededor de las 18:00 horas, en la colonia Jauja, en el municipio de Tonal\u00e1. De acuerdo con las indagatorias, un grupo de personas se encontraba reunido en la v\u00eda p\u00fablica, en espera del pago de su jornada laboral, cuando fueron sorprendidas por un comando armado.<\/p>\n\n\n\n<p class=\"p2 wp-block-paragraph\">De una camioneta descendieron varios sujetos, entre ellos el ahora sentenciado, quienes abrieron fuego de manera directa y continua utilizando armas largas calibre 7.62 y armas cortas calibre .45. Sin mediar palabra, los agresores dispararon de forma indiscriminada contra las v\u00edctimas, generando una escena de violencia en cuesti\u00f3n de segundos.<\/p>\n\n\n\n<p class=\"p2 wp-block-paragraph\">A pesar de que algunas personas intentaron resguardarse, los atacantes continuaron disparando e incluso persiguieron a quienes buscaban ponerse a salvo. La agresi\u00f3n se extendi\u00f3 a zonas aleda\u00f1as, alcanzando a otras personas que resultaron lesionadas.<\/p>\n\n\n\n<p class=\"p2 wp-block-paragraph\">Como saldo, once personas perdieron la vida a causa de impactos de arma de fuego, mientras que dos m\u00e1s resultaron heridas.<\/p>\n\n\n\n<p class=\"p2 wp-block-paragraph\">Para esclarecer el caso, la autoridad ministerial despleg\u00f3 un trabajo coordinado que incluy\u00f3 labores de inteligencia, an\u00e1lisis de gabinete, investigaciones de campo, peritajes bal\u00edsticos, reconstrucci\u00f3n de los hechos y entrevistas a testigos. En estas tareas participaron la Polic\u00eda de Investigaci\u00f3n, \u00e1reas t\u00e9cnicas especializadas y la Direcci\u00f3n de Litigaci\u00f3n y Seguimiento de la Vicefiscal\u00eda en Investigaci\u00f3n Criminal Especializada.<\/p>\n\n\n\n<p class=\"p2 wp-block-paragraph\">De acuerdo con la Fiscal\u00eda, la solidez de las pruebas permiti\u00f3 acreditar la participaci\u00f3n directa del acusado y las circunstancias en que se perpetr\u00f3 el ataque, lo que deriv\u00f3 en una sentencia acorde con la gravedad de los hechos dictada por el Tribunal en juicio oral.<\/p>\n<div class=\"fb-background-color\">\n\t\t\t  <div \n\t\t\t  \tclass = \"fb-comments\" \n\t\t\t  \tdata-href = \"https:\/\/diarioavanzada.com.mx\/?p=120360\"\n\t\t\t  \tdata-numposts = \"10\"\n\t\t\t  \tdata-lazy = \"true\"\n\t\t\t\tdata-colorscheme = \"light\"\n\t\t\t\tdata-order-by = \"social\"\n\t\t\t\tdata-mobile=true>\n\t\t\t  <\/div><\/div>\n\t\t  <style>\n\t\t    .fb-background-color {\n\t\t\t\tbackground:  !important;\n\t\t\t}\n\t\t\t.fb_iframe_widget_fluid_desktop iframe {\n\t\t\t    width: 100% !important;\n\t\t\t}\n\t\t  <\/style>\n\t\t  ","protected":false},"excerpt":{"rendered":"<p>El ataque, ocurrido en la colonia Jauja en 2021, dej\u00f3 once personas muertas y dos m\u00e1s lesionadas; la Fiscal\u00eda destac\u00f3 la complejidad de la investigaci\u00f3n para lograr la condena. Jalisco, M\u00e9xico, Avanzada (22\/04\/2025).- Tras un proceso judicial sustentado en una investigaci\u00f3n exhaustiva, la Fiscal\u00eda del Estado obtuvo una sentencia de 122 a\u00f1os y diez d\u00edas [&hellip;]<\/p>\n","protected":false},"author":7,"featured_media":120372,"comment_status":"closed","ping_status":"closed","sticky":false,"template":"","format":"standard","meta":{"_coblocks_attr":"","_coblocks_dimensions":"","_coblocks_responsive_height":"","_coblocks_accordion_ie_support":"","_crdt_document":"","advanced_seo_description":"","jetpack_seo_html_title":"","jetpack_seo_noindex":false,"_jetpack_memberships_contains_paid_content":false,"footnotes":""},"categories":[1,209,353,22,231],"tags":[],"class_list":["post-120360","post","type-post","status-publish","format-standard","has-post-thumbnail","hentry","category-general","category-importantes","category-jalisco","category-nacion","category-seguridad"],"jetpack_featured_media_url":"https:\/\/diarioavanzada.com.mx\/wp-content\/uploads\/2026\/04\/img_2650.png","jetpack-related-posts":[],"jetpack_sharing_enabled":true,"amp_enabled":true,"_links":{"self":[{"href":"https:\/\/diarioavanzada.com.mx\/index.php?rest_route=\/wp\/v2\/posts\/120360","targetHints":{"allow":["GET"]}}],"collection":[{"href":"https:\/\/diarioavanzada.com.mx\/index.php?rest_route=\/wp\/v2\/posts"}],"about":[{"href":"https:\/\/diarioavanzada.com.mx\/index.php?rest_route=\/wp\/v2\/types\/post"}],"author":[{"embeddable":true,"href":"https:\/\/diarioavanzada.com.mx\/index.php?rest_route=\/wp\/v2\/users\/7"}],"replies":[{"embeddable":true,"href":"https:\/\/diarioavanzada.com.mx\/index.php?rest_route=%2Fwp%2Fv2%2Fcomments&post=120360"}],"version-history":[{"count":2,"href":"https:\/\/diarioavanzada.com.mx\/index.php?rest_route=\/wp\/v2\/posts\/120360\/revisions"}],"predecessor-version":[{"id":120363,"href":"https:\/\/diarioavanzada.com.mx\/index.php?rest_route=\/wp\/v2\/posts\/120360\/revisions\/120363"}],"wp:featuredmedia":[{"embeddable":true,"href":"https:\/\/diarioavanzada.com.mx\/index.php?rest_route=\/wp\/v2\/media\/120372"}],"wp:attachment":[{"href":"https:\/\/diarioavanzada.com.mx\/index.php?rest_route=%2Fwp%2Fv2%2Fmedia&parent=120360"}],"wp:term":[{"taxonomy":"category","embeddable":true,"href":"https:\/\/diarioavanzada.com.mx\/index.php?rest_route=%2Fwp%2Fv2%2Fcategories&post=120360"},{"taxonomy":"post_tag","embeddable":true,"href":"https:\/\/diarioavanzada.com.mx\/index.php?rest_route=%2Fwp%2Fv2%2Ftags&post=120360"}],"curies":[{"name":"wp","href":"https:\/\/api.w.org\/{rel}","templated":true}]}}