{"id":120350,"date":"2026-04-22T12:51:41","date_gmt":"2026-04-22T18:51:41","guid":{"rendered":"https:\/\/diarioavanzada.com.mx\/?p=120350"},"modified":"2026-04-22T12:51:41","modified_gmt":"2026-04-22T18:51:41","slug":"se-procedera-judicialmente-advierte-gobierno-de-zacatecas-tras-incendio-en-almacen-federal","status":"publish","type":"post","link":"https:\/\/diarioavanzada.com.mx\/?p=120350","title":{"rendered":"\u201cSe proceder\u00e1 judicialmente\u201d: advierte Gobierno de Zacatecas tras incendio en almac\u00e9n federal"},"content":{"rendered":"\n<p class=\"p1 wp-block-paragraph\">Guanajuato, M\u00e9xico, Avanzada (22\/04\/2026).- El Gobierno de Zacatecas advirti\u00f3 que se proceder\u00e1 legalmente contra quien resulte responsable del incendio que destruy\u00f3 las instalaciones de Alimentaci\u00f3n para el Bienestar, donde las p\u00e9rdidas superan los 100 millones de pesos.<\/p>\n\n\n\n<p class=\"p1 wp-block-paragraph\">En entrevista, el secretario general de Gobierno, Mtro. Rodrigo Reyes Mug\u00fcerza, fue enf\u00e1tico al se\u00f1alar que no debe haber impunidad en un hecho de tal magnitud, especialmente por tratarse de infraestructura relacionada con el almacenamiento de productos b\u00e1sicos.<\/p>\n\n\n\n<p class=\"p1 wp-block-paragraph\">\u201cSe proceder\u00e1 judicialmente contra quien resulte responsable. No puede quedar sin consecuencias un hecho que gener\u00f3 da\u00f1os patrimoniales importantes y que adem\u00e1s pudo haber puesto en riesgo a la poblaci\u00f3n\u201d, sostuvo.<\/p>\n\n\n\n<p class=\"p1 wp-block-paragraph\">El funcionario indic\u00f3 que ya se llevan a cabo investigaciones para determinar el origen del siniestro, el cual se extendi\u00f3 por m\u00e1s de 15 horas y requiri\u00f3 la participaci\u00f3n de decenas de elementos de emergencia de distintos municipios e incluso de otra entidad.<\/p>\n\n\n\n<p class=\"p1 wp-block-paragraph\">Reyes Mug\u00fcerza subray\u00f3 que ser\u00e1 fundamental esclarecer si el incendio fue accidental o provocado: \u201cLas autoridades competentes tendr\u00e1n que determinar las causas; si hubo negligencia o intencionalidad, se actuar\u00e1 conforme a la ley\u201d.<\/p>\n\n\n\n<p class=\"p1 wp-block-paragraph\">Asimismo, reiter\u00f3 que el gobierno estatal dar\u00e1 seguimiento puntual al caso en coordinaci\u00f3n con instancias federales y estatales involucradas, al tiempo que insisti\u00f3 en la necesidad de reforzar medidas de prevenci\u00f3n en instalaciones estrat\u00e9gicas.<\/p>\n\n\n\n<p class=\"p1 wp-block-paragraph\">\u201cEste tipo de eventos obligan a revisar protocolos y fortalecer la seguridad en espacios donde se resguardan insumos esenciales para la poblaci\u00f3n\u201d, concluy\u00f3.<\/p>\n<div class=\"fb-background-color\">\n\t\t\t  <div \n\t\t\t  \tclass = \"fb-comments\" \n\t\t\t  \tdata-href = \"https:\/\/diarioavanzada.com.mx\/?p=120350\"\n\t\t\t  \tdata-numposts = \"10\"\n\t\t\t  \tdata-lazy = \"true\"\n\t\t\t\tdata-colorscheme = \"light\"\n\t\t\t\tdata-order-by = \"social\"\n\t\t\t\tdata-mobile=true>\n\t\t\t  <\/div><\/div>\n\t\t  <style>\n\t\t    .fb-background-color {\n\t\t\t\tbackground:  !important;\n\t\t\t}\n\t\t\t.fb_iframe_widget_fluid_desktop iframe {\n\t\t\t    width: 100% !important;\n\t\t\t}\n\t\t  <\/style>\n\t\t  ","protected":false},"excerpt":{"rendered":"<p>Guanajuato, M\u00e9xico, Avanzada (22\/04\/2026).- El Gobierno de Zacatecas advirti\u00f3 que se proceder\u00e1 legalmente contra quien resulte responsable del incendio que destruy\u00f3 las instalaciones de Alimentaci\u00f3n para el Bienestar, donde las p\u00e9rdidas superan los 100 millones de pesos. En entrevista, el secretario general de Gobierno, Mtro. Rodrigo Reyes Mug\u00fcerza, fue enf\u00e1tico al se\u00f1alar que no debe [&hellip;]<\/p>\n","protected":false},"author":7,"featured_media":120349,"comment_status":"closed","ping_status":"closed","sticky":false,"template":"","format":"standard","meta":{"_coblocks_attr":"","_coblocks_dimensions":"","_coblocks_responsive_height":"","_coblocks_accordion_ie_support":"","_crdt_document":"","advanced_seo_description":"","jetpack_seo_html_title":"","jetpack_seo_noindex":false,"_jetpack_memberships_contains_paid_content":false,"footnotes":""},"categories":[1,209,22,7,231,29],"tags":[210],"class_list":["post-120350","post","type-post","status-publish","format-standard","has-post-thumbnail","hentry","category-general","category-importantes","category-nacion","category-noticias","category-seguridad","category-sociedad","tag-portada"],"jetpack_featured_media_url":"https:\/\/diarioavanzada.com.mx\/wp-content\/uploads\/2026\/04\/img_0480.jpg","jetpack-related-posts":[],"jetpack_sharing_enabled":true,"amp_enabled":true,"_links":{"self":[{"href":"https:\/\/diarioavanzada.com.mx\/index.php?rest_route=\/wp\/v2\/posts\/120350","targetHints":{"allow":["GET"]}}],"collection":[{"href":"https:\/\/diarioavanzada.com.mx\/index.php?rest_route=\/wp\/v2\/posts"}],"about":[{"href":"https:\/\/diarioavanzada.com.mx\/index.php?rest_route=\/wp\/v2\/types\/post"}],"author":[{"embeddable":true,"href":"https:\/\/diarioavanzada.com.mx\/index.php?rest_route=\/wp\/v2\/users\/7"}],"replies":[{"embeddable":true,"href":"https:\/\/diarioavanzada.com.mx\/index.php?rest_route=%2Fwp%2Fv2%2Fcomments&post=120350"}],"version-history":[{"count":0,"href":"https:\/\/diarioavanzada.com.mx\/index.php?rest_route=\/wp\/v2\/posts\/120350\/revisions"}],"wp:featuredmedia":[{"embeddable":true,"href":"https:\/\/diarioavanzada.com.mx\/index.php?rest_route=\/wp\/v2\/media\/120349"}],"wp:attachment":[{"href":"https:\/\/diarioavanzada.com.mx\/index.php?rest_route=%2Fwp%2Fv2%2Fmedia&parent=120350"}],"wp:term":[{"taxonomy":"category","embeddable":true,"href":"https:\/\/diarioavanzada.com.mx\/index.php?rest_route=%2Fwp%2Fv2%2Fcategories&post=120350"},{"taxonomy":"post_tag","embeddable":true,"href":"https:\/\/diarioavanzada.com.mx\/index.php?rest_route=%2Fwp%2Fv2%2Ftags&post=120350"}],"curies":[{"name":"wp","href":"https:\/\/api.w.org\/{rel}","templated":true}]}}