{"id":120333,"date":"2026-04-22T10:51:04","date_gmt":"2026-04-22T16:51:04","guid":{"rendered":"https:\/\/diarioavanzada.com.mx\/?p=120333"},"modified":"2026-04-22T10:51:04","modified_gmt":"2026-04-22T16:51:04","slug":"sheinbaum-exige-aclarar-presencia-de-la-cia-en-operativo-en-chihuahua","status":"publish","type":"post","link":"https:\/\/diarioavanzada.com.mx\/?p=120333","title":{"rendered":"Sheinbaum exige aclarar presencia de la CIA en operativo en Chihuahua"},"content":{"rendered":"\n<p class=\"wp-block-paragraph\">M\u00e9xico, Avanzada (22\/04\/2026).- La presidenta de M\u00e9xico, Claudia Sheinbaum Pardo, reiter\u00f3 su rechazo a la participaci\u00f3n de agentes extranjeros en operativos de seguridad dentro del territorio nacional, luego de la pol\u00e9mica generada por la presunta intervenci\u00f3n de elementos de la CIA en un operativo en el estado de Chihuahua.<\/p>\n\n\n\n<p class=\"p1 wp-block-paragraph\">Durante su conferencia matutina, la mandataria confirm\u00f3 que su gobierno ya solicit\u00f3 informaci\u00f3n formal al gobierno de Estados Unidos a trav\u00e9s de la Secretar\u00eda de Relaciones Exteriores, con el objetivo de esclarecer las circunstancias en las que habr\u00edan participado personas extranjeras en acciones de seguridad en M\u00e9xico.<\/p>\n\n\n\n<p class=\"p1 wp-block-paragraph\">Sheinbaum subray\u00f3 que no existe autorizaci\u00f3n para que agentes de otros pa\u00edses intervengan directamente en operativos en territorio nacional, y advirti\u00f3 que, de confirmarse, se tratar\u00eda de una violaci\u00f3n a los protocolos establecidos en la Ley de Seguridad Nacional. En ese sentido, enfatiz\u00f3 que cualquier tipo de colaboraci\u00f3n en materia de seguridad debe realizarse exclusivamente mediante canales institucionales y bajo el conocimiento del gobierno federal.<\/p>\n\n\n\n<p class=\"p1 wp-block-paragraph\">La presidenta tambi\u00e9n se\u00f1al\u00f3 que, hasta el momento, no se tiene registro de que dicha participaci\u00f3n haya sido notificada a instancias como la Secretar\u00eda de la Defensa Nacional, la Secretar\u00eda de Seguridad y Protecci\u00f3n Ciudadana o la propia Canciller\u00eda, lo que agrava la situaci\u00f3n al tratarse de un asunto de soberan\u00eda nacional.<\/p>\n\n\n\n<p class=\"p1 wp-block-paragraph\">Asimismo, inform\u00f3 que ya se envi\u00f3 una nota diplom\u00e1tica al gobierno estadounidense en la que se expresa un extra\u00f1amiento por lo ocurrido y se solicita un informe detallado sobre la presencia, funciones y estatus de las personas involucradas.<\/p>\n\n\n\n<p class=\"p1 wp-block-paragraph\">Sheinbaum insisti\u00f3 en que la cooperaci\u00f3n bilateral en materia de seguridad con Estados Unidos se mantiene, pero debe apegarse estrictamente al marco legal vigente. \u201cNo est\u00e1 permitido por la ley que ning\u00fan agente extranjero participe de manera directa en operativos en M\u00e9xico\u201d, puntualiz\u00f3.<\/p>\n\n\n\n<p class=\"p1 wp-block-paragraph\">Finalmente, asegur\u00f3 que se dar\u00e1 seguimiento al caso y que el gabinete de seguridad ser\u00e1 el encargado de proporcionar informaci\u00f3n adicional conforme avance la revisi\u00f3n de los hechos, reiterando que este tipo de situaciones no pueden quedar sin aclararse debido a su relevancia para la seguridad y la soberan\u00eda del pa\u00eds.<\/p>\n<div class=\"fb-background-color\">\n\t\t\t  <div \n\t\t\t  \tclass = \"fb-comments\" \n\t\t\t  \tdata-href = \"https:\/\/diarioavanzada.com.mx\/?p=120333\"\n\t\t\t  \tdata-numposts = \"10\"\n\t\t\t  \tdata-lazy = \"true\"\n\t\t\t\tdata-colorscheme = \"light\"\n\t\t\t\tdata-order-by = \"social\"\n\t\t\t\tdata-mobile=true>\n\t\t\t  <\/div><\/div>\n\t\t  <style>\n\t\t    .fb-background-color {\n\t\t\t\tbackground:  !important;\n\t\t\t}\n\t\t\t.fb_iframe_widget_fluid_desktop iframe {\n\t\t\t    width: 100% !important;\n\t\t\t}\n\t\t  <\/style>\n\t\t  ","protected":false},"excerpt":{"rendered":"<p>M\u00e9xico, Avanzada (22\/04\/2026).- La presidenta de M\u00e9xico, Claudia Sheinbaum Pardo, reiter\u00f3 su rechazo a la participaci\u00f3n de agentes extranjeros en operativos de seguridad dentro del territorio nacional, luego de la pol\u00e9mica generada por la presunta intervenci\u00f3n de elementos de la CIA en un operativo en el estado de Chihuahua. Durante su conferencia matutina, la mandataria [&hellip;]<\/p>\n","protected":false},"author":7,"featured_media":120332,"comment_status":"closed","ping_status":"closed","sticky":false,"template":"","format":"standard","meta":{"_coblocks_attr":"","_coblocks_dimensions":"","_coblocks_responsive_height":"","_coblocks_accordion_ie_support":"","_crdt_document":"","advanced_seo_description":"","jetpack_seo_html_title":"","jetpack_seo_noindex":false,"_jetpack_memberships_contains_paid_content":false,"footnotes":""},"categories":[1,209,22,7,231,29],"tags":[210],"class_list":["post-120333","post","type-post","status-publish","format-standard","has-post-thumbnail","hentry","category-general","category-importantes","category-nacion","category-noticias","category-seguridad","category-sociedad","tag-portada"],"jetpack_featured_media_url":"https:\/\/diarioavanzada.com.mx\/wp-content\/uploads\/2026\/04\/img_2635.png","jetpack-related-posts":[],"jetpack_sharing_enabled":true,"amp_enabled":true,"_links":{"self":[{"href":"https:\/\/diarioavanzada.com.mx\/index.php?rest_route=\/wp\/v2\/posts\/120333","targetHints":{"allow":["GET"]}}],"collection":[{"href":"https:\/\/diarioavanzada.com.mx\/index.php?rest_route=\/wp\/v2\/posts"}],"about":[{"href":"https:\/\/diarioavanzada.com.mx\/index.php?rest_route=\/wp\/v2\/types\/post"}],"author":[{"embeddable":true,"href":"https:\/\/diarioavanzada.com.mx\/index.php?rest_route=\/wp\/v2\/users\/7"}],"replies":[{"embeddable":true,"href":"https:\/\/diarioavanzada.com.mx\/index.php?rest_route=%2Fwp%2Fv2%2Fcomments&post=120333"}],"version-history":[{"count":0,"href":"https:\/\/diarioavanzada.com.mx\/index.php?rest_route=\/wp\/v2\/posts\/120333\/revisions"}],"wp:featuredmedia":[{"embeddable":true,"href":"https:\/\/diarioavanzada.com.mx\/index.php?rest_route=\/wp\/v2\/media\/120332"}],"wp:attachment":[{"href":"https:\/\/diarioavanzada.com.mx\/index.php?rest_route=%2Fwp%2Fv2%2Fmedia&parent=120333"}],"wp:term":[{"taxonomy":"category","embeddable":true,"href":"https:\/\/diarioavanzada.com.mx\/index.php?rest_route=%2Fwp%2Fv2%2Fcategories&post=120333"},{"taxonomy":"post_tag","embeddable":true,"href":"https:\/\/diarioavanzada.com.mx\/index.php?rest_route=%2Fwp%2Fv2%2Ftags&post=120333"}],"curies":[{"name":"wp","href":"https:\/\/api.w.org\/{rel}","templated":true}]}}