{"id":120325,"date":"2026-04-22T08:29:29","date_gmt":"2026-04-22T14:29:29","guid":{"rendered":"https:\/\/diarioavanzada.com.mx\/?p=120325"},"modified":"2026-04-22T08:29:29","modified_gmt":"2026-04-22T14:29:29","slug":"por-fallas-detectadas-morena-plantea-ajustes-a-eleccion-judicial","status":"publish","type":"post","link":"https:\/\/diarioavanzada.com.mx\/?p=120325","title":{"rendered":"Por fallas detectadas, Morena plantea ajustes a elecci\u00f3n judicial"},"content":{"rendered":"\n<p class=\"p1 wp-block-paragraph\"><em>La propuesta busca elevar los requisitos t\u00e9cnicos de aspirantes, reducir la politizaci\u00f3n del proceso y fortalecer los mecanismos de evaluaci\u00f3n del desempe\u00f1o judicial.<\/em><\/p>\n\n\n\n<p class=\"p1 wp-block-paragraph\">Ciudad de M\u00e9xico, Avanzada (22\/04\/2026).- Legisladores de Morena impulsan una iniciativa de reforma constitucional con la intenci\u00f3n de corregir deficiencias identificadas en la primera elecci\u00f3n judicial realizada en 2025, particularmente en lo relacionado con la preparaci\u00f3n de los candidatos y la influencia de factores pol\u00edticos en el proceso.<\/p>\n\n\n\n<p class=\"p1 wp-block-paragraph\">El proyecto contempla que quienes aspiren a cargos dentro del Poder Judicial deban acreditar una certificaci\u00f3n de competencias expedida por la Escuela Nacional de Formaci\u00f3n Judicial. Esta medida sustituir\u00eda la revisi\u00f3n de calificaciones acad\u00e9micas, al considerar que no son un indicador suficiente de las capacidades profesionales. En su lugar, se prev\u00e9 la aplicaci\u00f3n de evaluaciones t\u00e9cnicas estandarizadas.<\/p>\n\n\n\n<p class=\"p1 wp-block-paragraph\">La propuesta se presenta luego de diversas cr\u00edticas hacia perfiles electos el a\u00f1o pasado, algunos de los cuales han sido se\u00f1alados por no dominar plenamente sus responsabilidades. Ante este escenario, los legisladores promotores consideran indispensable reforzar los criterios de selecci\u00f3n.<\/p>\n\n\n\n<p class=\"p1 wp-block-paragraph\">Uno de los puntos clave de la iniciativa es separar la elecci\u00f3n judicial de otros comicios. Seg\u00fan se argumenta, la coincidencia de procesos puede generar desinformaci\u00f3n entre los votantes, sobrecarga en la agenda electoral y una mayor politizaci\u00f3n de las candidaturas, adem\u00e1s de presiones adicionales para las autoridades encargadas de organizar las elecciones.<\/p>\n\n\n\n<p class=\"p1 wp-block-paragraph\">En materia de supervisi\u00f3n, se propone la creaci\u00f3n de un Observatorio Ciudadano que d\u00e9 seguimiento al desempe\u00f1o de jueces y magistrados, con base en principios de transparencia, objetividad y rendici\u00f3n de cuentas. Este organismo tambi\u00e9n tendr\u00eda como objetivo facilitar el acceso a la informaci\u00f3n y fortalecer la confianza p\u00fablica en las instituciones judiciales.<\/p>\n\n\n\n<p class=\"p1 wp-block-paragraph\">El documento est\u00e1 suscrito por Alfonso Ram\u00edrez Cu\u00e9llar, Mariana Ben\u00edtez, Olga S\u00e1nchez Cordero, Alfredo V\u00e1zquez V\u00e1zquez, Javier Corral y Susana Harp, todos integrantes de Morena. Al tratarse de una reforma constitucional, su aprobaci\u00f3n requerir\u00e1 mayor\u00eda calificada en el Congreso de la Uni\u00f3n y el aval de la mayor\u00eda de los congresos estatales.<\/p>\n\n\n\n<p class=\"p1 wp-block-paragraph\">Dentro de los cambios planteados, se establece que al menos cinco de los nueve ministros de la Suprema Corte de Justicia de la Naci\u00f3n deber\u00e1n contar con trayectoria previa en el Poder Judicial, mientras que los cuatro restantes podr\u00e1n provenir de otros \u00e1mbitos.<\/p>\n\n\n\n<p class=\"p1 wp-block-paragraph\">Tambi\u00e9n se propone que las resoluciones de la Corte solo tengan car\u00e1cter obligatorio general cuando sean respaldadas por al menos seis votos y se formalicen mediante una tesis.<\/p>\n\n\n\n<p class=\"p1 wp-block-paragraph\">En cuanto al proceso de selecci\u00f3n, se plantea desaparecer los tres comit\u00e9s actuales \u2014correspondientes a cada poder\u2014 para concentrar esta funci\u00f3n en un solo \u00f3rgano integrado de manera equilibrada por representantes de los tres poderes.<\/p>\n\n\n\n<p class=\"p1 wp-block-paragraph\">Asimismo, se modificar\u00eda el acto protocolario de toma de protesta de los funcionarios judiciales electos, que dejar\u00eda de realizarse en el Senado para llevarse a cabo en la Suprema Corte.<\/p>\n\n\n\n<p class=\"p1 wp-block-paragraph\">Con estos cambios, Morena busca afinar el modelo de elecci\u00f3n judicial aprobado al final del gobierno de Andr\u00e9s Manuel L\u00f3pez Obrador y posteriormente ajustado durante la administraci\u00f3n de Claudia Sheinbaum, con el objetivo de fortalecer la preparaci\u00f3n t\u00e9cnica y la autonom\u00eda del Poder Judicial.<\/p>\n<div class=\"fb-background-color\">\n\t\t\t  <div \n\t\t\t  \tclass = \"fb-comments\" \n\t\t\t  \tdata-href = \"https:\/\/diarioavanzada.com.mx\/?p=120325\"\n\t\t\t  \tdata-numposts = \"10\"\n\t\t\t  \tdata-lazy = \"true\"\n\t\t\t\tdata-colorscheme = \"light\"\n\t\t\t\tdata-order-by = \"social\"\n\t\t\t\tdata-mobile=true>\n\t\t\t  <\/div><\/div>\n\t\t  <style>\n\t\t    .fb-background-color {\n\t\t\t\tbackground:  !important;\n\t\t\t}\n\t\t\t.fb_iframe_widget_fluid_desktop iframe {\n\t\t\t    width: 100% !important;\n\t\t\t}\n\t\t  <\/style>\n\t\t  ","protected":false},"excerpt":{"rendered":"<p>La propuesta busca elevar los requisitos t\u00e9cnicos de aspirantes, reducir la politizaci\u00f3n del proceso y fortalecer los mecanismos de evaluaci\u00f3n del desempe\u00f1o judicial. Ciudad de M\u00e9xico, Avanzada (22\/04\/2026).- Legisladores de Morena impulsan una iniciativa de reforma constitucional con la intenci\u00f3n de corregir deficiencias identificadas en la primera elecci\u00f3n judicial realizada en 2025, particularmente en lo [&hellip;]<\/p>\n","protected":false},"author":7,"featured_media":120324,"comment_status":"closed","ping_status":"closed","sticky":false,"template":"","format":"standard","meta":{"_coblocks_attr":"","_coblocks_dimensions":"","_coblocks_responsive_height":"","_coblocks_accordion_ie_support":"","_crdt_document":"","advanced_seo_description":"","jetpack_seo_html_title":"","jetpack_seo_noindex":false,"_jetpack_memberships_contains_paid_content":false,"footnotes":""},"categories":[1,209,22,7,29],"tags":[],"class_list":["post-120325","post","type-post","status-publish","format-standard","has-post-thumbnail","hentry","category-general","category-importantes","category-nacion","category-noticias","category-sociedad"],"jetpack_featured_media_url":"https:\/\/diarioavanzada.com.mx\/wp-content\/uploads\/2026\/04\/img_1970.png","jetpack-related-posts":[],"jetpack_sharing_enabled":true,"amp_enabled":true,"_links":{"self":[{"href":"https:\/\/diarioavanzada.com.mx\/index.php?rest_route=\/wp\/v2\/posts\/120325","targetHints":{"allow":["GET"]}}],"collection":[{"href":"https:\/\/diarioavanzada.com.mx\/index.php?rest_route=\/wp\/v2\/posts"}],"about":[{"href":"https:\/\/diarioavanzada.com.mx\/index.php?rest_route=\/wp\/v2\/types\/post"}],"author":[{"embeddable":true,"href":"https:\/\/diarioavanzada.com.mx\/index.php?rest_route=\/wp\/v2\/users\/7"}],"replies":[{"embeddable":true,"href":"https:\/\/diarioavanzada.com.mx\/index.php?rest_route=%2Fwp%2Fv2%2Fcomments&post=120325"}],"version-history":[{"count":0,"href":"https:\/\/diarioavanzada.com.mx\/index.php?rest_route=\/wp\/v2\/posts\/120325\/revisions"}],"wp:featuredmedia":[{"embeddable":true,"href":"https:\/\/diarioavanzada.com.mx\/index.php?rest_route=\/wp\/v2\/media\/120324"}],"wp:attachment":[{"href":"https:\/\/diarioavanzada.com.mx\/index.php?rest_route=%2Fwp%2Fv2%2Fmedia&parent=120325"}],"wp:term":[{"taxonomy":"category","embeddable":true,"href":"https:\/\/diarioavanzada.com.mx\/index.php?rest_route=%2Fwp%2Fv2%2Fcategories&post=120325"},{"taxonomy":"post_tag","embeddable":true,"href":"https:\/\/diarioavanzada.com.mx\/index.php?rest_route=%2Fwp%2Fv2%2Ftags&post=120325"}],"curies":[{"name":"wp","href":"https:\/\/api.w.org\/{rel}","templated":true}]}}