{"id":120280,"date":"2026-04-21T18:52:10","date_gmt":"2026-04-22T00:52:10","guid":{"rendered":"https:\/\/diarioavanzada.com.mx\/?p=120280"},"modified":"2026-04-21T18:57:25","modified_gmt":"2026-04-22T00:57:25","slug":"gobernadora-y-alcalde-son-patrones-responsables-sindicato-no-marchara-el-dia-del-trabajo","status":"publish","type":"post","link":"https:\/\/diarioavanzada.com.mx\/?p=120280","title":{"rendered":"Gobernadora y Alcalde son \u201cpatrones responsables\u201d; sindicato no marchar\u00e1 el D\u00eda del Trabajo"},"content":{"rendered":"\n<p class=\"p1 wp-block-paragraph\">Colima, M\u00e9xico, Avanzada (21\/04\/2026).- El secretario general del Sindicato de Trabajadores al Servicio del Ayuntamiento de Colima, Arturo Le\u00f3n Alam, descart\u00f3 la necesidad de realizar un desfile el 1 de mayo, al considerar que los actuales gobernantes del estado son responsables y comprometidos con la clase trabajadora.<\/p>\n\n\n\n<p class=\"p1 wp-block-paragraph\">En una declaraci\u00f3n con medios, Le\u00f3n Alam elogi\u00f3 a la gobernadora Indira Vizca\u00edno y al presidente municipal Riult Rivera, asegurando que ambos brindan certidumbre jur\u00eddica y econ\u00f3mica a los trabajadores.<\/p>\n\n\n\n<p class=\"p1 wp-block-paragraph\">El dirigente sindical subray\u00f3 que, en lugar de las tradicionales marchas, el sindicato celebrar\u00e1 mesas de trabajo y an\u00e1lisis con delegados y trabajadores, enfocadas en la creciente inflaci\u00f3n que afecta el salario. Le\u00f3n Alam critic\u00f3 la costumbre heredada del PRI de exponer a los trabajadores a desmayos y fatiga bajo el sol, escuchando discursos largos. En su lugar, propuso un di\u00e1logo directo con las autoridades, destacando que las condiciones actuales requieren an\u00e1lisis y acuerdos constructivos para preservar el poder adquisitivo de los trabajadores. <\/p>\n\n\n\n<p class=\"p1 wp-block-paragraph\">Reiter\u00f3 que el sindicato seguir\u00e1 emitiendo posicionamientos y mantendr\u00e1 la vigilancia sobre las condiciones laborales, tanto de trabajadores activos como jubilados y pensionados.<\/p>\n<div class=\"fb-background-color\">\n\t\t\t  <div \n\t\t\t  \tclass = \"fb-comments\" \n\t\t\t  \tdata-href = \"https:\/\/diarioavanzada.com.mx\/?p=120280\"\n\t\t\t  \tdata-numposts = \"10\"\n\t\t\t  \tdata-lazy = \"true\"\n\t\t\t\tdata-colorscheme = \"light\"\n\t\t\t\tdata-order-by = \"social\"\n\t\t\t\tdata-mobile=true>\n\t\t\t  <\/div><\/div>\n\t\t  <style>\n\t\t    .fb-background-color {\n\t\t\t\tbackground:  !important;\n\t\t\t}\n\t\t\t.fb_iframe_widget_fluid_desktop iframe {\n\t\t\t    width: 100% !important;\n\t\t\t}\n\t\t  <\/style>\n\t\t  ","protected":false},"excerpt":{"rendered":"<p>Colima, M\u00e9xico, Avanzada (21\/04\/2026).- El secretario general del Sindicato de Trabajadores al Servicio del Ayuntamiento de Colima, Arturo Le\u00f3n Alam, descart\u00f3 la necesidad de realizar un desfile el 1 de mayo, al considerar que los actuales gobernantes del estado son responsables y comprometidos con la clase trabajadora. En una declaraci\u00f3n con medios, Le\u00f3n Alam elogi\u00f3 [&hellip;]<\/p>\n","protected":false},"author":7,"featured_media":120281,"comment_status":"closed","ping_status":"closed","sticky":false,"template":"","format":"standard","meta":{"_coblocks_attr":"","_coblocks_dimensions":"","_coblocks_responsive_height":"","_coblocks_accordion_ie_support":"","_crdt_document":"","advanced_seo_description":"","jetpack_seo_html_title":"","jetpack_seo_noindex":false,"_jetpack_memberships_contains_paid_content":false,"footnotes":""},"categories":[19,1,209,7,29],"tags":[210],"class_list":["post-120280","post","type-post","status-publish","format-standard","has-post-thumbnail","hentry","category-colima","category-general","category-importantes","category-noticias","category-sociedad","tag-portada"],"jetpack_featured_media_url":"https:\/\/diarioavanzada.com.mx\/wp-content\/uploads\/2026\/04\/img_2629.jpg","jetpack-related-posts":[],"jetpack_sharing_enabled":true,"amp_enabled":true,"_links":{"self":[{"href":"https:\/\/diarioavanzada.com.mx\/index.php?rest_route=\/wp\/v2\/posts\/120280","targetHints":{"allow":["GET"]}}],"collection":[{"href":"https:\/\/diarioavanzada.com.mx\/index.php?rest_route=\/wp\/v2\/posts"}],"about":[{"href":"https:\/\/diarioavanzada.com.mx\/index.php?rest_route=\/wp\/v2\/types\/post"}],"author":[{"embeddable":true,"href":"https:\/\/diarioavanzada.com.mx\/index.php?rest_route=\/wp\/v2\/users\/7"}],"replies":[{"embeddable":true,"href":"https:\/\/diarioavanzada.com.mx\/index.php?rest_route=%2Fwp%2Fv2%2Fcomments&post=120280"}],"version-history":[{"count":4,"href":"https:\/\/diarioavanzada.com.mx\/index.php?rest_route=\/wp\/v2\/posts\/120280\/revisions"}],"predecessor-version":[{"id":120286,"href":"https:\/\/diarioavanzada.com.mx\/index.php?rest_route=\/wp\/v2\/posts\/120280\/revisions\/120286"}],"wp:featuredmedia":[{"embeddable":true,"href":"https:\/\/diarioavanzada.com.mx\/index.php?rest_route=\/wp\/v2\/media\/120281"}],"wp:attachment":[{"href":"https:\/\/diarioavanzada.com.mx\/index.php?rest_route=%2Fwp%2Fv2%2Fmedia&parent=120280"}],"wp:term":[{"taxonomy":"category","embeddable":true,"href":"https:\/\/diarioavanzada.com.mx\/index.php?rest_route=%2Fwp%2Fv2%2Fcategories&post=120280"},{"taxonomy":"post_tag","embeddable":true,"href":"https:\/\/diarioavanzada.com.mx\/index.php?rest_route=%2Fwp%2Fv2%2Ftags&post=120280"}],"curies":[{"name":"wp","href":"https:\/\/api.w.org\/{rel}","templated":true}]}}