{"id":120275,"date":"2026-04-21T18:05:16","date_gmt":"2026-04-22T00:05:16","guid":{"rendered":"https:\/\/diarioavanzada.com.mx\/?p=120275"},"modified":"2026-04-21T18:05:16","modified_gmt":"2026-04-22T00:05:16","slug":"se-busca-hugo-tiene-36-anos-de-edad-desaparecio-el-14-de-mayo-en-manzanillo","status":"publish","type":"post","link":"https:\/\/diarioavanzada.com.mx\/?p=120275","title":{"rendered":"Se busca: Hugo tiene 36 a\u00f1os de edad, desapareci\u00f3 el 14 de mayo en Manzanillo"},"content":{"rendered":"\n<p class=\"p2 wp-block-paragraph\">Colima, M\u00e9xico, Avanzada (21\/04\/2026).- \ufffcLa Comisi\u00f3n de B\u00fasqueda de Personas del Estado de Colima difundi\u00f3 una ficha para localizar a Hugo Rogelio Larios Arag\u00f3n, quien fue reportado como desaparecido en el municipio de Manzanillo desde hace m\u00e1s de una d\u00e9cada.<\/p>\n\n\n\n<p class=\"p2 wp-block-paragraph\">De acuerdo con los datos oficiales, el hombre fue visto por \u00faltima vez el 14 de mayo de 2011; sin embargo, su caso fue reportado ante las autoridades hasta el 10 de abril de 2026. Actualmente, tendr\u00eda 36 a\u00f1os de edad.<\/p>\n\n\n\n<p class=\"p2 wp-block-paragraph\">Hugo Rogelio Larios Arag\u00f3n mide aproximadamente 1.65 metros, tiene cara cuadrada, nariz achatada, cabello corto, quebrado y de color negro, as\u00ed como ojos medianos color caf\u00e9 y tez moreno claro. Como se\u00f1as particulares, se indic\u00f3 que se desconocen caracter\u00edsticas distintivas adicionales.<\/p>\n\n\n\n<p class=\"p2 wp-block-paragraph\">Respecto a su vestimenta, se inform\u00f3 que usualmente viste ropa de color negro u oscuro.<\/p>\n\n\n\n<p class=\"p2 wp-block-paragraph\">La Comisi\u00f3n de B\u00fasqueda solicit\u00f3 el apoyo de la ciudadan\u00eda para proporcionar cualquier informaci\u00f3n que permita dar con su paradero. Para ello, puso a disposici\u00f3n el n\u00famero telef\u00f3nico 312 131 3809.<\/p>\n\n\n\n<figure class=\"wp-block-image size-large\"><img loading=\"lazy\" decoding=\"async\" width=\"940\" height=\"788\" src=\"https:\/\/diarioavanzada.com.mx\/wp-content\/uploads\/2026\/04\/img_2627.jpg\" alt=\"\" class=\"wp-image-120274\" srcset=\"https:\/\/diarioavanzada.com.mx\/wp-content\/uploads\/2026\/04\/img_2627.jpg 940w, https:\/\/diarioavanzada.com.mx\/wp-content\/uploads\/2026\/04\/img_2627-300x251.jpg 300w, https:\/\/diarioavanzada.com.mx\/wp-content\/uploads\/2026\/04\/img_2627-768x644.jpg 768w\" sizes=\"auto, (max-width: 940px) 100vw, 940px\" \/><\/figure>\n<div class=\"fb-background-color\">\n\t\t\t  <div \n\t\t\t  \tclass = \"fb-comments\" \n\t\t\t  \tdata-href = \"https:\/\/diarioavanzada.com.mx\/?p=120275\"\n\t\t\t  \tdata-numposts = \"10\"\n\t\t\t  \tdata-lazy = \"true\"\n\t\t\t\tdata-colorscheme = \"light\"\n\t\t\t\tdata-order-by = \"social\"\n\t\t\t\tdata-mobile=true>\n\t\t\t  <\/div><\/div>\n\t\t  <style>\n\t\t    .fb-background-color {\n\t\t\t\tbackground:  !important;\n\t\t\t}\n\t\t\t.fb_iframe_widget_fluid_desktop iframe {\n\t\t\t    width: 100% !important;\n\t\t\t}\n\t\t  <\/style>\n\t\t  ","protected":false},"excerpt":{"rendered":"<p>Colima, M\u00e9xico, Avanzada (21\/04\/2026).- \ufffcLa Comisi\u00f3n de B\u00fasqueda de Personas del Estado de Colima difundi\u00f3 una ficha para localizar a Hugo Rogelio Larios Arag\u00f3n, quien fue reportado como desaparecido en el municipio de Manzanillo desde hace m\u00e1s de una d\u00e9cada. De acuerdo con los datos oficiales, el hombre fue visto por \u00faltima vez el 14 [&hellip;]<\/p>\n","protected":false},"author":7,"featured_media":120278,"comment_status":"closed","ping_status":"closed","sticky":false,"template":"","format":"standard","meta":{"_coblocks_attr":"","_coblocks_dimensions":"","_coblocks_responsive_height":"","_coblocks_accordion_ie_support":"","_crdt_document":"","advanced_seo_description":"","jetpack_seo_html_title":"","jetpack_seo_noindex":false,"_jetpack_memberships_contains_paid_content":false,"footnotes":""},"categories":[19,209,7,29],"tags":[],"class_list":["post-120275","post","type-post","status-publish","format-standard","has-post-thumbnail","hentry","category-colima","category-importantes","category-noticias","category-sociedad"],"jetpack_featured_media_url":"https:\/\/diarioavanzada.com.mx\/wp-content\/uploads\/2026\/04\/img_1960.png","jetpack-related-posts":[],"jetpack_sharing_enabled":true,"amp_enabled":true,"_links":{"self":[{"href":"https:\/\/diarioavanzada.com.mx\/index.php?rest_route=\/wp\/v2\/posts\/120275","targetHints":{"allow":["GET"]}}],"collection":[{"href":"https:\/\/diarioavanzada.com.mx\/index.php?rest_route=\/wp\/v2\/posts"}],"about":[{"href":"https:\/\/diarioavanzada.com.mx\/index.php?rest_route=\/wp\/v2\/types\/post"}],"author":[{"embeddable":true,"href":"https:\/\/diarioavanzada.com.mx\/index.php?rest_route=\/wp\/v2\/users\/7"}],"replies":[{"embeddable":true,"href":"https:\/\/diarioavanzada.com.mx\/index.php?rest_route=%2Fwp%2Fv2%2Fcomments&post=120275"}],"version-history":[{"count":2,"href":"https:\/\/diarioavanzada.com.mx\/index.php?rest_route=\/wp\/v2\/posts\/120275\/revisions"}],"predecessor-version":[{"id":120279,"href":"https:\/\/diarioavanzada.com.mx\/index.php?rest_route=\/wp\/v2\/posts\/120275\/revisions\/120279"}],"wp:featuredmedia":[{"embeddable":true,"href":"https:\/\/diarioavanzada.com.mx\/index.php?rest_route=\/wp\/v2\/media\/120278"}],"wp:attachment":[{"href":"https:\/\/diarioavanzada.com.mx\/index.php?rest_route=%2Fwp%2Fv2%2Fmedia&parent=120275"}],"wp:term":[{"taxonomy":"category","embeddable":true,"href":"https:\/\/diarioavanzada.com.mx\/index.php?rest_route=%2Fwp%2Fv2%2Fcategories&post=120275"},{"taxonomy":"post_tag","embeddable":true,"href":"https:\/\/diarioavanzada.com.mx\/index.php?rest_route=%2Fwp%2Fv2%2Ftags&post=120275"}],"curies":[{"name":"wp","href":"https:\/\/api.w.org\/{rel}","templated":true}]}}