{"id":120249,"date":"2026-04-21T13:25:06","date_gmt":"2026-04-21T19:25:06","guid":{"rendered":"https:\/\/diarioavanzada.com.mx\/?p=120249"},"modified":"2026-04-21T13:25:06","modified_gmt":"2026-04-21T19:25:06","slug":"la-cnte-denuncia-persecucion-politica-contra-docente-en-tabasco-y-exige-su-reinstalacion","status":"publish","type":"post","link":"https:\/\/diarioavanzada.com.mx\/?p=120249","title":{"rendered":"La CNTE denuncia persecuci\u00f3n pol\u00edtica contra docente en Tabasco y exige su reinstalaci\u00f3n"},"content":{"rendered":"\n<p class=\"p1 wp-block-paragraph\">Colima, M\u00e9xico, Avanzada (21\/04\/2026).- La Coordinadora Nacional de Trabajadores de la Educaci\u00f3n conden\u00f3 en\u00e9rgicamente la presunta persecuci\u00f3n pol\u00edtica y laboral en contra del profesor Gamaliel S\u00e1nchez Salinas, integrante del magisterio democr\u00e1tico de la Coordinadora Estatal de Trabajadores de la Educaci\u00f3n de Tabasco, tras su cese como docente en el estado de Tabasco.<\/p>\n\n\n\n<p class=\"p1 wp-block-paragraph\">En su posicionamiento, la CNTE sostuvo que la destituci\u00f3n del profesor constituye un acto de represalia directa por su participaci\u00f3n activa dentro del movimiento democr\u00e1tico y por ejercer su derecho a la libre expresi\u00f3n, se\u00f1alando que se han utilizado mecanismos administrativos como herramientas de castigo pol\u00edtico.<\/p>\n\n\n\n<p class=\"p1 wp-block-paragraph\">La organizaci\u00f3n magisterial advirti\u00f3 que este caso no es aislado, sino parte de una pol\u00edtica sistem\u00e1tica de hostigamiento contra el magisterio organizado en Tabasco, con el objetivo de debilitar la lucha colectiva e inhibir la participaci\u00f3n cr\u00edtica de los trabajadores de la educaci\u00f3n.<\/p>\n\n\n\n<p class=\"p1 wp-block-paragraph\">Asimismo, la CNTE expres\u00f3 su solidaridad con el docente, su familia y el conjunto del magisterio democr\u00e1tico, al tiempo que exigi\u00f3 su reinstalaci\u00f3n inmediata y el respeto pleno a sus derechos laborales, sindicales y humanos.<\/p>\n\n\n\n<p class=\"p1 wp-block-paragraph\">De igual forma, responsabiliz\u00f3 al gobierno estatal de cualquier agresi\u00f3n f\u00edsica, psicol\u00f3gica o administrativa en contra del profesor S\u00e1nchez Salinas, y reiter\u00f3 su exigencia de poner fin a la criminalizaci\u00f3n de la protesta social.<\/p>\n\n\n\n<p class=\"p1 wp-block-paragraph\">Finalmente, la Coordinadora reafirm\u00f3 que la defensa del empleo, la libertad de organizaci\u00f3n y la dignidad del magisterio son principios irrenunciables, por lo que continuar\u00e1 impulsando la unidad y la movilizaci\u00f3n como v\u00edas para enfrentar lo que calific\u00f3 como represi\u00f3n y alcanzar justicia.<\/p>\n\n\n\n<p class=\"p1 wp-block-paragraph\">c: La CNTE denunci\u00f3 el cese del docente como un acto de represalia pol\u00edtica y advirti\u00f3 sobre un patr\u00f3n de hostigamiento contra el magisterio organizado en Tabasco.<\/p>\n<div class=\"fb-background-color\">\n\t\t\t  <div \n\t\t\t  \tclass = \"fb-comments\" \n\t\t\t  \tdata-href = \"https:\/\/diarioavanzada.com.mx\/?p=120249\"\n\t\t\t  \tdata-numposts = \"10\"\n\t\t\t  \tdata-lazy = \"true\"\n\t\t\t\tdata-colorscheme = \"light\"\n\t\t\t\tdata-order-by = \"social\"\n\t\t\t\tdata-mobile=true>\n\t\t\t  <\/div><\/div>\n\t\t  <style>\n\t\t    .fb-background-color {\n\t\t\t\tbackground:  !important;\n\t\t\t}\n\t\t\t.fb_iframe_widget_fluid_desktop iframe {\n\t\t\t    width: 100% !important;\n\t\t\t}\n\t\t  <\/style>\n\t\t  ","protected":false},"excerpt":{"rendered":"<p>Colima, M\u00e9xico, Avanzada (21\/04\/2026).- La Coordinadora Nacional de Trabajadores de la Educaci\u00f3n conden\u00f3 en\u00e9rgicamente la presunta persecuci\u00f3n pol\u00edtica y laboral en contra del profesor Gamaliel S\u00e1nchez Salinas, integrante del magisterio democr\u00e1tico de la Coordinadora Estatal de Trabajadores de la Educaci\u00f3n de Tabasco, tras su cese como docente en el estado de Tabasco. En su posicionamiento, [&hellip;]<\/p>\n","protected":false},"author":7,"featured_media":120248,"comment_status":"closed","ping_status":"closed","sticky":false,"template":"","format":"standard","meta":{"_coblocks_attr":"","_coblocks_dimensions":"","_coblocks_responsive_height":"","_coblocks_accordion_ie_support":"","_crdt_document":"","advanced_seo_description":"","jetpack_seo_html_title":"","jetpack_seo_noindex":false,"_jetpack_memberships_contains_paid_content":false,"footnotes":""},"categories":[1,209,22,29],"tags":[],"class_list":["post-120249","post","type-post","status-publish","format-standard","has-post-thumbnail","hentry","category-general","category-importantes","category-nacion","category-sociedad"],"jetpack_featured_media_url":"https:\/\/diarioavanzada.com.mx\/wp-content\/uploads\/2026\/04\/img_0302-1.jpg","jetpack-related-posts":[],"jetpack_sharing_enabled":true,"amp_enabled":true,"_links":{"self":[{"href":"https:\/\/diarioavanzada.com.mx\/index.php?rest_route=\/wp\/v2\/posts\/120249","targetHints":{"allow":["GET"]}}],"collection":[{"href":"https:\/\/diarioavanzada.com.mx\/index.php?rest_route=\/wp\/v2\/posts"}],"about":[{"href":"https:\/\/diarioavanzada.com.mx\/index.php?rest_route=\/wp\/v2\/types\/post"}],"author":[{"embeddable":true,"href":"https:\/\/diarioavanzada.com.mx\/index.php?rest_route=\/wp\/v2\/users\/7"}],"replies":[{"embeddable":true,"href":"https:\/\/diarioavanzada.com.mx\/index.php?rest_route=%2Fwp%2Fv2%2Fcomments&post=120249"}],"version-history":[{"count":1,"href":"https:\/\/diarioavanzada.com.mx\/index.php?rest_route=\/wp\/v2\/posts\/120249\/revisions"}],"predecessor-version":[{"id":120250,"href":"https:\/\/diarioavanzada.com.mx\/index.php?rest_route=\/wp\/v2\/posts\/120249\/revisions\/120250"}],"wp:featuredmedia":[{"embeddable":true,"href":"https:\/\/diarioavanzada.com.mx\/index.php?rest_route=\/wp\/v2\/media\/120248"}],"wp:attachment":[{"href":"https:\/\/diarioavanzada.com.mx\/index.php?rest_route=%2Fwp%2Fv2%2Fmedia&parent=120249"}],"wp:term":[{"taxonomy":"category","embeddable":true,"href":"https:\/\/diarioavanzada.com.mx\/index.php?rest_route=%2Fwp%2Fv2%2Fcategories&post=120249"},{"taxonomy":"post_tag","embeddable":true,"href":"https:\/\/diarioavanzada.com.mx\/index.php?rest_route=%2Fwp%2Fv2%2Ftags&post=120249"}],"curies":[{"name":"wp","href":"https:\/\/api.w.org\/{rel}","templated":true}]}}