{"id":120199,"date":"2026-04-20T19:48:20","date_gmt":"2026-04-21T01:48:20","guid":{"rendered":"https:\/\/diarioavanzada.com.mx\/?p=120199"},"modified":"2026-04-20T19:48:23","modified_gmt":"2026-04-21T01:48:23","slug":"mas-jovenes-en-tecoman-tienen-experiencia-de-conservacion-ambiental-en-territorio-biodiverso","status":"publish","type":"post","link":"https:\/\/diarioavanzada.com.mx\/?p=120199","title":{"rendered":"M\u00e1s j\u00f3venes en Tecom\u00e1n tienen experiencia de conservaci\u00f3n ambiental en Territorio Biodiverso"},"content":{"rendered":"\n<p class=\"wp-block-paragraph\"><em>Como parte del programa, se realizaron una charla y din\u00e1micas enfocadas en la colaboraci\u00f3n ambiental de Pe\u00f1a Colorada, as\u00ed como la proyecci\u00f3n de un documental sobre la conservaci\u00f3n de la tortuga en la regi\u00f3n de Manzanillo.<\/em><\/p>\n\n\n\n<p class=\"wp-block-paragraph\">Colima, M\u00e9xico, Comunicado (20\/04\/2026).- Con la participaci\u00f3n de alrededor de 200 estudiantes de los bachilleratos 5 y 6 del campus Tecom\u00e1n de la Universidad de Colima, este fin de semana se llev\u00f3 a cabo la segunda sesi\u00f3n del programa de pr\u00e1cticas en \u201cTerritorio Biodiverso\u201d, esta vez con la participaci\u00f3n de la empresa minera Pe\u00f1a Colorada.<\/p>\n\n\n\n<p class=\"wp-block-paragraph\">Las actividades partieron del Centro de Tecnolog\u00eda Educativa, donde los y las j\u00f3venes recibieron la bienvenida antes de integrarse en equipos para iniciar recorridos guiados por la reserva y diversas \u00e1reas del campus, acompa\u00f1ados por personal de la Facultad de Ciencias Biol\u00f3gicas y Agropecuarias (FCBA).<\/p>\n\n\n\n<p class=\"wp-block-paragraph\">Como parte del programa, se realizaron una charla y din\u00e1micas enfocadas en la colaboraci\u00f3n ambiental de Pe\u00f1a Colorada, as\u00ed como la proyecci\u00f3n de un documental sobre la conservaci\u00f3n de la tortuga en la regi\u00f3n de Manzanillo. La exposici\u00f3n estuvo a cargo del coordinador ambiental de la empresa minera, Pedro Dami\u00e1n Zepeda.<\/p>\n\n\n\n<p class=\"wp-block-paragraph\">En entrevista, Zepeda destac\u00f3 que esta iniciativa busca fortalecer la conciencia ambiental entre los j\u00f3venes, al tiempo que se apoya la conservaci\u00f3n de especies clave en el estado. Subray\u00f3 que Colima cuenta con la presencia de tres especies de tortugas marinas, lo que representa una particularidad ecol\u00f3gica relevante.<\/p>\n\n\n\n<p class=\"wp-block-paragraph\">\u201cLo que buscamos es que los estudiantes conozcan la importancia ambiental que tiene el estado y que se sumen a estas acciones de cuidado y protecci\u00f3n. Es un trabajo que en gran medida depende de la voluntad de la sociedad, ya que son esfuerzos voluntarios que llevan m\u00e1s de 20 a\u00f1os\u201d, explic\u00f3.<\/p>\n\n\n\n<p class=\"wp-block-paragraph\">A\u00f1adi\u00f3 que la conservaci\u00f3n de las tortugas es fundamental no solo para el equilibrio ecol\u00f3gico, sino tambi\u00e9n para actividades como la pesca, pues su desaparici\u00f3n tendr\u00eda impactos directos en otros ecosistemas.<\/p>\n\n\n\n<p class=\"wp-block-paragraph\">El coordinador ambiental de Pe\u00f1a Colorada resalt\u00f3 que este tipo de pr\u00e1cticas en territorios biodiversos permite a los y las estudiantes vincularse con su entorno desde una perspectiva social y ambiental. \u201cM\u00e1s que un tema t\u00e9cnico, es un tema de voluntades, y que los j\u00f3venes conozcan, participen y se involucren en la protecci\u00f3n de estos espacios, es clave\u201d, afirm\u00f3.<\/p>\n\n\n\n<p class=\"wp-block-paragraph\">Asimismo, invit\u00f3 a los estudiantes a aprovechar estas experiencias y sumarse a los distintos programas de conservaci\u00f3n, en proyectos relacionados con felinos, abejas y aves, adem\u00e1s del trabajo con tortugas.<\/p>\n\n\n\n<p class=\"wp-block-paragraph\">Adem\u00e1s de Pedro Dami\u00e1n, la jornada cont\u00f3 con la participaci\u00f3n de la delegada de la Universidad de Colima en Tecom\u00e1n, Mtra. Ana Lilia Moreno Osegueda, de la ingeniera B\u00e1rbara Hern\u00e1ndez Renter\u00eda, jefa de Ingenier\u00eda Ambiental y de la maestra Patricia Rocha Bautista, gerente de la empresa minera.<\/p>\n\n\n\n<p class=\"wp-block-paragraph\">En su momento, Moreno Osegueda destac\u00f3 la suma de esfuerzos con la empresa Pe\u00f1a Colorada, destacando que estas alianzas enriquecen la formaci\u00f3n acad\u00e9mica con experiencias reales. Subray\u00f3 que \u201cTerritorio Biodiverso\u201d ha logrado consolidarse como un espacio formativo de gran valor, al surgir desde una zona con alta riqueza natural dentro del propio campus, lo que permite a las y los j\u00f3venes aprender en contacto directo con su entorno.<\/p>\n\n\n\n<p class=\"wp-block-paragraph\">Finalmente, agradeci\u00f3 el acompa\u00f1amiento de la empresa, al considerar que \u201csu participaci\u00f3n estimula una visi\u00f3n compartida de responsabilidad ambiental y compromiso social\u201d.<\/p>\n\n\n\n<figure class=\"wp-block-image size-large\"><img loading=\"lazy\" decoding=\"async\" width=\"1024\" height=\"683\" src=\"https:\/\/diarioavanzada.com.mx\/wp-content\/uploads\/2026\/04\/Mas-jovenes-en-Tecoman-conocen-programa-Territorio-Biodiverso_b-1024x683.jpg\" alt=\"\" class=\"wp-image-120205\" srcset=\"https:\/\/diarioavanzada.com.mx\/wp-content\/uploads\/2026\/04\/Mas-jovenes-en-Tecoman-conocen-programa-Territorio-Biodiverso_b-1024x683.jpg 1024w, https:\/\/diarioavanzada.com.mx\/wp-content\/uploads\/2026\/04\/Mas-jovenes-en-Tecoman-conocen-programa-Territorio-Biodiverso_b-300x200.jpg 300w, https:\/\/diarioavanzada.com.mx\/wp-content\/uploads\/2026\/04\/Mas-jovenes-en-Tecoman-conocen-programa-Territorio-Biodiverso_b-768x512.jpg 768w, https:\/\/diarioavanzada.com.mx\/wp-content\/uploads\/2026\/04\/Mas-jovenes-en-Tecoman-conocen-programa-Territorio-Biodiverso_b-1200x800.jpg 1200w, https:\/\/diarioavanzada.com.mx\/wp-content\/uploads\/2026\/04\/Mas-jovenes-en-Tecoman-conocen-programa-Territorio-Biodiverso_b.jpg 1224w\" sizes=\"auto, (max-width: 1024px) 100vw, 1024px\" \/><\/figure>\n\n\n\n<figure class=\"wp-block-image size-large\"><img loading=\"lazy\" decoding=\"async\" width=\"1024\" height=\"683\" src=\"https:\/\/diarioavanzada.com.mx\/wp-content\/uploads\/2026\/04\/Mas-jovenes-en-Tecoman-conocen-programa-Territorio-Biodiverso_Damian-1024x683.jpg\" alt=\"\" class=\"wp-image-120204\" srcset=\"https:\/\/diarioavanzada.com.mx\/wp-content\/uploads\/2026\/04\/Mas-jovenes-en-Tecoman-conocen-programa-Territorio-Biodiverso_Damian-1024x683.jpg 1024w, https:\/\/diarioavanzada.com.mx\/wp-content\/uploads\/2026\/04\/Mas-jovenes-en-Tecoman-conocen-programa-Territorio-Biodiverso_Damian-300x200.jpg 300w, https:\/\/diarioavanzada.com.mx\/wp-content\/uploads\/2026\/04\/Mas-jovenes-en-Tecoman-conocen-programa-Territorio-Biodiverso_Damian-768x512.jpg 768w, https:\/\/diarioavanzada.com.mx\/wp-content\/uploads\/2026\/04\/Mas-jovenes-en-Tecoman-conocen-programa-Territorio-Biodiverso_Damian-1200x800.jpg 1200w, https:\/\/diarioavanzada.com.mx\/wp-content\/uploads\/2026\/04\/Mas-jovenes-en-Tecoman-conocen-programa-Territorio-Biodiverso_Damian.jpg 1224w\" sizes=\"auto, (max-width: 1024px) 100vw, 1024px\" \/><\/figure>\n\n\n\n<figure class=\"wp-block-image size-large\"><img loading=\"lazy\" decoding=\"async\" width=\"1024\" height=\"683\" src=\"https:\/\/diarioavanzada.com.mx\/wp-content\/uploads\/2026\/04\/Mas-jovenes-en-Tecoman-conocen-programa-Territorio-Biodiverso_d-1024x683.jpg\" alt=\"\" class=\"wp-image-120203\" srcset=\"https:\/\/diarioavanzada.com.mx\/wp-content\/uploads\/2026\/04\/Mas-jovenes-en-Tecoman-conocen-programa-Territorio-Biodiverso_d-1024x683.jpg 1024w, https:\/\/diarioavanzada.com.mx\/wp-content\/uploads\/2026\/04\/Mas-jovenes-en-Tecoman-conocen-programa-Territorio-Biodiverso_d-300x200.jpg 300w, https:\/\/diarioavanzada.com.mx\/wp-content\/uploads\/2026\/04\/Mas-jovenes-en-Tecoman-conocen-programa-Territorio-Biodiverso_d-768x512.jpg 768w, https:\/\/diarioavanzada.com.mx\/wp-content\/uploads\/2026\/04\/Mas-jovenes-en-Tecoman-conocen-programa-Territorio-Biodiverso_d-1200x800.jpg 1200w, https:\/\/diarioavanzada.com.mx\/wp-content\/uploads\/2026\/04\/Mas-jovenes-en-Tecoman-conocen-programa-Territorio-Biodiverso_d.jpg 1224w\" sizes=\"auto, (max-width: 1024px) 100vw, 1024px\" \/><\/figure>\n\n\n\n<figure class=\"wp-block-image size-large\"><img loading=\"lazy\" decoding=\"async\" width=\"1024\" height=\"683\" src=\"https:\/\/diarioavanzada.com.mx\/wp-content\/uploads\/2026\/04\/Mas-jovenes-en-Tecoman-conocen-programa-Territorio-Biodiverso_f-1024x683.jpg\" alt=\"\" class=\"wp-image-120202\" srcset=\"https:\/\/diarioavanzada.com.mx\/wp-content\/uploads\/2026\/04\/Mas-jovenes-en-Tecoman-conocen-programa-Territorio-Biodiverso_f-1024x683.jpg 1024w, https:\/\/diarioavanzada.com.mx\/wp-content\/uploads\/2026\/04\/Mas-jovenes-en-Tecoman-conocen-programa-Territorio-Biodiverso_f-300x200.jpg 300w, https:\/\/diarioavanzada.com.mx\/wp-content\/uploads\/2026\/04\/Mas-jovenes-en-Tecoman-conocen-programa-Territorio-Biodiverso_f-768x512.jpg 768w, https:\/\/diarioavanzada.com.mx\/wp-content\/uploads\/2026\/04\/Mas-jovenes-en-Tecoman-conocen-programa-Territorio-Biodiverso_f-1200x800.jpg 1200w, https:\/\/diarioavanzada.com.mx\/wp-content\/uploads\/2026\/04\/Mas-jovenes-en-Tecoman-conocen-programa-Territorio-Biodiverso_f.jpg 1224w\" sizes=\"auto, (max-width: 1024px) 100vw, 1024px\" \/><\/figure>\n\n\n\n<figure class=\"wp-block-image size-large\"><img loading=\"lazy\" decoding=\"async\" width=\"1024\" height=\"683\" src=\"https:\/\/diarioavanzada.com.mx\/wp-content\/uploads\/2026\/04\/Mas-jovenes-en-Tecoman-conocen-programa-Territorio-Biodiverso_e-1024x683.jpg\" alt=\"\" class=\"wp-image-120201\" srcset=\"https:\/\/diarioavanzada.com.mx\/wp-content\/uploads\/2026\/04\/Mas-jovenes-en-Tecoman-conocen-programa-Territorio-Biodiverso_e-1024x683.jpg 1024w, https:\/\/diarioavanzada.com.mx\/wp-content\/uploads\/2026\/04\/Mas-jovenes-en-Tecoman-conocen-programa-Territorio-Biodiverso_e-300x200.jpg 300w, https:\/\/diarioavanzada.com.mx\/wp-content\/uploads\/2026\/04\/Mas-jovenes-en-Tecoman-conocen-programa-Territorio-Biodiverso_e-768x512.jpg 768w, https:\/\/diarioavanzada.com.mx\/wp-content\/uploads\/2026\/04\/Mas-jovenes-en-Tecoman-conocen-programa-Territorio-Biodiverso_e-1200x800.jpg 1200w, https:\/\/diarioavanzada.com.mx\/wp-content\/uploads\/2026\/04\/Mas-jovenes-en-Tecoman-conocen-programa-Territorio-Biodiverso_e.jpg 1224w\" sizes=\"auto, (max-width: 1024px) 100vw, 1024px\" \/><\/figure>\n\n\n\n<figure class=\"wp-block-image size-large\"><img loading=\"lazy\" decoding=\"async\" width=\"1024\" height=\"683\" src=\"https:\/\/diarioavanzada.com.mx\/wp-content\/uploads\/2026\/04\/Mas-jovenes-en-Tecoman-conocen-programa-Territorio-Biodiverso_a-1024x683.jpg\" alt=\"\" class=\"wp-image-120207\" srcset=\"https:\/\/diarioavanzada.com.mx\/wp-content\/uploads\/2026\/04\/Mas-jovenes-en-Tecoman-conocen-programa-Territorio-Biodiverso_a-1024x683.jpg 1024w, https:\/\/diarioavanzada.com.mx\/wp-content\/uploads\/2026\/04\/Mas-jovenes-en-Tecoman-conocen-programa-Territorio-Biodiverso_a-300x200.jpg 300w, https:\/\/diarioavanzada.com.mx\/wp-content\/uploads\/2026\/04\/Mas-jovenes-en-Tecoman-conocen-programa-Territorio-Biodiverso_a-768x512.jpg 768w, https:\/\/diarioavanzada.com.mx\/wp-content\/uploads\/2026\/04\/Mas-jovenes-en-Tecoman-conocen-programa-Territorio-Biodiverso_a-1200x800.jpg 1200w, https:\/\/diarioavanzada.com.mx\/wp-content\/uploads\/2026\/04\/Mas-jovenes-en-Tecoman-conocen-programa-Territorio-Biodiverso_a.jpg 1224w\" sizes=\"auto, (max-width: 1024px) 100vw, 1024px\" \/><\/figure>\n\n\n\n<figure class=\"wp-block-image size-large\"><img loading=\"lazy\" decoding=\"async\" width=\"1024\" height=\"683\" src=\"https:\/\/diarioavanzada.com.mx\/wp-content\/uploads\/2026\/04\/Mas-jovenes-en-Tecoman-conocen-programa-Territorio-Biodiverso_Barbara-1024x683.jpg\" alt=\"\" class=\"wp-image-120209\" srcset=\"https:\/\/diarioavanzada.com.mx\/wp-content\/uploads\/2026\/04\/Mas-jovenes-en-Tecoman-conocen-programa-Territorio-Biodiverso_Barbara-1024x683.jpg 1024w, https:\/\/diarioavanzada.com.mx\/wp-content\/uploads\/2026\/04\/Mas-jovenes-en-Tecoman-conocen-programa-Territorio-Biodiverso_Barbara-300x200.jpg 300w, https:\/\/diarioavanzada.com.mx\/wp-content\/uploads\/2026\/04\/Mas-jovenes-en-Tecoman-conocen-programa-Territorio-Biodiverso_Barbara-768x512.jpg 768w, https:\/\/diarioavanzada.com.mx\/wp-content\/uploads\/2026\/04\/Mas-jovenes-en-Tecoman-conocen-programa-Territorio-Biodiverso_Barbara-1200x800.jpg 1200w, https:\/\/diarioavanzada.com.mx\/wp-content\/uploads\/2026\/04\/Mas-jovenes-en-Tecoman-conocen-programa-Territorio-Biodiverso_Barbara.jpg 1224w\" sizes=\"auto, (max-width: 1024px) 100vw, 1024px\" \/><\/figure>\n<div class=\"fb-background-color\">\n\t\t\t  <div \n\t\t\t  \tclass = \"fb-comments\" \n\t\t\t  \tdata-href = \"https:\/\/diarioavanzada.com.mx\/?p=120199\"\n\t\t\t  \tdata-numposts = \"10\"\n\t\t\t  \tdata-lazy = \"true\"\n\t\t\t\tdata-colorscheme = \"light\"\n\t\t\t\tdata-order-by = \"social\"\n\t\t\t\tdata-mobile=true>\n\t\t\t  <\/div><\/div>\n\t\t  <style>\n\t\t    .fb-background-color {\n\t\t\t\tbackground:  !important;\n\t\t\t}\n\t\t\t.fb_iframe_widget_fluid_desktop iframe {\n\t\t\t    width: 100% !important;\n\t\t\t}\n\t\t  <\/style>\n\t\t  ","protected":false},"excerpt":{"rendered":"<p>Como parte del programa, se realizaron una charla y din\u00e1micas enfocadas en la colaboraci\u00f3n ambiental de Pe\u00f1a Colorada, as\u00ed como la proyecci\u00f3n de un documental sobre la conservaci\u00f3n de la tortuga en la regi\u00f3n de Manzanillo. Colima, M\u00e9xico, Comunicado (20\/04\/2026).- Con la participaci\u00f3n de alrededor de 200 estudiantes de los bachilleratos 5 y 6 del [&hellip;]<\/p>\n","protected":false},"author":7,"featured_media":120208,"comment_status":"closed","ping_status":"closed","sticky":false,"template":"","format":"standard","meta":{"_coblocks_attr":"","_coblocks_dimensions":"","_coblocks_responsive_height":"","_coblocks_accordion_ie_support":"","_crdt_document":"","advanced_seo_description":"","jetpack_seo_html_title":"","jetpack_seo_noindex":false,"_jetpack_memberships_contains_paid_content":false,"footnotes":""},"categories":[19,1,209,7],"tags":[],"class_list":["post-120199","post","type-post","status-publish","format-standard","has-post-thumbnail","hentry","category-colima","category-general","category-importantes","category-noticias"],"jetpack_featured_media_url":"https:\/\/diarioavanzada.com.mx\/wp-content\/uploads\/2026\/04\/Mas-jovenes-en-Tecoman-conocen-programa-Territorio-Biodiverso.jpg","jetpack-related-posts":[],"jetpack_sharing_enabled":true,"amp_enabled":true,"_links":{"self":[{"href":"https:\/\/diarioavanzada.com.mx\/index.php?rest_route=\/wp\/v2\/posts\/120199","targetHints":{"allow":["GET"]}}],"collection":[{"href":"https:\/\/diarioavanzada.com.mx\/index.php?rest_route=\/wp\/v2\/posts"}],"about":[{"href":"https:\/\/diarioavanzada.com.mx\/index.php?rest_route=\/wp\/v2\/types\/post"}],"author":[{"embeddable":true,"href":"https:\/\/diarioavanzada.com.mx\/index.php?rest_route=\/wp\/v2\/users\/7"}],"replies":[{"embeddable":true,"href":"https:\/\/diarioavanzada.com.mx\/index.php?rest_route=%2Fwp%2Fv2%2Fcomments&post=120199"}],"version-history":[{"count":4,"href":"https:\/\/diarioavanzada.com.mx\/index.php?rest_route=\/wp\/v2\/posts\/120199\/revisions"}],"predecessor-version":[{"id":120211,"href":"https:\/\/diarioavanzada.com.mx\/index.php?rest_route=\/wp\/v2\/posts\/120199\/revisions\/120211"}],"wp:featuredmedia":[{"embeddable":true,"href":"https:\/\/diarioavanzada.com.mx\/index.php?rest_route=\/wp\/v2\/media\/120208"}],"wp:attachment":[{"href":"https:\/\/diarioavanzada.com.mx\/index.php?rest_route=%2Fwp%2Fv2%2Fmedia&parent=120199"}],"wp:term":[{"taxonomy":"category","embeddable":true,"href":"https:\/\/diarioavanzada.com.mx\/index.php?rest_route=%2Fwp%2Fv2%2Fcategories&post=120199"},{"taxonomy":"post_tag","embeddable":true,"href":"https:\/\/diarioavanzada.com.mx\/index.php?rest_route=%2Fwp%2Fv2%2Ftags&post=120199"}],"curies":[{"name":"wp","href":"https:\/\/api.w.org\/{rel}","templated":true}]}}