{"id":120169,"date":"2026-04-20T16:24:06","date_gmt":"2026-04-20T22:24:06","guid":{"rendered":"https:\/\/diarioavanzada.com.mx\/?p=120169"},"modified":"2026-04-20T16:25:01","modified_gmt":"2026-04-20T22:25:01","slug":"el-extrano-caso-de-jesus-solorzano-118-la-casa-de-los-desaparecidos-en-mazatlan","status":"publish","type":"post","link":"https:\/\/diarioavanzada.com.mx\/?p=120169","title":{"rendered":"El extra\u00f1o caso de Jes\u00fas Sol\u00f3rzano 118, la casa de los desaparecidos en Mazatl\u00e1n"},"content":{"rendered":"\n<p class=\"wp-block-paragraph\"><em>Las historias de Juan Carlos, Cecilia y Cristina convergen en una misma vivienda de El Toreo, aunque las tres personas fueron desaparecidas en distintos momentos y fechas.<\/em><\/p>\n\n\n\n<p class=\"wp-block-paragraph\">Autor: Albaro Sandoval\/Revista Espejo.<\/p>\n\n\n\n<p class=\"wp-block-paragraph\">Mazatl\u00e1n, Sinaloa.- El barandal de la casa est\u00e1 tupido de calcas con la imagen de Juan Carlos Acosta Rodr\u00edguez. Su madre, Neivi Rodr\u00edguez, ha venido a pegarlas en son de protesta. Ha venido a decir aqu\u00ed pas\u00f3 algo y no se va a olvidar.<\/p>\n\n\n\n<p class=\"wp-block-paragraph\">Hoy es 9 de abril de 2026. Hoy hace un a\u00f1o Juan Carlos desapareci\u00f3 en esta casa. Es la n\u00famero 118 de la calle Jes\u00fas Sol\u00f3rzano, en el fraccionamiento El Toreo de Mazatl\u00e1n.<\/p>\n\n\n\n<p class=\"wp-block-paragraph\">Cerca de las 11 de la ma\u00f1ana, el sol ya no tiene piedad de nadie. Nadie aqu\u00ed necesita moverse para sudar. En el rostro de Neivi, el sudor y las l\u00e1grimas no se confunden: uno brilla y las otras pesan.<\/p>\n\n\n\n<p class=\"wp-block-paragraph\">Es una casa de dos plantas en esta zona acomodada del puerto. Tiene varias ventanas rotas en la planta alta. Pero eso no importa. Lo que importan son las oscuras historias que guarda dentro. Lo que la casa provoca en las familias de los ausentes.<\/p>\n\n\n\n<p class=\"wp-block-paragraph\">Aqu\u00ed desapareci\u00f3&nbsp;<strong>Juan Carlos Acosta Rodr\u00edguez<\/strong>, de 23 a\u00f1os edad.<\/p>\n\n\n\n<p class=\"wp-block-paragraph\">Aqu\u00ed desapareci\u00f3&nbsp;<strong>Mar\u00eda Cecilia Berrelleza Flores<\/strong>, de 31 a\u00f1os.<\/p>\n\n\n\n<p class=\"wp-block-paragraph\">Aqu\u00ed desapareci\u00f3&nbsp;<strong>Cristina P\u00e9rez Salas<\/strong>, de 21 a\u00f1os de edad.<\/p>\n\n\n\n<p class=\"wp-block-paragraph\">\u201cEn las primeras marchas que particip\u00e9\u201d, dice Nadia Berrelleza, hermana de Mar\u00eda Cecilia, \u201cme encontr\u00e9 con una se\u00f1ora que me dijo que en esta misma casa desapareci\u00f3 su hijo hace unos ocho a\u00f1os\u201d.<\/p>\n\n\n\n<p class=\"wp-block-paragraph\">Si esta fuera una historia de terror, que lo es para las familias afectadas, llevar\u00eda por t\u00edtulo La casa de los desaparecidos. Pero el texto solo se le limita a las tres historias que confluyen en este inmueble caf\u00e9 de la calle Jes\u00fas Sol\u00f3rzano por donde pasan sujetos armados en una camioneta mientras Neivi Rodr\u00edguez pega las calcas con la foto de su hijo.<\/p>\n\n\n\n<p class=\"wp-block-paragraph\"><strong>JUAN CARLOS<\/strong><\/p>\n\n\n\n<figure class=\"wp-block-image size-large\"><img loading=\"lazy\" decoding=\"async\" width=\"791\" height=\"1024\" src=\"https:\/\/diarioavanzada.com.mx\/wp-content\/uploads\/2026\/04\/img_0444-791x1024.jpg\" class=\"wp-image-120165\" srcset=\"https:\/\/diarioavanzada.com.mx\/wp-content\/uploads\/2026\/04\/img_0444-791x1024.jpg 791w, https:\/\/diarioavanzada.com.mx\/wp-content\/uploads\/2026\/04\/img_0444-232x300.jpg 232w, https:\/\/diarioavanzada.com.mx\/wp-content\/uploads\/2026\/04\/img_0444-768x994.jpg 768w, https:\/\/diarioavanzada.com.mx\/wp-content\/uploads\/2026\/04\/img_0444.jpg 1187w\" sizes=\"auto, (max-width: 791px) 100vw, 791px\" \/><\/figure>\n\n\n\n<p class=\"wp-block-paragraph\">La primera historia es la de Juan Carlos, hijo \u00fanico de Neivi Rodr\u00edguez. \u00c9l desapareci\u00f3 el 9 de abril de 2025.<\/p>\n\n\n\n<p class=\"wp-block-paragraph\">\u201cHace un a\u00f1o mi hijo desapareci\u00f3 en esta casa. Acababa de recibirse de abogado. \u00c9l trabajaba con el due\u00f1o de la casa. Desde entonces no tengo ninguna ayuda por parte de ninguna autoridad\u201d.<\/p>\n\n\n\n<p class=\"wp-block-paragraph\">La casa se rentaba por la plataforma Airbnb y Juan Carlos le ayudaba al propietario, quien despu\u00e9s decidi\u00f3 un esquema de renta por mes. El d\u00eda de su desaparici\u00f3n Juan Carlos vino a dejar pintura y material porque se iban a realizar algunas reparaciones al interior.<\/p>\n\n\n\n<p class=\"wp-block-paragraph\">Fue lo \u00faltimo que Neivi supo de su hijo. A partir de que ya no respondi\u00f3 sus mensajes ni llamadas empez\u00f3 la b\u00fasqueda, el desespero, la angustia. Como todas las madres buscadoras ha recogido m\u00e1s evidencia que las autoridades de la Fiscal\u00eda General del Estado. Lo habitual de las madres que buscan. Neivi ha tocado casa por casa en la calle Jes\u00fas Sol\u00f3rzano. Ha reconstruido por su cuenta lo que la Fiscal\u00eda no le ha dicho.<\/p>\n\n\n\n<p class=\"wp-block-paragraph\">En esa b\u00fasqueda encontr\u00f3 un dato: el 16 de marzo de 2024, elementos de Marina y Ej\u00e9rcito catearon el domicilio y aseguraron armas. Ni ella ni su hijo lo sab\u00edan.<\/p>\n\n\n\n<p class=\"wp-block-paragraph\">Y en su indagatoria personal se\u00f1ala descubri\u00f3 que el 16 de marzo de 2024 agentes de la Marina y el Ej\u00e9rcito realizaron un cateo ese domicilio y aseguraron armas. Neivi indica que ni ella ni su hijo se enteraron de este cateo.<\/p>\n\n\n\n<p class=\"wp-block-paragraph\">\u201cAqu\u00ed nos dicen que las personas desaparecen porque andan mal. Yo les digo: investiguen y si me demuestran que mi hijo andaba mal yo lo dejo de buscar\u201d.<\/p>\n\n\n\n<h2 class=\"wp-block-heading\"><strong>SIN RESPUESTAS<\/strong><\/h2>\n\n\n\n<p class=\"wp-block-paragraph\">Neivi Rodr\u00edguez dice que ya ha ido a tocar la puerta del gobernador Rub\u00e9n Rocha y de la presidenta Claudia Sheinbaum. Su discurso se ha ido endureciendo por desgaste, por decepci\u00f3n de una autoridad omisa, por falta de empat\u00eda.<\/p>\n\n\n\n<p class=\"wp-block-paragraph\">\u201cNo tengo ning\u00fan avance en las investigaciones de la Fiscal\u00eda, ninguna respuesta del gobierno. Estoy decepcionad\u00edsima de nuestras autoridades. No s\u00e9 a qui\u00e9n m\u00e1s pedirle ayuda. Les ped\u00ed que me dijeran a qui\u00e9n tengo que ir a tocarle para que me regresen a mi hijo porque yo no les he hecho nada, ni \u00e9l tampoco\u201d.<\/p>\n\n\n\n<p class=\"wp-block-paragraph\">Entonces Neivi muestra dos rostros en su celular. Uno es el de su hijo y el otro es el de Tom\u00e1s Pardo Avena, quien estaba rentando la casa de Jes\u00fas Sol\u00f3rzano 118. Neivi indica que el caso de Juan Carlos pudo tratarse de una equivocaci\u00f3n por el parecido f\u00edsico de su hijo con Pardo Avena.<\/p>\n\n\n\n<p class=\"wp-block-paragraph\">\u201cYo quiero pensar que se equivocaron porque s\u00ed se les ve parecido. \u00c9l no es de problemas. Me hubiera gustado que mi hijo hubiera sido un delincuente. No estar\u00eda aqu\u00ed parada busc\u00e1ndolo, porque ya habr\u00eda sabido que iba a terminar mal. Yo no lo eduqu\u00e9 para eso. Estudiaba, trabajaba, era mi mano derecha. Mi respeto para la gente que se dedique a lo que se dedique, pero yo no lo prepar\u00e9 para esto y eso es lo que me duele\u201d.<\/p>\n\n\n\n<h2 class=\"wp-block-heading\"><strong>SIN MIEDO<\/strong><\/h2>\n\n\n\n<p class=\"wp-block-paragraph\">Un a\u00f1o despu\u00e9s de la desaparici\u00f3n, Neivi Rodr\u00edguez dice no tener miedo de nada. Ni de buscar ni de hablar ni de pegar calcas en el barandal de esta casa de El Toreo. Ni de los tipos armados que siguen pasando a unos metros de ella. Aqu\u00ed hay polic\u00edas de la Fiscal\u00eda resguardando la vivienda y simplemente no pasa nada.<\/p>\n\n\n\n<p class=\"wp-block-paragraph\">\u201cNo tengo miedo. \u00bfMiedo a qu\u00e9, a que me hagan algo? \u00bfQu\u00e9 me pueden hacer si ya perd\u00ed lo que m\u00e1s quiero? Me har\u00edan un favor, cr\u00e9alo. \u00bfQu\u00e9 m\u00e1s puedo perder, mi vida, como otras mam\u00e1s que han sido asesinadas? Mi hijo es lo que m\u00e1s quiero. No tengo miedo, me van a hacer un favor\u201d.<\/p>\n\n\n\n<p class=\"wp-block-paragraph\">Neivi recuerda que Juan Carlos le dec\u00eda que nada era tan terrible en esta vida, que a ellos no les iba a pasar nada porque no andaban mal.<\/p>\n\n\n\n<p class=\"wp-block-paragraph\">\u201cYo le dec\u00eda, Gordo, mira c\u00f3mo est\u00e1n las cosas. \u2018Mam\u00e1, a nosotros no nos tiene por qu\u00e9 pasar nada\u2019. Este mundo es muy cruel y s\u00ed le pasan cosas a la gente buena, creo que m\u00e1s que a la gente normal. Ya ves, mi amor, si hay cosas terribles. Todo es terrible sin \u00e9l\u201d.<\/p>\n\n\n\n<p class=\"wp-block-paragraph\"><strong>MAR\u00cdA CECILIA<\/strong><\/p>\n\n\n\n<figure class=\"wp-block-image size-large\"><img loading=\"lazy\" decoding=\"async\" width=\"800\" height=\"1024\" src=\"https:\/\/diarioavanzada.com.mx\/wp-content\/uploads\/2026\/04\/img_0445-800x1024.jpg\" class=\"wp-image-120166\" srcset=\"https:\/\/diarioavanzada.com.mx\/wp-content\/uploads\/2026\/04\/img_0445-800x1024.jpg 800w, https:\/\/diarioavanzada.com.mx\/wp-content\/uploads\/2026\/04\/img_0445-234x300.jpg 234w, https:\/\/diarioavanzada.com.mx\/wp-content\/uploads\/2026\/04\/img_0445-768x983.jpg 768w, https:\/\/diarioavanzada.com.mx\/wp-content\/uploads\/2026\/04\/img_0445.jpg 1080w\" sizes=\"auto, (max-width: 800px) 100vw, 800px\" \/><\/figure>\n\n\n\n<p class=\"wp-block-paragraph\">La otra historia que converge en esta casa de El Toreo es la de Mar\u00eda Cecilia Berrelleza Flores. Ella desapareci\u00f3 en esta vivienda tres meses despu\u00e9s que Juan Carlos, el 21 de julio de 2025.<\/p>\n\n\n\n<p class=\"wp-block-paragraph\">\u201cEsa casa para m\u00ed significa el trauma de ver c\u00f3mo se la llevaron. Tengo los videos de esa casa. Es un trauma de pasar y pasar y ver que no hice nada. Significa mucha tristeza. Por mi trabajo tengo que pasar todos los d\u00edas. Y adem\u00e1s mi otra hermana vive a dos cuadras de esa casa\u201d, dice Nadia Berrelleza Flores, hermana mayor de Cecilia.<\/p>\n\n\n\n<p class=\"wp-block-paragraph\">Nadia dice que la casa no significa miedo, porque no ha cruzado la l\u00ednea. Se ha moderado y ha intentado llegar a la verdad a trav\u00e9s de las leyes y una instituci\u00f3n como la Fiscal\u00eda General del Estado (FGE).<\/p>\n\n\n\n<p class=\"wp-block-paragraph\">Y cuando se le pregunta por alg\u00fan tipo de avance despu\u00e9s de ocho meses de la desaparici\u00f3n, Nadia responde que no hay nada.<\/p>\n\n\n\n<p class=\"wp-block-paragraph\">\u201cNo hay ning\u00fan avance con su localizaci\u00f3n. Y lo m\u00e1s importante, que son los involucrados, nos dimos cuenta que hab\u00eda como un complot en la Fiscal\u00eda, que de plano no sal\u00edamos del mismo rengl\u00f3n. He intentado mucho, pero no he logrado lo que quiero. Cada que paso me recuerda que hay una esperanza ah\u00ed en esa casa\u201d.<\/p>\n\n\n\n<p class=\"wp-block-paragraph\">Y pruebas en contra de la misma instituci\u00f3n en la cual sigue confiando las tuvo desde el inicio del caso, al revisar los videos de la vivienda. Nadia dice que se dio cuenta c\u00f3mo dos investigadores manipularon las c\u00e1maras.<\/p>\n\n\n\n<p class=\"wp-block-paragraph\">\u201cCuando yo les dije en Fiscal\u00eda que los videos hab\u00edan sido manipulados, los investigadores al d\u00eda siguiente ya no estaban en Mazatl\u00e1n. Los cambiaron\u201d.<\/p>\n\n\n\n<p class=\"wp-block-paragraph\">Pese a esto, ella sigue creyendo en la FGE.<\/p>\n\n\n\n<p class=\"wp-block-paragraph\">Al enterarse de la desaparici\u00f3n de las j\u00f3venes, Neivi Rodr\u00edguez se dio cuenta de que se trataba de la misma casa donde hab\u00eda desaparecido su hijo. La FGE no hab\u00eda asegurado el inmueble.<\/p>\n\n\n\n<h2 class=\"wp-block-heading\"><strong>LAS IM\u00c1GENES<\/strong><\/h2>\n\n\n\n<p class=\"wp-block-paragraph\">En el caso de Cecilia Berrelleza hay otras protagonistas. Se trata Cristina P\u00e9rez Salas, de 21 a\u00f1os; Guadalupe Padilla, de 25 a\u00f1os y Alexia de 15, estas \u00faltimas dos hermanas.<\/p>\n\n\n\n<p class=\"wp-block-paragraph\">Las cuatro desaparecieron ese 21 de julio de 2025 de la casa de El Toreo. D\u00edas despu\u00e9s, las hermanas Guadalupe y Alexia aparecieron con vida. Cecilia y Cristina siguen desaparecidas.<\/p>\n\n\n\n<p class=\"wp-block-paragraph\">Nadia dice que en el video se ve a Guadalupe Padilla salir de la casa y abordar un veh\u00edculo. Luego sale un var\u00f3n que parece llevar a Cristina sujeta por la parte de atr\u00e1s, la sube a un segundo carro donde est\u00e1 otro sujeto. El primer tipo regresa a la casa, sale con Cecilia y la sube al auto. \u201cEs uno el que est\u00e1 en el carro y eso otro el que las lleva. Plebillos, plebillos\u201d.<\/p>\n\n\n\n<p class=\"wp-block-paragraph\">Cecilia Berrelleza y Guadalupe Padilla eran amigas. \u201cYo creo que Guadalupe sabe d\u00f3nde los tienen\u201d, dice Nadia Berrelleza.<\/p>\n\n\n\n<p class=\"wp-block-paragraph\">El 24 de julio, tres d\u00edas despu\u00e9s, Guadalupe y Alexia fueron localizadas con vida. Ese mismo d\u00eda un auto Sentra modelo 2015 con placas de Durango fue hallado en la cochera de la casa de El Toreo. Era uno de los carros usados el d\u00eda de la desaparici\u00f3n.<\/p>\n\n\n\n<h2 class=\"wp-block-heading\"><strong>LA CARPETA<\/strong><\/h2>\n\n\n\n<p class=\"wp-block-paragraph\">Nadia asegura que en la carpeta de investigaci\u00f3n est\u00e1n asentadas 12 entrevistas de los investigadores con Guadalupe Padilla. En todas hay muchas contradicciones, seg\u00fan relata Nadia, quien busca que la FGE deje de ver a Guadalupe Padilla como v\u00edctima de desaparici\u00f3n y enfoque la indagatoria en su participaci\u00f3n como presunta responsable.<\/p>\n\n\n\n<p class=\"wp-block-paragraph\">Sin embargo, en la FGE le dicen que esto es muy complicado. Nadia dice que esto es clave porque Guadalupe Padilla, en uno de los interrogatorios, alrededor de cinco meses despu\u00e9s de la desaparici\u00f3n, se\u00f1al\u00f3 que pagaron la caseta en una autopista.<\/p>\n\n\n\n<p class=\"wp-block-paragraph\">El caso es que Nadia asegura que el propietario de la vivienda, Marco Antonio N y Guadalupe Padilla sosten\u00edan en ese momento una relaci\u00f3n de pareja. Dice que hay muchas pruebas en contra de estas dos personas, pero no se investiga.<\/p>\n\n\n\n<p class=\"wp-block-paragraph\">\u201cYo he llevado pruebas y pruebas y dicen en la Fiscal\u00eda que no pueden quitarla a ella (Guadalupe) como v\u00edctima. Neivi (la mam\u00e1 de Juan Carlos) ten\u00eda muchas pruebas en contra del due\u00f1o de la casa y yo en contra de la novia. Nos dimos cuenta de ese complot que ya dije\u201d.<\/p>\n\n\n\n<h2 class=\"wp-block-heading\"><strong>LA ADVERTENCIA<\/strong><\/h2>\n\n\n\n<p class=\"wp-block-paragraph\">\u201cNo te metas con esa casa\u201d, fue la advertencia que Nadia escuch\u00f3 por tel\u00e9fono.<\/p>\n\n\n\n<p class=\"wp-block-paragraph\">Su otra hermana hab\u00eda ido a la vivienda a poner una manta y exigir que regresaran a Cecilia.<\/p>\n\n\n\n<p class=\"wp-block-paragraph\">\u201cMe dijeron: \u2018haz lo que t\u00fa quieras, donde t\u00fa quieras, pero no te metas con esa casa, te lo digo en buena onda\u2019. Como dici\u00e9ndome el patr\u00f3n no ha dicho nada contigo, pero si te metes con esa casa va haber bronca\u201d.<\/p>\n\n\n\n<p class=\"wp-block-paragraph\">Desde esa vez tiene prohibido acudir al 118 de la calle Jes\u00fas Sol\u00f3rzano. Solo pasa y pasa y la ve y le recuerda su trauma, la tristeza por no encontrar a Cecilia.<\/p>\n\n\n\n<h2 class=\"wp-block-heading\"><strong>EL CAMBIO<\/strong><\/h2>\n\n\n\n<p class=\"wp-block-paragraph\">Nadia Berrelleza se\u00f1ala que ha decidido aceptar que el caso de su hermana sea investigado por autoridades federales. Asegura que hay muchas pruebas que implican a Guadalupe Padilla y al due\u00f1o de la casa. Cree que ya es tiempo de darle un giro al expediente.<\/p>\n\n\n\n<p class=\"wp-block-paragraph\">\u201cYo voy a la Fiscal\u00eda (General del Estado) y me tratan muy bien, el detalle es que no pasa de lo mismo. No pasa de un buen trato, de amabilidad. No pasa de eso, de un buen trato. Eso no me interesa, me interesa que investiguen y den con mi hermana\u201d.<\/p>\n\n\n\n<p class=\"wp-block-paragraph\">Est\u00e1 segura que la casa o el due\u00f1o guarda la clave de todo. Solo es cosa de que las autoridades se decidan a investigar.<\/p>\n\n\n\n<p class=\"wp-block-paragraph\">\u201cY si el caso de mi hermana pasa al orden federal, dar\u00edamos con una l\u00ednea grande. Hay que apretarlos. Siento que hay un hilito y el hilito es el due\u00f1o de la casa. Es un hilo rojo en esa casa\u2026 El se\u00f1or trae un mundo atr\u00e1s\u201d.<\/p>\n\n\n\n<h2 class=\"wp-block-heading\"><strong>MAR\u00cdA CRISTINA<\/strong><\/h2>\n\n\n\n<figure class=\"wp-block-image size-large\"><img loading=\"lazy\" decoding=\"async\" width=\"791\" height=\"1024\" src=\"https:\/\/diarioavanzada.com.mx\/wp-content\/uploads\/2026\/04\/img_0446-791x1024.jpg\" class=\"wp-image-120168\" srcset=\"https:\/\/diarioavanzada.com.mx\/wp-content\/uploads\/2026\/04\/img_0446-791x1024.jpg 791w, https:\/\/diarioavanzada.com.mx\/wp-content\/uploads\/2026\/04\/img_0446-232x300.jpg 232w, https:\/\/diarioavanzada.com.mx\/wp-content\/uploads\/2026\/04\/img_0446-768x994.jpg 768w, https:\/\/diarioavanzada.com.mx\/wp-content\/uploads\/2026\/04\/img_0446.jpg 1187w\" sizes=\"auto, (max-width: 791px) 100vw, 791px\" \/><\/figure>\n\n\n\n<p class=\"wp-block-paragraph\">La tercera historia que llega hasta la casa de El Toreo es la de Mar\u00eda Cristina P\u00e9rez Salas, estudiante universitaria y originaria de Mexicali. Aqu\u00ed cabr\u00eda su historia. El archivo period\u00edstico dice que Cristina vino de vacaciones a Mazatl\u00e1n.<\/p>\n\n\n\n<p class=\"wp-block-paragraph\">Se busc\u00f3 a su madre, pero prefiri\u00f3 reservarse los comentarios.<\/p>\n\n\n\n<p class=\"wp-block-paragraph\">\u201cCecilia y Cristina no se conoc\u00edan. A ellas las present\u00f3 Guadalupe\u201d, dice Nadia.<\/p>\n\n\n\n<p class=\"wp-block-paragraph\">Neivi Rodr\u00edguez camina por la acera caliente. Mira las calcas con el rostro de su hijo pegadas en el barandal. Su protesta ha concluido por esta vez, en el primer aniversario de su desaparici\u00f3n. Ha contado otra vez el caso de Juan Carlos. Ha relatado los misterios que guarda esta casa, un punto fijo en el mapa de las desapariciones de este Mazatl\u00e1n donde las historias empiezan y parecen no terminar.<\/p>\n\n\n\n<p class=\"wp-block-paragraph\">Neivi est\u00e1 a punto de marcharse. Tiene que ir a buscar, a preguntar. Quien la ve sin conocerla no sabe que aqu\u00ed, en esta casa, hace un a\u00f1o, desapareci\u00f3 su hijo. Aqu\u00ed justo en esta casa lo perdi\u00f3 todo.<\/p>\n<div class=\"fb-background-color\">\n\t\t\t  <div \n\t\t\t  \tclass = \"fb-comments\" \n\t\t\t  \tdata-href = \"https:\/\/diarioavanzada.com.mx\/?p=120169\"\n\t\t\t  \tdata-numposts = \"10\"\n\t\t\t  \tdata-lazy = \"true\"\n\t\t\t\tdata-colorscheme = \"light\"\n\t\t\t\tdata-order-by = \"social\"\n\t\t\t\tdata-mobile=true>\n\t\t\t  <\/div><\/div>\n\t\t  <style>\n\t\t    .fb-background-color {\n\t\t\t\tbackground:  !important;\n\t\t\t}\n\t\t\t.fb_iframe_widget_fluid_desktop iframe {\n\t\t\t    width: 100% !important;\n\t\t\t}\n\t\t  <\/style>\n\t\t  ","protected":false},"excerpt":{"rendered":"<p>Las historias de Juan Carlos, Cecilia y Cristina convergen en una misma vivienda de El Toreo, aunque las tres personas fueron desaparecidas en distintos momentos y fechas. Autor: Albaro Sandoval\/Revista Espejo. Mazatl\u00e1n, Sinaloa.- El barandal de la casa est\u00e1 tupido de calcas con la imagen de Juan Carlos Acosta Rodr\u00edguez. Su madre, Neivi Rodr\u00edguez, ha [&hellip;]<\/p>\n","protected":false},"author":7,"featured_media":120163,"comment_status":"closed","ping_status":"closed","sticky":false,"template":"","format":"standard","meta":{"_coblocks_attr":"","_coblocks_dimensions":"","_coblocks_responsive_height":"","_coblocks_accordion_ie_support":"","_crdt_document":"","advanced_seo_description":"","jetpack_seo_html_title":"","jetpack_seo_noindex":false,"_jetpack_memberships_contains_paid_content":false,"footnotes":""},"categories":[1,209,22,7,231,29],"tags":[210],"class_list":["post-120169","post","type-post","status-publish","format-standard","has-post-thumbnail","hentry","category-general","category-importantes","category-nacion","category-noticias","category-seguridad","category-sociedad","tag-portada"],"jetpack_featured_media_url":"https:\/\/diarioavanzada.com.mx\/wp-content\/uploads\/2026\/04\/img_0443.png","jetpack-related-posts":[],"jetpack_sharing_enabled":true,"amp_enabled":true,"_links":{"self":[{"href":"https:\/\/diarioavanzada.com.mx\/index.php?rest_route=\/wp\/v2\/posts\/120169","targetHints":{"allow":["GET"]}}],"collection":[{"href":"https:\/\/diarioavanzada.com.mx\/index.php?rest_route=\/wp\/v2\/posts"}],"about":[{"href":"https:\/\/diarioavanzada.com.mx\/index.php?rest_route=\/wp\/v2\/types\/post"}],"author":[{"embeddable":true,"href":"https:\/\/diarioavanzada.com.mx\/index.php?rest_route=\/wp\/v2\/users\/7"}],"replies":[{"embeddable":true,"href":"https:\/\/diarioavanzada.com.mx\/index.php?rest_route=%2Fwp%2Fv2%2Fcomments&post=120169"}],"version-history":[{"count":1,"href":"https:\/\/diarioavanzada.com.mx\/index.php?rest_route=\/wp\/v2\/posts\/120169\/revisions"}],"predecessor-version":[{"id":120170,"href":"https:\/\/diarioavanzada.com.mx\/index.php?rest_route=\/wp\/v2\/posts\/120169\/revisions\/120170"}],"wp:featuredmedia":[{"embeddable":true,"href":"https:\/\/diarioavanzada.com.mx\/index.php?rest_route=\/wp\/v2\/media\/120163"}],"wp:attachment":[{"href":"https:\/\/diarioavanzada.com.mx\/index.php?rest_route=%2Fwp%2Fv2%2Fmedia&parent=120169"}],"wp:term":[{"taxonomy":"category","embeddable":true,"href":"https:\/\/diarioavanzada.com.mx\/index.php?rest_route=%2Fwp%2Fv2%2Fcategories&post=120169"},{"taxonomy":"post_tag","embeddable":true,"href":"https:\/\/diarioavanzada.com.mx\/index.php?rest_route=%2Fwp%2Fv2%2Ftags&post=120169"}],"curies":[{"name":"wp","href":"https:\/\/api.w.org\/{rel}","templated":true}]}}