{"id":11862,"date":"2020-04-13T09:33:06","date_gmt":"2020-04-13T14:33:06","guid":{"rendered":"https:\/\/diarioavanzada.com.mx\/?p=11862"},"modified":"2020-04-13T09:33:08","modified_gmt":"2020-04-13T14:33:08","slug":"cuando-los-hermanos-se-encuentran","status":"publish","type":"post","link":"https:\/\/diarioavanzada.com.mx\/?p=11862","title":{"rendered":"Cuando los hermanos se encuentran"},"content":{"rendered":"\n<p class=\"wp-block-paragraph\"><em>Rain Man <\/em>se llam\u00f3 la pel\u00edcula que protagonizaron Tom Cruise y Dustin Hoffman en 1988 que en M\u00e9xico titularon <strong><em>Cuando los hermanos se encuentran <\/em><\/strong>por esas extra\u00f1as razones comerciales. <em>Rain Man<\/em> literalmente significa <em>hombre de la lluvia<\/em> que fon\u00e9ticamente (en ingl\u00e9s) es sin\u00f3nimo de Raymon que tiene mucho sentido en la trama de la pel\u00edcula.&nbsp;<\/p>\n\n\n\n<p class=\"wp-block-paragraph\">Hoy, a m\u00ed, ese t\u00edtulo me record\u00f3 como dos tipos de la pol\u00edtica colimense, supuestamente antag\u00f3nicos, que se volvieron a encontrar: uno corrupto y demagogo y el otro \u201chonesto y decente\u201d. Sin embargo, Nacho y Locho, resultaron ser dos buenos hermanos, id\u00e9nticos en su ADN; hoy son miembros de un mismo equipo: el equipo de la corrupci\u00f3n. La historia de Locho y Nacho es la historia del encuentro de los hermanos que se dec\u00edan tan distintos y resultaron tan parecidos porque sus genes no mienten. La sangre llama, dice la gente.<\/p>\n\n\n\n<p class=\"wp-block-paragraph\">La histeria&nbsp;<\/p>\n\n\n\n<p class=\"wp-block-paragraph\">Nacho despu\u00e9s de haber adelantado las medidas de contenci\u00f3n de la epidemia \u2013preciso es aclarar que sin plan econ\u00f3mico ni con la medici\u00f3n de las consecuencias de ello- ahora est\u00e1 llamando a que todo mundo coopere para poder apoyar a quienes m\u00e1s lo necesitan. Propuso la disminuci\u00f3n de los salarios de los altos funcionarios de su gobierno y la aplicaci\u00f3n de descuentos a todos los empleados que trabajan para el gobierno del estado que voluntariamente as\u00ed lo autoricen.<\/p>\n\n\n\n<p class=\"wp-block-paragraph\">Sin embargo, Nacho olvida algo importante, la gente no le tiene confianza porque sabe de las formas en que se conduce. Digamos que su reputaci\u00f3n es muy mala. Su mala fama p\u00fablica es tangible hasta en el aire que se respira en Colima.<\/p>\n\n\n\n<p class=\"wp-block-paragraph\">En Colima todos sabemos que en plena contingencia lo mejor que se le ocurri\u00f3 a Nacho, el sensible hombre espiritual, fue correr empleados p\u00fablicos y abandonarlos a su suerte, que en estos momentos no es mucha.<\/p>\n\n\n\n<p class=\"wp-block-paragraph\">No ha sido capaz de cobrarle los 512 millones a Mario Anguiano, con quien quiz\u00e1 en privado realiza cabalgatas matinales.<\/p>\n\n\n\n<p class=\"wp-block-paragraph\">No ha aclarado el estatus de la compra de los terrenos que pertenecieron a la XX zona militar. Y mucho menos ha transparentado la forma en que adquiri\u00f3 los terrenos de La Campana que muy puntualmente exhibi\u00f3 Mario Anguiano, en el conspicuo pleito de comadres.&nbsp;<\/p>\n\n\n\n<p class=\"wp-block-paragraph\">Locho, muy oportunista y sin pudor alguno, decidi\u00f3 apoyar a su otrora enemigo \u2013de mentira-; dar su apoyo incondicional a Nacho en el adelanto fallido de la suspensi\u00f3n de las actividades econ\u00f3micas de la entidad como consecuencia de la emergencia sanitaria.<\/p>\n\n\n\n<p class=\"wp-block-paragraph\">Locho con sus genes nachistas decidi\u00f3 cerrar la Procesadora Municipal de Carne en tiempos de epidemia dejando en vulnerabilidad sanitaria a los ciudadanos colimenses y utilizando la mentira como instrumento argumentativo al decir que el ayuntamiento pierde 25 millones de pesos anuales cuando los documentos oficiales dicen otra cosa. Con el cierre de la procesadora uno tiene que hacerse la siguiente pregunta \u00bfA qui\u00e9n busca Locho beneficiar? O espec\u00edficamente \u00bfA qu\u00e9 empresario, amigo de \u00e9l, piensa beneficiar?<\/p>\n\n\n\n<p class=\"wp-block-paragraph\">Locho y Nacho, ambos sin recursos econ\u00f3micos y creativos para resolver los problemas de la emergencia sanitaria solamente tuvieron la capacidad de estirar la mano y pedirle al gobierno de M\u00e9xico que se endeude para apoyar a sus amigos empresarios. El gobierno de la Republica les dijo, no, y Locho, fiel a su estilo, decidi\u00f3 contorsionarse en el piso porque la federaci\u00f3n apoyar\u00e1 a las peque\u00f1as y medianas empresas (pymes) en forma directa.<\/p>\n\n\n\n<p class=\"wp-block-paragraph\">Locho y Nacho en sus actitudes golpistas y politiqueras buscan el dinero de apoyo para quedarse con una parte de \u00e9l para sus futuras campa\u00f1as. La federaci\u00f3n fue muy clara al manifestar que&nbsp; apoyar\u00e1 a las pymes en forma directa, sin intermediarios, para que el dinero llegue a quien lo necesite.<\/p>\n\n\n\n<p class=\"wp-block-paragraph\">La serenidad<\/p>\n\n\n\n<p class=\"wp-block-paragraph\">El diputado Carlos C\u00e9sar Far\u00edas y Claudia Aguirre Luna le respondieron a Locho con toda la serenidad que el asunto precisa. Le puntualizaron que el asunto de la procesadora de carne es un problema jur\u00eddico al cual tiene que responder en los mismos t\u00e9rminos y asumir las consecuencias que de \u00e9l deriven.&nbsp;<\/p>\n\n\n\n<p class=\"wp-block-paragraph\">Bien por los diputados Aguirre Luna y Carlos C\u00e9sar Far\u00edas que con toda serenidad le han respondido a un Locho, que en tiempos de contingencia de salud se pone hist\u00e9rico, pero muy vivo, no deja pasar las oportunidades para hacer negocios. Hacer negocios de esa manera es tan f\u00e1cil que cualquiera puede ser empresario.<\/p>\n\n\n\n<p class=\"wp-block-paragraph\">La decisi\u00f3n de Locho \u201ces muy lamentable, el actuar del presidente municipal, con esto nos est\u00e1 demostrando un total desconocimiento del proceso legislativo, cosa rara, pues se supone que tiene experiencia legislativa al haber sido diputado federal; y le atribuye el car\u00e1cter de iniciativa a un simple oficio mandado al Congreso del Estado, al cual anex\u00f3 el acuerdo de cabildo\u201d, declar\u00f3 la diputada Aguirre.<\/p>\n\n\n\n<p class=\"wp-block-paragraph\">Por su parte Carlos C\u00e9sar Far\u00edas dijo que el decreto 146 es violatorio de los art\u00edculos 115 de la Constituci\u00f3n federal y 90 de la estatal pues al cerrar la procesadora de carne pone en riesgo sistem\u00e1tico la salud p\u00fablica de los colimenses; y por ende, temerariamente, lo hizo sin contar con un proyecto alternativo ya funcionando. Su acci\u00f3n, en conjunto con los regidores que votaron a favor, propicia la matanza clandestina de cerdos y reses sin las medidas sanitarias b\u00e1sicas; por ello, las comisiones de Justicia, Gobernaci\u00f3n y Poderes, Estudios Legislativos y Puntos Constitucionales, as\u00ed como la de Desarrollo Urbano, Municipios y Zona Metropolitana consideraron que no se hizo el procedimiento correcto y no se observ\u00f3 la Constituci\u00f3n y se debe de reconocer que es una iniciativa defectuosa y a todas luces violatoria de la ley.<\/p>\n\n\n\n<p class=\"wp-block-paragraph\">Locho Moran debe en conjunto con los regidores que votaron a favor ser enjuiciados pol\u00edticamente pues est\u00e1n atentado contra la salud de los colimenses que vivimos en la zona metropolitana del estado.<\/p>\n\n\n\n<p class=\"wp-block-paragraph\">Tambi\u00e9n est\u00e1 muy fuerte el rumor que sostiene que Locho Moran y socios ligados a Felipe Cruz est\u00e1n construyendo, a marchas forzadas, un rastro \u2013por el rumbo de Comala-&nbsp; para tomar el lugar de la Procesadora Municipal de Carne, proyecto que involucra a miembros del gobierno de Locho. Donde, entre otras ganancias, tendr\u00eda Locho suficientes recursos para su siguiente aventura pol\u00edtica.<\/p>\n\n\n\n<p class=\"wp-block-paragraph\">Locho de entrada ya hizo a\u00f1icos lo que mejor presum\u00eda, su honestidad. De comprobarse este enjuague de negocios demostrar\u00eda una sola cosa, que Locho es un gran farsante y que de decente no tiene nada.<\/p>\n\n\n\n<p class=\"wp-block-paragraph\">A la sociedad nos debe una rectificaci\u00f3n, disculpas y una renuncia.<\/p>\n\n\n\n<p class=\"wp-block-paragraph\">Por otra parte la serenidad de los diputados y su compasi\u00f3n aflora en tiempos dif\u00edciles cuando deciden los diputados de Morena y del PT, locales, donar el 100% de este mes para apoyar a los m\u00e1s vulnerables. Otro punto bueno para ellos que conecta con el sentir de los ciudadanos.<\/p>\n\n\n\n<p class=\"wp-block-paragraph\">Bien por todo el Congreso al facilitar y acordar varias medidas de apoyo a todos los ciudadanos. Ojal\u00e1 esto vaya en creciendo.<\/p>\n\n\n\n<p class=\"wp-block-paragraph\">La s\u00edntesis<\/p>\n\n\n\n<p class=\"wp-block-paragraph\">Los partidos pol\u00edticos tanto PRI, PAN, MC, Verde Ecologista y Panal&nbsp; han mostrado lo peor de los valores de la una sociedad mezquina, avara y, adem\u00e1s, su falta de compasi\u00f3n al no donar nada de sus prerrogativas para el pueblo de M\u00e9xico. La sociedad ya se encargar\u00e1 de ellos en las pr\u00f3ximas elecciones. S\u00f3lo Morena, PES y PT han decidido donar sus recursos y la sociedad sabr\u00e1 agradecerlo.<\/p>\n\n\n\n<p class=\"wp-block-paragraph\">A Nacho y Locho ni podemos aplicarles la revocaci\u00f3n de mandato (pues todav\u00eda no entra en vigor) porque los ciudadanos no somos golpistas como ellos y sus amigos los empresarios (COPARMEX y CCE, que s\u00f3lo est\u00e1n pensando en el dinero y c\u00f3mo robar al Estado y no pagar sus impuestos). La sociedad tendr\u00e1 paciencia y ellos y sus partidos sufrir\u00e1n las consecuencias por haber traicionado a los ciudadanos.<\/p>\n\n\n\n<p class=\"wp-block-paragraph\">Locho Mor\u00e1n y Nacho Peralta no est\u00e1n habilitados para manejar recursos de fondos aportados por la sociedad para apoyar a los m\u00e1s vulnerables porque los ciudadanos <strong>ya no les tenemos confianza<\/strong>.<\/p>\n\n\n\n<p class=\"wp-block-paragraph\">Locho y Nacho son dos hermanos que se encontraron porque son parte de una misma casta, la casta de la corrupci\u00f3n y de la mentira: ellos no merecen nuestra confianza. Pues los hechos los condenan.<\/p>\n\n\n\n<p class=\"wp-block-paragraph\">Mis condolencias<\/p>\n\n\n\n<p class=\"wp-block-paragraph\">En estos momentos dif\u00edciles le env\u00edo el Dr. Leonardo C\u00e9sar Guti\u00e9rrez Ch\u00e1vez y&nbsp; a toda su familia un fuerte abrazo.<\/p>\n<div class=\"fb-background-color\">\n\t\t\t  <div \n\t\t\t  \tclass = \"fb-comments\" \n\t\t\t  \tdata-href = \"https:\/\/diarioavanzada.com.mx\/?p=11862\"\n\t\t\t  \tdata-numposts = \"10\"\n\t\t\t  \tdata-lazy = \"true\"\n\t\t\t\tdata-colorscheme = \"light\"\n\t\t\t\tdata-order-by = \"social\"\n\t\t\t\tdata-mobile=true>\n\t\t\t  <\/div><\/div>\n\t\t  <style>\n\t\t    .fb-background-color {\n\t\t\t\tbackground:  !important;\n\t\t\t}\n\t\t\t.fb_iframe_widget_fluid_desktop iframe {\n\t\t\t    width: 100% !important;\n\t\t\t}\n\t\t  <\/style>\n\t\t  ","protected":false},"excerpt":{"rendered":"<p>Rain Man se llam\u00f3 la pel\u00edcula que protagonizaron Tom Cruise y Dustin Hoffman en 1988 que en M\u00e9xico titularon Cuando los hermanos se encuentran por esas extra\u00f1as razones comerciales. Rain Man literalmente significa hombre de la lluvia que fon\u00e9ticamente (en ingl\u00e9s) es sin\u00f3nimo de Raymon que tiene mucho sentido en la trama de la pel\u00edcula.&nbsp; [&hellip;]<\/p>\n","protected":false},"author":9,"featured_media":4279,"comment_status":"closed","ping_status":"closed","sticky":false,"template":"","format":"standard","meta":{"_coblocks_attr":"","_coblocks_dimensions":"","_coblocks_responsive_height":"","_coblocks_accordion_ie_support":"","advanced_seo_description":"","jetpack_seo_html_title":"","jetpack_seo_noindex":false,"jetpack_seo_schema_type":"","_jetpack_newsletter_access":"","_jetpack_dont_email_post_to_subs":false,"_jetpack_newsletter_tier_id":0,"_jetpack_memberships_contains_paywalled_content":false,"_wpcom_ai_launchpad_first_post":false,"_jetpack_feature_clip_id":0,"_jetpack_memberships_contains_paid_content":false,"footnotes":"","jetpack_post_was_ever_published":false},"categories":[19,24],"tags":[220,210],"class_list":["post-11862","post","type-post","status-publish","format-standard","has-post-thumbnail","hentry","category-colima","category-opinion","tag-opinion","tag-portada"],"jetpack-related-posts":[],"jetpack_sharing_enabled":true,"amp_enabled":true,"jetpack_featured_media_url":"https:\/\/diarioavanzada.com.mx\/wp-content\/uploads\/2019\/03\/Locho-y-Nacho.png","_links":{"self":[{"href":"https:\/\/diarioavanzada.com.mx\/index.php?rest_route=\/wp\/v2\/posts\/11862","targetHints":{"allow":["GET"]}}],"collection":[{"href":"https:\/\/diarioavanzada.com.mx\/index.php?rest_route=\/wp\/v2\/posts"}],"about":[{"href":"https:\/\/diarioavanzada.com.mx\/index.php?rest_route=\/wp\/v2\/types\/post"}],"author":[{"embeddable":true,"href":"https:\/\/diarioavanzada.com.mx\/index.php?rest_route=\/wp\/v2\/users\/9"}],"replies":[{"embeddable":true,"href":"https:\/\/diarioavanzada.com.mx\/index.php?rest_route=%2Fwp%2Fv2%2Fcomments&post=11862"}],"version-history":[{"count":0,"href":"https:\/\/diarioavanzada.com.mx\/index.php?rest_route=\/wp\/v2\/posts\/11862\/revisions"}],"wp:featuredmedia":[{"embeddable":true,"href":"https:\/\/diarioavanzada.com.mx\/index.php?rest_route=\/wp\/v2\/media\/4279"}],"wp:attachment":[{"href":"https:\/\/diarioavanzada.com.mx\/index.php?rest_route=%2Fwp%2Fv2%2Fmedia&parent=11862"}],"wp:term":[{"taxonomy":"category","embeddable":true,"href":"https:\/\/diarioavanzada.com.mx\/index.php?rest_route=%2Fwp%2Fv2%2Fcategories&post=11862"},{"taxonomy":"post_tag","embeddable":true,"href":"https:\/\/diarioavanzada.com.mx\/index.php?rest_route=%2Fwp%2Fv2%2Ftags&post=11862"}],"curies":[{"name":"wp","href":"https:\/\/api.w.org\/{rel}","templated":true}]}}