{"id":11762,"date":"2020-04-03T13:19:46","date_gmt":"2020-04-03T18:19:46","guid":{"rendered":"https:\/\/diarioavanzada.com.mx\/?p=11762"},"modified":"2020-04-03T13:19:48","modified_gmt":"2020-04-03T18:19:48","slug":"no-entrare-en-polemicas-cerrar-la-procesadora-de-carne-fue-una-decision-responsable-locho","status":"publish","type":"post","link":"https:\/\/diarioavanzada.com.mx\/?p=11762","title":{"rendered":"No entrar\u00e9 en pol\u00e9micas, cerrar la Procesadora de Carne fue una decisi\u00f3n responsable: Locho"},"content":{"rendered":"\n<p class=\"wp-block-paragraph\">Colima, M\u00e9xico, Avanzada (03\/04\/2020).- El presidente municipal de Colima justific\u00f3 el cierre de la Procesadora de Carne y dijo que era un \u201cbarril sin fondo\u201d que le costaba al municipio 25 millones de pesos anuales.<\/p>\n\n\n\n<p class=\"wp-block-paragraph\">Adem\u00e1s, sostuvo que los se\u00f1alamientos por parte de algunos personajes p\u00fablicos tiene que ver con el proceso electoral y afirm\u00f3 que no caer\u00e1 en pol\u00e9mica pues, &nbsp;sabe que en la posici\u00f3n en la que se encuentra actualmente, le permite construir un proyecto [pol\u00edtico] a largo plazo.<\/p>\n\n\n\n<p class=\"wp-block-paragraph\">Tras la protestas de tablajeros por el cierre de este rastro, el edil capitalino afirm\u00f3 que el 90 por ciento de la carne que se consume en el estado y en la capital de Colima, no proviene de la Procesadora Municipal de Carne.<\/p>\n\n\n\n<p class=\"wp-block-paragraph\">\u201cLo que estaba pasando es que el gobierno municipal estaba subsidiando una situaci\u00f3n que no ten\u00eda sentido, con el dinero que podr\u00eda estarse empleando en obras\u201d, dijo el presidente, quien sostuvo que la decisi\u00f3n de cierre fue responsable.<\/p>\n\n\n\n<p class=\"wp-block-paragraph\">El alcalde capitalino afirm\u00f3 que el cierre de la Procesadora Municipal de Carne&nbsp; se trabaj\u00f3 desde hace a\u00f1o y medio donde sostuvo reuniones con los l\u00edderes sindicales, trabajadores e introductores de carne, por ende, descart\u00f3 que el cierre haya sido precipitado.<\/p>\n\n\n\n<p class=\"wp-block-paragraph\">Refiri\u00f3 que quienes est\u00e1n protestando son los introductores de carne, \u201cmucho de ellos no viven en Colima. Yo respeto su decisi\u00f3n, no voy a entrar en pol\u00e9mica, ni voy a politizar el tema porque hay que dejar claro que este tambi\u00e9n es un tema que tienen sesgos pol\u00edticos\u201d.<\/p>\n\n\n\n<p class=\"wp-block-paragraph\">Refiri\u00f3 que para nadie es innegable que en la posici\u00f3n que se encuentra [como alcalde capitalino] permite condiciones para construir un proyecto [pol\u00edtico] a largo plazo, \u201cy no me voy a distraer, estamos garantizando el patrimonio de los ciudadanos. Mi obligaci\u00f3n como alcalde es cuidar el patrimonio y eso es lo que estamos haciendo\u201d.<\/p>\n\n\n\n<p class=\"wp-block-paragraph\">Leoncio Mor\u00e1n S\u00e1nchez afirm\u00f3 que se protegi\u00f3 la estabilidad laboral de los 30 trabajadores que formaban parte de la Procesadora Municipal de Carne, se unieron al Ayuntamiento de Colima y se evit\u00f3 seguir pagando 25 millones de pesos.<\/p>\n\n\n\n<p class=\"wp-block-paragraph\">En entrevista con la Mejor F.M, el edil capitalino evit\u00f3 contestar los se\u00f1alamientos de dos diputados locales, quienes sostienen que el proceso de cierre de la Procesadora Municipal de Carne estuvo mal hecho, y violent\u00f3 los procesos legislativos.<\/p>\n\n\n\n<p class=\"wp-block-paragraph\">Mor\u00e1n s\u00f3lo se limit\u00f3 a responder que no caer\u00e1 en pol\u00e9mica porque hay un proceso pol\u00edtico electoral en puerta, \u201cy no caer\u00e9 en ese juego. Nosotros actuamos de manera responsable y respetando la ley\u201d.<\/p>\n\n\n\n<p class=\"wp-block-paragraph\">Despu\u00e9s, dijo que nunca ha actuado fuera de la ley, \u201cLa Procesadora est\u00e1 cerrada\u201d e insisti\u00f3 que no entrar\u00e1 en pol\u00e9mica, pues insisti\u00f3 que el problema es entre particulares, &nbsp;y explic\u00f3 que el municipio no est\u00e1 en condiciones de subsidiar\u201d.<\/p>\n\n\n\n<p class=\"wp-block-paragraph\">Esta semana, tablajeros se\u00f1alaron que no cuentan con un rastro municipal y advirtieron que habr\u00e1 problemas de salud, porque nadie verificar\u00e1 las buenas condiciones en las que se encuentre la carne que se vender\u00e1 en Colima.&nbsp;<\/p>\n<div class=\"fb-background-color\">\n\t\t\t  <div \n\t\t\t  \tclass = \"fb-comments\" \n\t\t\t  \tdata-href = \"https:\/\/diarioavanzada.com.mx\/?p=11762\"\n\t\t\t  \tdata-numposts = \"10\"\n\t\t\t  \tdata-lazy = \"true\"\n\t\t\t\tdata-colorscheme = \"light\"\n\t\t\t\tdata-order-by = \"social\"\n\t\t\t\tdata-mobile=true>\n\t\t\t  <\/div><\/div>\n\t\t  <style>\n\t\t    .fb-background-color {\n\t\t\t\tbackground:  !important;\n\t\t\t}\n\t\t\t.fb_iframe_widget_fluid_desktop iframe {\n\t\t\t    width: 100% !important;\n\t\t\t}\n\t\t  <\/style>\n\t\t  ","protected":false},"excerpt":{"rendered":"<p>Colima, M\u00e9xico, Avanzada (03\/04\/2020).- El presidente municipal de Colima justific\u00f3 el cierre de la Procesadora de Carne y dijo que era un \u201cbarril sin fondo\u201d que le costaba al municipio 25 millones de pesos anuales. Adem\u00e1s, sostuvo que los se\u00f1alamientos por parte de algunos personajes p\u00fablicos tiene que ver con el proceso electoral y afirm\u00f3 [&hellip;]<\/p>\n","protected":false},"author":5,"featured_media":7283,"comment_status":"closed","ping_status":"closed","sticky":false,"template":"","format":"standard","meta":{"_coblocks_attr":"","_coblocks_dimensions":"","_coblocks_responsive_height":"","_coblocks_accordion_ie_support":"","_crdt_document":"","advanced_seo_description":"","jetpack_seo_html_title":"","jetpack_seo_noindex":false,"_jetpack_memberships_contains_paid_content":false,"footnotes":""},"categories":[19],"tags":[210],"class_list":["post-11762","post","type-post","status-publish","format-standard","has-post-thumbnail","hentry","category-colima","tag-portada"],"jetpack_featured_media_url":"https:\/\/diarioavanzada.com.mx\/wp-content\/uploads\/2019\/08\/Locho-Mora\u0301n.jpg","jetpack-related-posts":[],"jetpack_sharing_enabled":true,"amp_enabled":true,"_links":{"self":[{"href":"https:\/\/diarioavanzada.com.mx\/index.php?rest_route=\/wp\/v2\/posts\/11762","targetHints":{"allow":["GET"]}}],"collection":[{"href":"https:\/\/diarioavanzada.com.mx\/index.php?rest_route=\/wp\/v2\/posts"}],"about":[{"href":"https:\/\/diarioavanzada.com.mx\/index.php?rest_route=\/wp\/v2\/types\/post"}],"author":[{"embeddable":true,"href":"https:\/\/diarioavanzada.com.mx\/index.php?rest_route=\/wp\/v2\/users\/5"}],"replies":[{"embeddable":true,"href":"https:\/\/diarioavanzada.com.mx\/index.php?rest_route=%2Fwp%2Fv2%2Fcomments&post=11762"}],"version-history":[{"count":0,"href":"https:\/\/diarioavanzada.com.mx\/index.php?rest_route=\/wp\/v2\/posts\/11762\/revisions"}],"wp:featuredmedia":[{"embeddable":true,"href":"https:\/\/diarioavanzada.com.mx\/index.php?rest_route=\/wp\/v2\/media\/7283"}],"wp:attachment":[{"href":"https:\/\/diarioavanzada.com.mx\/index.php?rest_route=%2Fwp%2Fv2%2Fmedia&parent=11762"}],"wp:term":[{"taxonomy":"category","embeddable":true,"href":"https:\/\/diarioavanzada.com.mx\/index.php?rest_route=%2Fwp%2Fv2%2Fcategories&post=11762"},{"taxonomy":"post_tag","embeddable":true,"href":"https:\/\/diarioavanzada.com.mx\/index.php?rest_route=%2Fwp%2Fv2%2Ftags&post=11762"}],"curies":[{"name":"wp","href":"https:\/\/api.w.org\/{rel}","templated":true}]}}