{"id":11759,"date":"2020-04-03T09:50:12","date_gmt":"2020-04-03T14:50:12","guid":{"rendered":"https:\/\/diarioavanzada.com.mx\/?p=11759"},"modified":"2020-04-03T09:50:13","modified_gmt":"2020-04-03T14:50:13","slug":"el-sistema-en-colima-es-insuficiente-para-atender-personas-contagiadas-por-coronavirus-jips","status":"publish","type":"post","link":"https:\/\/diarioavanzada.com.mx\/?p=11759","title":{"rendered":"El sistema en Colima es insuficiente para atender personas contagiadas por Coronavirus: JIPS"},"content":{"rendered":"\n<p class=\"wp-block-paragraph\">Colima, M\u00e9xico, Avanzada (03\/04\/2020).- El gobernador, Ignacio Peralta S\u00e1nchez reconoci\u00f3 que el sistema de salud en Colima es insuficiente para atender los contagios de Coronavirus, \u201caun en los escenarios m\u00e1s optimistas\u201d.<\/p>\n\n\n\n<p class=\"wp-block-paragraph\">En un mensaje que trasmiti\u00f3 la noche de este jueves para anunciar la adhesi\u00f3n a la declaratoria de emergencia del gobierno federal, el titular del Ejecutivo dijo que el Sistema Integral de Salud en la entidad tiene serias limitaciones para atender una fuerte demanda de casos que podr\u00edan presentarse.<\/p>\n\n\n\n<p class=\"wp-block-paragraph\">Indic\u00f3 que son necesarias dos acciones, la primera de ellas es una fuerte inversi\u00f3n en el sistema de salud, sin embargo, no mencion\u00f3 a cu\u00e1nto asciende la cantidad de recursos que estar\u00e1 destinando, y si esto provienen del presupuesto estatal, un pr\u00e9stamos bancario o apoyos de la federaci\u00f3n.<\/p>\n\n\n\n<p class=\"wp-block-paragraph\">En su mensaje, lo que s\u00ed mencion\u00f3 el mandatario es que se comprar\u00e1n 50 ventiladores para la asistencia respiratoria de todas aquellas personas que lo requieran, por presentar s\u00edntomas graves provocados por el Covid-19.<\/p>\n\n\n\n<p class=\"wp-block-paragraph\">Tambi\u00e9n dijo que &nbsp;todo el personal de salud que atienda pacientes de Covid-19, &nbsp;deber\u00e1 contar con el equipamiento de bioseguridad estipulado por la Organizaci\u00f3n Mundial de la Salud para evitar contagios.<\/p>\n\n\n\n<p class=\"wp-block-paragraph\">El titular del Ejecutivo se\u00f1al\u00f3 que solicit\u00f3 funcionarios del gobierno federal, que dise\u00f1en un plan de reconversi\u00f3n hospitalaria del IMSS e ISSSTE con par\u00e1metros realistas para una atenci\u00f3n adecuada de los derechohabientes.<\/p>\n\n\n\n<p class=\"wp-block-paragraph\">En su mensaje, anunci\u00f3 el cierre de playas en Colima y dijo que la epidemia est\u00e1 concentrada en las ciudades m\u00e1s grandes del pa\u00eds, \u201csi recibimos turistas de otras partes del pa\u00eds, el contagio ser\u00e1 explosivo, primero en los municipios tur\u00edsticos, y despu\u00e9s, en todo el estado\u201d.<\/p>\n\n\n\n<p class=\"wp-block-paragraph\">Luego, explic\u00f3 que se suspender\u00e1n todas las actividades no esenciales hasta el 30 de abril y explic\u00f3 que la lista de negocios que podr\u00e1n permanecer abiertos se publicar\u00e1 en la p\u00e1gina del gobierno del Estado.<\/p>\n\n\n\n<p class=\"wp-block-paragraph\">Por \u00faltimo advirti\u00f3 que vienen momentos dif\u00edciles y pidi\u00f3 a la poblaci\u00f3n mantenerse en asilamiento social.<\/p>\n<div class=\"fb-background-color\">\n\t\t\t  <div \n\t\t\t  \tclass = \"fb-comments\" \n\t\t\t  \tdata-href = \"https:\/\/diarioavanzada.com.mx\/?p=11759\"\n\t\t\t  \tdata-numposts = \"10\"\n\t\t\t  \tdata-lazy = \"true\"\n\t\t\t\tdata-colorscheme = \"light\"\n\t\t\t\tdata-order-by = \"social\"\n\t\t\t\tdata-mobile=true>\n\t\t\t  <\/div><\/div>\n\t\t  <style>\n\t\t    .fb-background-color {\n\t\t\t\tbackground:  !important;\n\t\t\t}\n\t\t\t.fb_iframe_widget_fluid_desktop iframe {\n\t\t\t    width: 100% !important;\n\t\t\t}\n\t\t  <\/style>\n\t\t  ","protected":false},"excerpt":{"rendered":"<p>Colima, M\u00e9xico, Avanzada (03\/04\/2020).- El gobernador, Ignacio Peralta S\u00e1nchez reconoci\u00f3 que el sistema de salud en Colima es insuficiente para atender los contagios de Coronavirus, \u201caun en los escenarios m\u00e1s optimistas\u201d. En un mensaje que trasmiti\u00f3 la noche de este jueves para anunciar la adhesi\u00f3n a la declaratoria de emergencia del gobierno federal, el titular [&hellip;]<\/p>\n","protected":false},"author":5,"featured_media":11760,"comment_status":"closed","ping_status":"closed","sticky":false,"template":"","format":"standard","meta":{"_coblocks_attr":"","_coblocks_dimensions":"","_coblocks_responsive_height":"","_coblocks_accordion_ie_support":"","advanced_seo_description":"","jetpack_seo_html_title":"","jetpack_seo_noindex":false,"jetpack_seo_schema_type":"","_jetpack_newsletter_access":"","_jetpack_dont_email_post_to_subs":false,"_jetpack_newsletter_tier_id":0,"_jetpack_memberships_contains_paywalled_content":false,"_wpcom_ai_launchpad_first_post":false,"_jetpack_feature_clip_id":0,"_jetpack_memberships_contains_paid_content":false,"footnotes":"","jetpack_post_was_ever_published":false},"categories":[19,27],"tags":[300,210],"class_list":["post-11759","post","type-post","status-publish","format-standard","has-post-thumbnail","hentry","category-colima","category-salud","tag-covid-19","tag-portada"],"jetpack-related-posts":[],"jetpack_sharing_enabled":true,"amp_enabled":true,"jetpack_featured_media_url":"https:\/\/diarioavanzada.com.mx\/wp-content\/uploads\/2020\/04\/92286092_1282404785302767_5739859543517560832_n.jpg","_links":{"self":[{"href":"https:\/\/diarioavanzada.com.mx\/index.php?rest_route=\/wp\/v2\/posts\/11759","targetHints":{"allow":["GET"]}}],"collection":[{"href":"https:\/\/diarioavanzada.com.mx\/index.php?rest_route=\/wp\/v2\/posts"}],"about":[{"href":"https:\/\/diarioavanzada.com.mx\/index.php?rest_route=\/wp\/v2\/types\/post"}],"author":[{"embeddable":true,"href":"https:\/\/diarioavanzada.com.mx\/index.php?rest_route=\/wp\/v2\/users\/5"}],"replies":[{"embeddable":true,"href":"https:\/\/diarioavanzada.com.mx\/index.php?rest_route=%2Fwp%2Fv2%2Fcomments&post=11759"}],"version-history":[{"count":0,"href":"https:\/\/diarioavanzada.com.mx\/index.php?rest_route=\/wp\/v2\/posts\/11759\/revisions"}],"wp:featuredmedia":[{"embeddable":true,"href":"https:\/\/diarioavanzada.com.mx\/index.php?rest_route=\/wp\/v2\/media\/11760"}],"wp:attachment":[{"href":"https:\/\/diarioavanzada.com.mx\/index.php?rest_route=%2Fwp%2Fv2%2Fmedia&parent=11759"}],"wp:term":[{"taxonomy":"category","embeddable":true,"href":"https:\/\/diarioavanzada.com.mx\/index.php?rest_route=%2Fwp%2Fv2%2Fcategories&post=11759"},{"taxonomy":"post_tag","embeddable":true,"href":"https:\/\/diarioavanzada.com.mx\/index.php?rest_route=%2Fwp%2Fv2%2Ftags&post=11759"}],"curies":[{"name":"wp","href":"https:\/\/api.w.org\/{rel}","templated":true}]}}