{"id":11756,"date":"2020-04-03T09:01:39","date_gmt":"2020-04-03T14:01:39","guid":{"rendered":"https:\/\/diarioavanzada.com.mx\/?p=11756"},"modified":"2020-04-03T09:01:42","modified_gmt":"2020-04-03T14:01:42","slug":"conoce-cuales-actividades-esenciales-continuaran-trabajando-por-decreto-de-ley","status":"publish","type":"post","link":"https:\/\/diarioavanzada.com.mx\/?p=11756","title":{"rendered":"Conoce cu\u00e1les actividades &#8220;esenciales&#8221; continuar\u00e1n trabajando por decreto de ley"},"content":{"rendered":"\n<p class=\"wp-block-paragraph\">Colima, M\u00e9xico, Avanzada (03\/04\/2020).- El gobernador de Colima, Ignacio Peralta S\u00e1nchez anunci\u00f3 la adhesi\u00f3n a las medidas federales que se est\u00e1n tomando para evitar el contagio explosivo de Coronavirus y anunci\u00f3 que a partir de este d\u00eda y hasta el pr\u00f3ximo 30 de abril, s\u00f3lo se estar\u00e1n prestando los servicios de las actividades esenciales tanto en el sector gubernamental como en el privado.<\/p>\n\n\n\n<p class=\"wp-block-paragraph\">Lo anterior significa que en Colima s\u00f3lo pondr\u00e1n prestarse servicios de aquellas actividades que permitan cubrir las necesidades de abasto, alimentaci\u00f3n, seguridad, salud, movimientos bancarios, movilidad, informaci\u00f3n de los ciudadanos<\/p>\n\n\n\n<p class=\"wp-block-paragraph\">El decreto publicado el 31 de marzo de este a\u00f1o en el Diario Oficial de la Federaci\u00f3n&nbsp; (DOF) considera como actividades esenciales las siguientes:<\/p>\n\n\n\n<p class=\"wp-block-paragraph\">1.- Las que son directamente necesarias para atender la emergencia sanitaria, como son las actividades laborales de la rama m\u00e9dica, param\u00e9dica, administrativa y de apoyo en todo el Sistema Nacional de Salud. Tambi\u00e9n los que participan en su abasto, servicios y proveedur\u00eda, entre las que destacan el sector farmac\u00e9utico, tanto en su producci\u00f3n como en su distribuci\u00f3n (farmacias).<\/p>\n\n\n\n<p class=\"wp-block-paragraph\">2.-&nbsp; La manufactura de insumos, equipamiento m\u00e9dico y tecnolog\u00edas para la atenci\u00f3n de la salud; los involucrados en la disposici\u00f3n adecuada de los residuos peligrosos biol\u00f3gicos-infecciosos (RPBI), as\u00ed como la limpieza y sanitizaci\u00f3n de las unidades m\u00e9dicas en los diferentes niveles de atenci\u00f3n;<\/p>\n\n\n\n<p class=\"wp-block-paragraph\">3.- Las involucradas en la seguridad p\u00fablica y la protecci\u00f3n ciudadana; en la defensa de la integridad y la soberan\u00eda nacionales; la procuraci\u00f3n e impartici\u00f3n de justicia; as\u00ed como la actividad legislativa en los niveles federal y estatal.<\/p>\n\n\n\n<p class=\"wp-block-paragraph\">4.- Las de los sectores fundamentales de la econom\u00eda: financieros (bancos), el de recaudaci\u00f3n tributaria, distribuci\u00f3n y venta de energ\u00e9ticos, gasolineras y gas, generaci\u00f3n y distribuci\u00f3n de agua potable.<\/p>\n\n\n\n<p class=\"wp-block-paragraph\">5.- La industria de alimentos y bebidas no alcoh\u00f3licas, mercados de alimentos,&nbsp; as\u00ed como supermercados, tiendas de autoservicio, abarrotes y venta de alimentos preparados.<\/p>\n\n\n\n<p class=\"wp-block-paragraph\">6.- Servicios de transporte de pasajeros y de carga; producci\u00f3n agr\u00edcola, pesquera y pecuaria, agroindustria, industria qu\u00edmica, productos de limpieza.<\/p>\n\n\n\n<p class=\"wp-block-paragraph\">7.- Ferreter\u00edas, servicios de mensajer\u00eda, guardias en labores de seguridad privada; guarder\u00edas y estancias infantiles, asilos y estancias para personas adultas mayores, refugios y centros de atenci\u00f3n a mujeres v\u00edctimas de violencia, sus hijas e hijos.<\/p>\n\n\n\n<p class=\"wp-block-paragraph\">8.- Telecomunicaciones y medios de informaci\u00f3n; servicios privados de emergencia, servicios funerarios y de inhumaci\u00f3n, servicios de almacenamiento y cadena de fr\u00edo de insumos esenciales.<\/p>\n\n\n\n<p class=\"wp-block-paragraph\">9.- Log\u00edstica (aeropuertos, puertos y ferrocarriles), as\u00ed como actividades cuya suspensi\u00f3n pueda tener efectos irreversibles para su continuaci\u00f3n;<\/p>\n\n\n\n<p class=\"wp-block-paragraph\">10.- Las relacionadas directamente con la operaci\u00f3n de los programas sociales del gobierno, y<\/p>\n\n\n\n<p class=\"wp-block-paragraph\">11.- Las necesarias para la conservaci\u00f3n, mantenimiento y reparaci\u00f3n de la infraestructura cr\u00edtica que asegura la producci\u00f3n y distribuci\u00f3n de servicios indispensables; a saber: agua potable, energ\u00eda el\u00e9ctrica, gas, petr\u00f3leo, gasolina, turbosina, saneamiento b\u00e1sico, transporte p\u00fablico, infraestructura hospitalaria y m\u00e9dica, entre otros m\u00e1s que pudieran listarse en esta categor\u00eda.<\/p>\n\n\n\n<p class=\"wp-block-paragraph\">El mismo decreto establece que todas aquellas actividades esenciales que tendr\u00e1n que seguir funcionando durante la emergencia sanitaria deber\u00e1n observar, de manera obligatoria, las siguientes pr\u00e1cticas:<\/p>\n\n\n\n<p class=\"wp-block-paragraph\">a) No se podr\u00e1n realizar reuniones o congregaciones de m\u00e1s de 50 personas;<\/p>\n\n\n\n<p class=\"wp-block-paragraph\">b) Las personas deber\u00e1n lavarse las manos frecuentemente;<\/p>\n\n\n\n<p class=\"wp-block-paragraph\">c) Las personas deber\u00e1n estornudar o toser aplicando la etiqueta respiratoria (cubriendo nariz y boca con un pa\u00f1uelo desechable o con el antebrazo);<\/p>\n\n\n\n<p class=\"wp-block-paragraph\">d) No saludar de beso, de mano o abrazo (saludo a distancia), y<\/p>\n\n\n\n<p class=\"wp-block-paragraph\">e) Todas las dem\u00e1s medidas de sana distancia vigentes, emitidas por la Secretar\u00eda de Salud Federal.<\/p>\n\n\n\n<p class=\"wp-block-paragraph\">El cierre de actividades no esenciales estar\u00e1 vigente desde este d\u00eda y hasta el pr\u00f3ximo 30 de abril.<\/p>\n<div class=\"fb-background-color\">\n\t\t\t  <div \n\t\t\t  \tclass = \"fb-comments\" \n\t\t\t  \tdata-href = \"https:\/\/diarioavanzada.com.mx\/?p=11756\"\n\t\t\t  \tdata-numposts = \"10\"\n\t\t\t  \tdata-lazy = \"true\"\n\t\t\t\tdata-colorscheme = \"light\"\n\t\t\t\tdata-order-by = \"social\"\n\t\t\t\tdata-mobile=true>\n\t\t\t  <\/div><\/div>\n\t\t  <style>\n\t\t    .fb-background-color {\n\t\t\t\tbackground:  !important;\n\t\t\t}\n\t\t\t.fb_iframe_widget_fluid_desktop iframe {\n\t\t\t    width: 100% !important;\n\t\t\t}\n\t\t  <\/style>\n\t\t  ","protected":false},"excerpt":{"rendered":"<p>Colima, M\u00e9xico, Avanzada (03\/04\/2020).- El gobernador de Colima, Ignacio Peralta S\u00e1nchez anunci\u00f3 la adhesi\u00f3n a las medidas federales que se est\u00e1n tomando para evitar el contagio explosivo de Coronavirus y anunci\u00f3 que a partir de este d\u00eda y hasta el pr\u00f3ximo 30 de abril, s\u00f3lo se estar\u00e1n prestando los servicios de las actividades esenciales tanto [&hellip;]<\/p>\n","protected":false},"author":7,"featured_media":7415,"comment_status":"closed","ping_status":"closed","sticky":false,"template":"","format":"standard","meta":{"_coblocks_attr":"","_coblocks_dimensions":"","_coblocks_responsive_height":"","_coblocks_accordion_ie_support":"","advanced_seo_description":"","jetpack_seo_html_title":"","jetpack_seo_noindex":false,"jetpack_seo_schema_type":"","_jetpack_newsletter_access":"","_jetpack_dont_email_post_to_subs":false,"_jetpack_newsletter_tier_id":0,"_jetpack_memberships_contains_paywalled_content":false,"_wpcom_ai_launchpad_first_post":false,"_jetpack_feature_clip_id":0,"_jetpack_memberships_contains_paid_content":false,"footnotes":"","jetpack_post_was_ever_published":false},"categories":[19],"tags":[300,210],"class_list":["post-11756","post","type-post","status-publish","format-standard","has-post-thumbnail","hentry","category-colima","tag-covid-19","tag-portada"],"jetpack-related-posts":[],"jetpack_sharing_enabled":true,"amp_enabled":true,"jetpack_featured_media_url":"https:\/\/diarioavanzada.com.mx\/wp-content\/uploads\/2019\/09\/REY-COLIMAN-.jpg","_links":{"self":[{"href":"https:\/\/diarioavanzada.com.mx\/index.php?rest_route=\/wp\/v2\/posts\/11756","targetHints":{"allow":["GET"]}}],"collection":[{"href":"https:\/\/diarioavanzada.com.mx\/index.php?rest_route=\/wp\/v2\/posts"}],"about":[{"href":"https:\/\/diarioavanzada.com.mx\/index.php?rest_route=\/wp\/v2\/types\/post"}],"author":[{"embeddable":true,"href":"https:\/\/diarioavanzada.com.mx\/index.php?rest_route=\/wp\/v2\/users\/7"}],"replies":[{"embeddable":true,"href":"https:\/\/diarioavanzada.com.mx\/index.php?rest_route=%2Fwp%2Fv2%2Fcomments&post=11756"}],"version-history":[{"count":0,"href":"https:\/\/diarioavanzada.com.mx\/index.php?rest_route=\/wp\/v2\/posts\/11756\/revisions"}],"wp:featuredmedia":[{"embeddable":true,"href":"https:\/\/diarioavanzada.com.mx\/index.php?rest_route=\/wp\/v2\/media\/7415"}],"wp:attachment":[{"href":"https:\/\/diarioavanzada.com.mx\/index.php?rest_route=%2Fwp%2Fv2%2Fmedia&parent=11756"}],"wp:term":[{"taxonomy":"category","embeddable":true,"href":"https:\/\/diarioavanzada.com.mx\/index.php?rest_route=%2Fwp%2Fv2%2Fcategories&post=11756"},{"taxonomy":"post_tag","embeddable":true,"href":"https:\/\/diarioavanzada.com.mx\/index.php?rest_route=%2Fwp%2Fv2%2Ftags&post=11756"}],"curies":[{"name":"wp","href":"https:\/\/api.w.org\/{rel}","templated":true}]}}