{"id":11725,"date":"2020-04-02T08:38:09","date_gmt":"2020-04-02T13:38:09","guid":{"rendered":"https:\/\/diarioavanzada.com.mx\/?p=11725"},"modified":"2020-04-02T08:38:11","modified_gmt":"2020-04-02T13:38:11","slug":"finanzas-ignora-al-congreso-no-informa-sobre-el-cobro-de-515-mdp-de-mam","status":"publish","type":"post","link":"https:\/\/diarioavanzada.com.mx\/?p=11725","title":{"rendered":"Finanzas ignora al Congreso, no informa sobre el cobro de 515 MDP de MAM"},"content":{"rendered":"<p class=\"p1\">Colima, M\u00e9xico, Avanzada (02\/04\/2020).- La secretar\u00eda de Planeaci\u00f3n y Finanzas del Gobierno del Estado no ha notificado al Poder Legislativo si ya requiri\u00f3 el pago al ex gobernador Mario Anguiano Moreno de los m\u00e1s de 515 millones de pesos.<\/p>\n<p class=\"p1\">El 3 de febrero, la Comisi\u00f3n de Responsabilidades sesion\u00f3 en el Congreso local para darle vista a la Secretar\u00eda de Finanzas sobre la resoluci\u00f3n del Tribunal Colegiado del Trig\u00e9simo Segundo Circuito, quien le neg\u00f3 el amparo al ex mandatario, y por lo tanto, dej\u00f3 firme la sanci\u00f3n impuesta por el Congreso local.<\/p>\n<p class=\"p1\">Dicha comisi\u00f3n determin\u00f3 que la Secretar\u00eda de Finanzas tendr\u00eda que informar al Congreso colimense, la manera en la que solicitar\u00e1 el pago al ex mandatario, sin embargo, hasta la fecha, la dependencia estatal a cargo de Carlos Noriega Garc\u00eda no ha remitido ninguna informaci\u00f3n al Poder Legislativo.<\/p>\n<p class=\"p1\">El pasado mes de enero, la justicia federal neg\u00f3 el amparo que promovi\u00f3 el ex mandatario colimense en contra de la sanci\u00f3n que le impuso el Congreso de inhabilitarlo por 14 a\u00f1os para ocupar cargos p\u00fablicos, y sancionarlo con 515 millones de pesos.<\/p>\n<p class=\"p1\">La secretar\u00eda de Planeaci\u00f3n y Finanzas tendr\u00e1 que realizar el cobro correspondiente al ex titular del Ejecutivo, pero, de acuerdo a consultas realizadas con algunos diputados locales, se desconoce la forma en la que recuperar\u00e1 el dinero.<\/p>\n<p class=\"p1\">El 13 de febrero de este a\u00f1o, el ex gobernador Mario Anguiano acudi\u00f3 a la Fiscal\u00eda General del Estado para informarles que no ten\u00eda recursos para pagar los m\u00e1s de 500 millones de pesos y por lo tanto, solicit\u00f3 que procedieran en consecuencia.<\/p>\n<p class=\"p1\">Un d\u00eda despu\u00e9s, el gobernador, Ignacio Peralta S\u00e1nchez ironiz\u00f3 y conmin\u00f3 al ex mandatario a marchar pero a la secretar\u00eda de Finanzas a pagar la multa impuesta por la contrataci\u00f3n irregular de un cr\u00e9dito por 638 millones de pesos.<\/p>\n<div class=\"fb-background-color\">\n\t\t\t  <div \n\t\t\t  \tclass = \"fb-comments\" \n\t\t\t  \tdata-href = \"https:\/\/diarioavanzada.com.mx\/?p=11725\"\n\t\t\t  \tdata-numposts = \"10\"\n\t\t\t  \tdata-lazy = \"true\"\n\t\t\t\tdata-colorscheme = \"light\"\n\t\t\t\tdata-order-by = \"social\"\n\t\t\t\tdata-mobile=true>\n\t\t\t  <\/div><\/div>\n\t\t  <style>\n\t\t    .fb-background-color {\n\t\t\t\tbackground:  !important;\n\t\t\t}\n\t\t\t.fb_iframe_widget_fluid_desktop iframe {\n\t\t\t    width: 100% !important;\n\t\t\t}\n\t\t  <\/style>\n\t\t  ","protected":false},"excerpt":{"rendered":"<p>Colima, M\u00e9xico, Avanzada (02\/04\/2020).- La secretar\u00eda de Planeaci\u00f3n y Finanzas del Gobierno del Estado no ha notificado al Poder Legislativo si ya requiri\u00f3 el pago al ex gobernador Mario Anguiano Moreno de los m\u00e1s de 515 millones de pesos. El 3 de febrero, la Comisi\u00f3n de Responsabilidades sesion\u00f3 en el Congreso local para darle vista [&hellip;]<\/p>\n","protected":false},"author":5,"featured_media":11265,"comment_status":"closed","ping_status":"closed","sticky":false,"template":"","format":"standard","meta":{"_coblocks_attr":"","_coblocks_dimensions":"","_coblocks_responsive_height":"","_coblocks_accordion_ie_support":"","_crdt_document":"","advanced_seo_description":"","jetpack_seo_html_title":"","jetpack_seo_noindex":false,"_jetpack_memberships_contains_paid_content":false,"footnotes":""},"categories":[19],"tags":[210],"class_list":["post-11725","post","type-post","status-publish","format-standard","has-post-thumbnail","hentry","category-colima","tag-portada"],"jetpack_featured_media_url":"https:\/\/diarioavanzada.com.mx\/wp-content\/uploads\/2020\/03\/NACHO-Y-MAM.jpg","jetpack-related-posts":[],"jetpack_sharing_enabled":true,"amp_enabled":true,"_links":{"self":[{"href":"https:\/\/diarioavanzada.com.mx\/index.php?rest_route=\/wp\/v2\/posts\/11725","targetHints":{"allow":["GET"]}}],"collection":[{"href":"https:\/\/diarioavanzada.com.mx\/index.php?rest_route=\/wp\/v2\/posts"}],"about":[{"href":"https:\/\/diarioavanzada.com.mx\/index.php?rest_route=\/wp\/v2\/types\/post"}],"author":[{"embeddable":true,"href":"https:\/\/diarioavanzada.com.mx\/index.php?rest_route=\/wp\/v2\/users\/5"}],"replies":[{"embeddable":true,"href":"https:\/\/diarioavanzada.com.mx\/index.php?rest_route=%2Fwp%2Fv2%2Fcomments&post=11725"}],"version-history":[{"count":0,"href":"https:\/\/diarioavanzada.com.mx\/index.php?rest_route=\/wp\/v2\/posts\/11725\/revisions"}],"wp:featuredmedia":[{"embeddable":true,"href":"https:\/\/diarioavanzada.com.mx\/index.php?rest_route=\/wp\/v2\/media\/11265"}],"wp:attachment":[{"href":"https:\/\/diarioavanzada.com.mx\/index.php?rest_route=%2Fwp%2Fv2%2Fmedia&parent=11725"}],"wp:term":[{"taxonomy":"category","embeddable":true,"href":"https:\/\/diarioavanzada.com.mx\/index.php?rest_route=%2Fwp%2Fv2%2Fcategories&post=11725"},{"taxonomy":"post_tag","embeddable":true,"href":"https:\/\/diarioavanzada.com.mx\/index.php?rest_route=%2Fwp%2Fv2%2Ftags&post=11725"}],"curies":[{"name":"wp","href":"https:\/\/api.w.org\/{rel}","templated":true}]}}