{"id":11693,"date":"2020-04-01T10:48:20","date_gmt":"2020-04-01T15:48:20","guid":{"rendered":"https:\/\/diarioavanzada.com.mx\/?p=11693"},"modified":"2020-04-01T10:48:22","modified_gmt":"2020-04-01T15:48:22","slug":"propuestas-de-peralta-insuficientes-para-recuperacion-economica-ante-coronavirus-congreso","status":"publish","type":"post","link":"https:\/\/diarioavanzada.com.mx\/?p=11693","title":{"rendered":"Propuestas de Peralta, insuficientes para recuperaci\u00f3n econ\u00f3mica ante Coronavirus: Congreso"},"content":{"rendered":"<p class=\"p1\">Colima, M\u00e9xico, Avanzada (01\/04\/2020).- Las medidas fiscales propuestas por el gobernador, Jos\u00e9 Ignacio Peralta S\u00e1nchez, ante la pandemia del coronavirus, \u201cno generan condiciones del todo ben\u00e9ficas a los ciudadanos e inversionistas para la recuperaci\u00f3n econ\u00f3mica de los sectores productivos, comerciales, industriales y de servicios en la Entidad\u201d, se\u00f1al\u00f3 el Congreso del Estado en su Decreto 256, aprobado y publicado en el peri\u00f3dico oficial \u201cEl Estado de Colima\u201d.<\/p>\n<p class=\"p1\">En la disposici\u00f3n aprobada por los legisladores se ampliaron los beneficios y los diversos incentivos fiscales a los contribuyentes del estado de Colima, en relaci\u00f3n con el pago de diversos derechos e impuestos de car\u00e1cter estatal, derivado de la pandemia del coronavirus.<\/p>\n<p class=\"p1\">\u201cEn concepto de los iniciadores, con un mes de diferencia no se mitigan los efectos econ\u00f3micos ocasionados por la referida epidemia, ni se contribuye a reactivar la econom\u00eda del Estado, pues el aislamiento, el cierre temporal o parcial de comercios, restaurantes, hoteles, empresas, centros comerciales, actividades privadas e, inclusive, las p\u00fablicas, no generar\u00e1 una pronta reactivaci\u00f3n econ\u00f3mica al 30 de abril de 2020\u201d.<\/p>\n<p class=\"p1\">Por lo tanto, el Poder Legislativo consider\u00f3 que es su deber buscar el equilibrio entre la protecci\u00f3n de la salud a los habitantes del Estado de Colima y la minimizaci\u00f3n del impacto econ\u00f3mico y social que la pandemia estar\u00e1 generando en la entidad, ya que \u201ccomo representantes populares estamos llamados a generar certidumbre y fortaleza en estos momentos de solidaridad entre los ciudadanos\u201d.<\/p>\n<p class=\"p1\">Por ejemplo, una de las modificaciones realizadas por los diputados a la propuesta del mandatario fue el hecho de que en lugar de condonar el pago del Impuesto Sobre la N\u00f3mina a las empresas con un m\u00e1ximo de diez trabajadores, por el mes de marzo, se ampli\u00f3 a los meses de abril y mayo.<\/p>\n<p class=\"p1\">El Congreso local indic\u00f3: \u201cSi buscamos proteger y armonizar conjuntamente los derechos de salud de nuestros ciudadanos, y proteger igualmente las fuentes de empleo y a nuestros empresarios, no podemos dejar de valorar que nuestro pa\u00eds entr\u00f3 a la fase 2 de emergencia sanitaria, al registrar transmisi\u00f3n comunitaria o local; es decir, la etapa de contagio que se genera dentro del pa\u00eds y no s\u00f3lo por personas que viajaron al exterior o ingresaron del extranjero al suelo nacional\u201d.<\/p>\n<p class=\"p1\">En su decreto, los diputados se\u00f1alaron que nuestro pa\u00eds se anticip\u00f3 en dos semanas a las medidas generales o masivas adoptadas que tuvieron los mayores impactos en reducir la transmisi\u00f3n o las consecuencias sociales de no haberlas seguido, lo que conlleva administrar el riesgo, para lograr tener menos casos de contagio de los que se pueden atender en la infraestructura del Sistema Nacional de Salud de M\u00e9xico.<\/p>\n<p class=\"p1\">Despu\u00e9s del an\u00e1lisis de las propuestas del gobernador y de diputados de varias fracciones parlamentarias, los legisladores aprobaron una serie de beneficios para la poblaci\u00f3n en los rubros del pago del derecho estatal relativo a la renovaci\u00f3n anual de la Calcoman\u00eda Fiscal Vehicular, el Impuesto sobre Tenencia o Uso de Veh\u00edculos, Impuesto Sobre N\u00f3minas, para establecimientos con una plantilla de hasta diez personas, que no la reduzcan y para los Municipios y descentralizados de agua potable principalmente.<\/p>\n<p class=\"p1\">Otros beneficios tienen que ver con el Impuesto por la Prestaci\u00f3n del Servicio de Hospedaje, Impuesto sobre Ejercicio de Profesiones, Ampliaci\u00f3n de la vigencia de las licencias y permisos de conducir en todas sus modalidades, Condonaci\u00f3n en el pago de los derechos por los servicios de agua potable, alcantarillado y saneamiento prestados por la Comisi\u00f3n Intermunicipal de Agua Potable y Alcantarillado de los municipios de Colima y Villa de \u00c1lvarez y otorgamiento de descuentos.<\/p>\n<p class=\"p1\">As\u00ed tambi\u00e9n, durante los meses de marzo a junio 2020 se suspenden las acciones de reducci\u00f3n o suspensi\u00f3n del suministro del servicio de agua potable a sus usuarios y para que, a quienes presenten alg\u00fan tipo de adeudo, se les restablezca el servicio y suministro de agua potable a los que se les haya suspendido previamente.<\/p>\n<div class=\"fb-background-color\">\n\t\t\t  <div \n\t\t\t  \tclass = \"fb-comments\" \n\t\t\t  \tdata-href = \"https:\/\/diarioavanzada.com.mx\/?p=11693\"\n\t\t\t  \tdata-numposts = \"10\"\n\t\t\t  \tdata-lazy = \"true\"\n\t\t\t\tdata-colorscheme = \"light\"\n\t\t\t\tdata-order-by = \"social\"\n\t\t\t\tdata-mobile=true>\n\t\t\t  <\/div><\/div>\n\t\t  <style>\n\t\t    .fb-background-color {\n\t\t\t\tbackground:  !important;\n\t\t\t}\n\t\t\t.fb_iframe_widget_fluid_desktop iframe {\n\t\t\t    width: 100% !important;\n\t\t\t}\n\t\t  <\/style>\n\t\t  ","protected":false},"excerpt":{"rendered":"<p>Colima, M\u00e9xico, Avanzada (01\/04\/2020).- Las medidas fiscales propuestas por el gobernador, Jos\u00e9 Ignacio Peralta S\u00e1nchez, ante la pandemia del coronavirus, \u201cno generan condiciones del todo ben\u00e9ficas a los ciudadanos e inversionistas para la recuperaci\u00f3n econ\u00f3mica de los sectores productivos, comerciales, industriales y de servicios en la Entidad\u201d, se\u00f1al\u00f3 el Congreso del Estado en su Decreto [&hellip;]<\/p>\n","protected":false},"author":5,"featured_media":11694,"comment_status":"closed","ping_status":"closed","sticky":false,"template":"","format":"standard","meta":{"_coblocks_attr":"","_coblocks_dimensions":"","_coblocks_responsive_height":"","_coblocks_accordion_ie_support":"","_crdt_document":"","advanced_seo_description":"","jetpack_seo_html_title":"","jetpack_seo_noindex":false,"_jetpack_memberships_contains_paid_content":false,"footnotes":""},"categories":[19],"tags":[210],"class_list":["post-11693","post","type-post","status-publish","format-standard","has-post-thumbnail","hentry","category-colima","tag-portada"],"jetpack_featured_media_url":"https:\/\/diarioavanzada.com.mx\/wp-content\/uploads\/2020\/04\/91609670_229449988464488_3458372645299421184_n.jpg","jetpack-related-posts":[],"jetpack_sharing_enabled":true,"amp_enabled":true,"_links":{"self":[{"href":"https:\/\/diarioavanzada.com.mx\/index.php?rest_route=\/wp\/v2\/posts\/11693","targetHints":{"allow":["GET"]}}],"collection":[{"href":"https:\/\/diarioavanzada.com.mx\/index.php?rest_route=\/wp\/v2\/posts"}],"about":[{"href":"https:\/\/diarioavanzada.com.mx\/index.php?rest_route=\/wp\/v2\/types\/post"}],"author":[{"embeddable":true,"href":"https:\/\/diarioavanzada.com.mx\/index.php?rest_route=\/wp\/v2\/users\/5"}],"replies":[{"embeddable":true,"href":"https:\/\/diarioavanzada.com.mx\/index.php?rest_route=%2Fwp%2Fv2%2Fcomments&post=11693"}],"version-history":[{"count":0,"href":"https:\/\/diarioavanzada.com.mx\/index.php?rest_route=\/wp\/v2\/posts\/11693\/revisions"}],"wp:featuredmedia":[{"embeddable":true,"href":"https:\/\/diarioavanzada.com.mx\/index.php?rest_route=\/wp\/v2\/media\/11694"}],"wp:attachment":[{"href":"https:\/\/diarioavanzada.com.mx\/index.php?rest_route=%2Fwp%2Fv2%2Fmedia&parent=11693"}],"wp:term":[{"taxonomy":"category","embeddable":true,"href":"https:\/\/diarioavanzada.com.mx\/index.php?rest_route=%2Fwp%2Fv2%2Fcategories&post=11693"},{"taxonomy":"post_tag","embeddable":true,"href":"https:\/\/diarioavanzada.com.mx\/index.php?rest_route=%2Fwp%2Fv2%2Ftags&post=11693"}],"curies":[{"name":"wp","href":"https:\/\/api.w.org\/{rel}","templated":true}]}}