{"id":116223,"date":"2026-03-10T18:56:59","date_gmt":"2026-03-11T00:56:59","guid":{"rendered":"https:\/\/diarioavanzada.com.mx\/?p=116223"},"modified":"2026-03-10T18:57:02","modified_gmt":"2026-03-11T00:57:02","slug":"habra-mas-de-82-ponencias-en-el-ix-coloquio-nacional-sobre-educacion-ambiental-colima-2026","status":"publish","type":"post","link":"https:\/\/diarioavanzada.com.mx\/?p=116223","title":{"rendered":"Habr\u00e1 m\u00e1s de 82 ponencias en el IX Coloquio\u00a0Nacional sobre Educaci\u00f3n Ambiental Colima 2026"},"content":{"rendered":"\n<p class=\"wp-block-paragraph\"><em>La Dra. Thomas Mu\u00f1oz dijo en entrevista que la idea del coloquio es que todos en Colima, universitarios y p\u00fablico en general, \u201cpodamos conocer la vasta diversidad del campo de la educaci\u00f3n ambiental\u201d.<\/em><\/p>\n\n\n\n<p class=\"wp-block-paragraph\">Colima, M\u00e9xico, Comunicado (10\/03\/2026).- Durante tres d\u00edas, la Universidad de Colima (UdeC) ser\u00e1 escenario de una ampl\u00edsima diversidad de experiencias educativas ambientales dentro del IX Coloquio Nacional de Estudiantes y Egresados de Programas Acad\u00e9micos de Educaci\u00f3n Ambiental Colima 2026 \u201cInterdisciplina, docencia y educaci\u00f3n ambiental: di\u00e1logos obst\u00e1culos, avances y logros.\u00a0<\/p>\n\n\n\n<p class=\"wp-block-paragraph\">En entrevista, la coordinadora de la maestr\u00eda en Escenarios socioambientales para la vida, Rosalba Thomas Mu\u00f1oz, propuso que m\u00e1s all\u00e1 de pensar en las tres erres (reutilizar, reciclar y reducir), en la energ\u00eda y en el cuidado del agua, durante esta semana la gente conozca m\u00e1s de 80 experiencias en torno al arte, pol\u00edtica, infancias, ciencias e investigaci\u00f3n, modalidades no formales, centros de educaci\u00f3n ambiental, agua, comunidades, Inteligencia Artificial, territorio, nivel b\u00e1sico y secundaria, escuela, pedagog\u00eda, formaci\u00f3n ambiental y cambio clim\u00e1tico.<\/p>\n\n\n\n<p class=\"wp-block-paragraph\">Thomas Mu\u00f1oz dijo que la idea del coloquio es que todos en Colima, universitarios y p\u00fablico en general, \u201cpodamos conocer la vasta diversidad del campo de la educaci\u00f3n ambiental\u201d. El coloquio, que ser\u00e1 gratuito, est\u00e1 dirigido a todas las personas interesadas, tanto estudiantes y docentes como p\u00fablico en general.<\/p>\n\n\n\n<p class=\"wp-block-paragraph\">El coloquio ya tiene historia, revel\u00f3 Ros Thomas. Desde hace 20 a\u00f1os es coordinado por las maestr\u00edas en Educaci\u00f3n Ambiental de la Universidad de Guadalajara, la Universidad de la Ciudad de M\u00e9xico y de la Universidad Pedag\u00f3gica Nacional.<\/p>\n\n\n\n<p class=\"wp-block-paragraph\">En aquellas \u00e9pocas, record\u00f3, la Universidad de Colima no ten\u00eda maestr\u00eda. \u201cAhora ya ofrecemos la Maestr\u00eda en Escenarios Socioambientales para la Vida y somos el programa que alberga la sede de este coloquio\u201d.<\/p>\n\n\n\n<p class=\"wp-block-paragraph\">El coloquio, inform\u00f3, tendr\u00e1 casi 82 ponencias acad\u00e9micas de 10 minutos cada una y homenajes a destacados educadores ambientales como Ra\u00fal Calixto Flores, impulsor de educaci\u00f3n ambiental desde la educaci\u00f3n popular y no formal, a Teresita del Ni\u00f1o Jes\u00fas Maldonado Salazar, quien fue la impulsora del Centro de Educaci\u00f3n y Capacitaci\u00f3n CECADESU de la SEMARNAT en los 80 y 90 y a Joaqu\u00edn Esteva Peralta.<\/p>\n\n\n\n<p class=\"wp-block-paragraph\">Adem\u00e1s, se presentar\u00e1n varios libros, entre ellos <em>El milagro del Colibr\u00ed<\/em>, as\u00ed como los trabajos de tesis o proyectos de estudiantes y egresados.&nbsp;<\/p>\n\n\n\n<p class=\"wp-block-paragraph\">Rosalba Thomas destac\u00f3 el panel de Pedagog\u00eda cr\u00edtica de la Educaci\u00f3n Ambiental, con la Mtra. Mireya Abarca Cede\u00f1o y otro que se llama Equ\u00edvocos y falacias de la Educaci\u00f3n Ambiental.<\/p>\n\n\n\n<p class=\"wp-block-paragraph\">En este \u00faltimo, adelant\u00f3, \u201cse discutir\u00e1 lo que no es educaci\u00f3n ambiental. La gente cree que es educaci\u00f3n ambiental porque se da una charla o un taller ambiental, y all\u00ed se discutir\u00e1 lo que cree y te promete la educaci\u00f3n ambiental. Ser\u00e1 divertido\u201d.&nbsp;<\/p>\n\n\n\n<p class=\"wp-block-paragraph\">De manera especial, invit\u00f3 a j\u00f3venes sensibles y conscientes del tema ambiental al panel Nuevas maneras de investigar en educaci\u00f3n ambiental, el s\u00e1bado 14 de marzo a partir de las 8 de la ma\u00f1ana.<\/p>\n\n\n\n<p class=\"wp-block-paragraph\">Tambi\u00e9n habr\u00e1 una polifon\u00eda, \u201calgo que hac\u00eda el hoy fallecido Rub\u00e9n Incl\u00e1n, quien les daba pedacitos de la poes\u00eda coral a un grupo de personas, que la iban narrando y terminaba siendo una experiencia agradable. En su memoria, se contin\u00faa realizando esta presentaci\u00f3n durante el coloquio\u201d.&nbsp;<\/p>\n\n\n\n<p class=\"wp-block-paragraph\">Las actividades del coloquio ser\u00e1n en el auditorio de la Facultad de Ciencias de la Educaci\u00f3n, en la Direcci\u00f3n General de Desarrollo del Personal Acad\u00e9mico, y el domingo en Nogueras, para recorrer la sede y el Ecoparque. \u201cLa invitaci\u00f3n aqu\u00ed es llegar antes de las 8 de la ma\u00f1ana al Paraninfo Universitario para dirigirnos a Nogueras\u201d.&nbsp;<\/p>\n\n\n\n<p class=\"wp-block-paragraph\">El \u00faltimo d\u00eda, domingo, como parte del cierre, se expondr\u00e1n proyectos de educaci\u00f3n ambiental hechos en Colima, con el Doctor Jos\u00e9 Manuel Palma Garc\u00eda, la Maestra Mireya Sarah\u00ed Abarca Cede\u00f1o y la propia Doctora Thomas.&nbsp;<\/p>\n\n\n\n<p class=\"wp-block-paragraph\">Para conocer el amplio programa de actividades, puede consultar en la p\u00e1gina de Facebook de CEUGEA en el link <a href=\"https:\/\/www.facebook.com\/ceugeaUdeC\" rel=\"nofollow\">https:\/\/www.facebook.com\/ceugeaUdeC<\/a><\/p>\n\n\n\n<figure class=\"wp-block-image size-large\"><img loading=\"lazy\" decoding=\"async\" width=\"1024\" height=\"683\" src=\"https:\/\/diarioavanzada.com.mx\/wp-content\/uploads\/2026\/03\/Invitan-al-IX-Coloquio-nacional-de-estudiantes-y-egresados-en-educ-ambiental_Rosalba_a-1024x683.jpg\" alt=\"\" class=\"wp-image-116227\" srcset=\"https:\/\/diarioavanzada.com.mx\/wp-content\/uploads\/2026\/03\/Invitan-al-IX-Coloquio-nacional-de-estudiantes-y-egresados-en-educ-ambiental_Rosalba_a-1024x683.jpg 1024w, https:\/\/diarioavanzada.com.mx\/wp-content\/uploads\/2026\/03\/Invitan-al-IX-Coloquio-nacional-de-estudiantes-y-egresados-en-educ-ambiental_Rosalba_a-300x200.jpg 300w, https:\/\/diarioavanzada.com.mx\/wp-content\/uploads\/2026\/03\/Invitan-al-IX-Coloquio-nacional-de-estudiantes-y-egresados-en-educ-ambiental_Rosalba_a-768x512.jpg 768w, https:\/\/diarioavanzada.com.mx\/wp-content\/uploads\/2026\/03\/Invitan-al-IX-Coloquio-nacional-de-estudiantes-y-egresados-en-educ-ambiental_Rosalba_a-1536x1024.jpg 1536w, https:\/\/diarioavanzada.com.mx\/wp-content\/uploads\/2026\/03\/Invitan-al-IX-Coloquio-nacional-de-estudiantes-y-egresados-en-educ-ambiental_Rosalba_a-2048x1365.jpg 2048w, https:\/\/diarioavanzada.com.mx\/wp-content\/uploads\/2026\/03\/Invitan-al-IX-Coloquio-nacional-de-estudiantes-y-egresados-en-educ-ambiental_Rosalba_a-1200x800.jpg 1200w\" sizes=\"auto, (max-width: 1024px) 100vw, 1024px\" \/><\/figure>\n<div class=\"fb-background-color\">\n\t\t\t  <div \n\t\t\t  \tclass = \"fb-comments\" \n\t\t\t  \tdata-href = \"https:\/\/diarioavanzada.com.mx\/?p=116223\"\n\t\t\t  \tdata-numposts = \"10\"\n\t\t\t  \tdata-lazy = \"true\"\n\t\t\t\tdata-colorscheme = \"light\"\n\t\t\t\tdata-order-by = \"social\"\n\t\t\t\tdata-mobile=true>\n\t\t\t  <\/div><\/div>\n\t\t  <style>\n\t\t    .fb-background-color {\n\t\t\t\tbackground:  !important;\n\t\t\t}\n\t\t\t.fb_iframe_widget_fluid_desktop iframe {\n\t\t\t    width: 100% !important;\n\t\t\t}\n\t\t  <\/style>\n\t\t  ","protected":false},"excerpt":{"rendered":"<p>La Dra. Thomas Mu\u00f1oz dijo en entrevista que la idea del coloquio es que todos en Colima, universitarios y p\u00fablico en general, \u201cpodamos conocer la vasta diversidad del campo de la educaci\u00f3n ambiental\u201d. Colima, M\u00e9xico, Comunicado (10\/03\/2026).- Durante tres d\u00edas, la Universidad de Colima (UdeC) ser\u00e1 escenario de una ampl\u00edsima diversidad de experiencias educativas ambientales [&hellip;]<\/p>\n","protected":false},"author":7,"featured_media":116225,"comment_status":"closed","ping_status":"closed","sticky":false,"template":"","format":"standard","meta":{"_coblocks_attr":"","_coblocks_dimensions":"","_coblocks_responsive_height":"","_coblocks_accordion_ie_support":"","_crdt_document":"","advanced_seo_description":"","jetpack_seo_html_title":"","jetpack_seo_noindex":false,"_jetpack_memberships_contains_paid_content":false,"footnotes":""},"categories":[19,209,7,29],"tags":[],"class_list":["post-116223","post","type-post","status-publish","format-standard","has-post-thumbnail","hentry","category-colima","category-importantes","category-noticias","category-sociedad"],"jetpack_featured_media_url":"https:\/\/diarioavanzada.com.mx\/wp-content\/uploads\/2026\/03\/Invitan-al-IX-Coloquio-nacional-de-estudiantes-y-egresados-en-educ-ambiental_Rosalba_b.jpg","jetpack-related-posts":[],"jetpack_sharing_enabled":true,"amp_enabled":true,"_links":{"self":[{"href":"https:\/\/diarioavanzada.com.mx\/index.php?rest_route=\/wp\/v2\/posts\/116223","targetHints":{"allow":["GET"]}}],"collection":[{"href":"https:\/\/diarioavanzada.com.mx\/index.php?rest_route=\/wp\/v2\/posts"}],"about":[{"href":"https:\/\/diarioavanzada.com.mx\/index.php?rest_route=\/wp\/v2\/types\/post"}],"author":[{"embeddable":true,"href":"https:\/\/diarioavanzada.com.mx\/index.php?rest_route=\/wp\/v2\/users\/7"}],"replies":[{"embeddable":true,"href":"https:\/\/diarioavanzada.com.mx\/index.php?rest_route=%2Fwp%2Fv2%2Fcomments&post=116223"}],"version-history":[{"count":3,"href":"https:\/\/diarioavanzada.com.mx\/index.php?rest_route=\/wp\/v2\/posts\/116223\/revisions"}],"predecessor-version":[{"id":116229,"href":"https:\/\/diarioavanzada.com.mx\/index.php?rest_route=\/wp\/v2\/posts\/116223\/revisions\/116229"}],"wp:featuredmedia":[{"embeddable":true,"href":"https:\/\/diarioavanzada.com.mx\/index.php?rest_route=\/wp\/v2\/media\/116225"}],"wp:attachment":[{"href":"https:\/\/diarioavanzada.com.mx\/index.php?rest_route=%2Fwp%2Fv2%2Fmedia&parent=116223"}],"wp:term":[{"taxonomy":"category","embeddable":true,"href":"https:\/\/diarioavanzada.com.mx\/index.php?rest_route=%2Fwp%2Fv2%2Fcategories&post=116223"},{"taxonomy":"post_tag","embeddable":true,"href":"https:\/\/diarioavanzada.com.mx\/index.php?rest_route=%2Fwp%2Fv2%2Ftags&post=116223"}],"curies":[{"name":"wp","href":"https:\/\/api.w.org\/{rel}","templated":true}]}}