{"id":116161,"date":"2026-03-10T08:41:08","date_gmt":"2026-03-10T14:41:08","guid":{"rendered":"https:\/\/diarioavanzada.com.mx\/?p=116161"},"modified":"2026-03-10T08:41:08","modified_gmt":"2026-03-10T14:41:08","slug":"abandonan-espacio-cultural-y-museo-xoloitzcuintle-en-la-piedra-lisa","status":"publish","type":"post","link":"https:\/\/diarioavanzada.com.mx\/?p=116161","title":{"rendered":"Abandonan espacio cultural y Museo Xoloitzcuintle en La Piedra Lisa"},"content":{"rendered":"\n<p class=\"MsoNormal wp-block-paragraph\">Colima, M\u00e9xico, Avanzada (09\/03\/2026).- En Colima, obras financiadas con recursos p\u00fablicos han quedado sin seguimiento ni mantenimiento con el paso de los a\u00f1os. Un ejemplo es el espacio cultural ubicado en el parque La Piedra Lisa, detr\u00e1s de la Plaza de los Desaparecidos, que actualmente luce en abandono pese a haber sido construido con dinero p\u00fablico.<\/p>\n\n\n\n<p class=\"MsoNormal wp-block-paragraph\">El sitio presenta acumulaci\u00f3n de basura, escombros y materiales deteriorados que evidencian la falta de uso y mantenimiento. Aunque fue concebido como un punto de encuentro cultural para la poblaci\u00f3n, el inmueble permanece fuera de funcionamiento desde hace varios a\u00f1os.<\/p>\n\n\n\n<p class=\"MsoNormal wp-block-paragraph\">El complejo forma parte de un proyecto inaugurado el 30 de octubre de 2009, que inclu\u00eda un museo de ciencia, la entonces Plaza de las Mujeres y los Hombres Ilustres, hoy Plaza de los Desaparecidos, , un espacio cultural y canchas deportivas. La primera etapa tuvo un costo de 35 millones de pesos provenientes del erario.<\/p>\n\n\n\n<p class=\"MsoNormal wp-block-paragraph\">A casi dos d\u00e9cadas de su apertura, el \u00e1rea cultural se encuentra pr\u00e1cticamente abandonada. Durante un recorrido realizado ayer por Avanzada, se constat\u00f3 el deterioro del lugar, as\u00ed como la presencia de basura acumulada y zonas visiblemente descuidadas.<\/p>\n\n\n\n<p class=\"MsoNormal wp-block-paragraph\">Personas que frecuentan el parque se\u00f1alaron que el espacio es utilizado por personas en situaci\u00f3n de calle e incluso, aseguran, por individuos que acuden a consumir drogas, pese a tratarse de un parque p\u00fablico al que diariamente asisten familias, ni\u00f1as y ni\u00f1os.<\/p>\n\n\n\n<p class=\"MsoNormal wp-block-paragraph\">En igual condici\u00f3n se encuentra el Museo de la Ciencia Xoloitzcuintle, parte del mismo complejo, cuyo deterioro refleja la falta de continuidad en proyectos p\u00fablicos que, tras su inauguraci\u00f3n, dejaron de recibir atenci\u00f3n institucional.<\/p>\n\n\n\n<figure class=\"wp-block-image\"><img loading=\"lazy\" decoding=\"async\" width=\"1024\" height=\"1024\" src=\"https:\/\/diarioavanzada.com.mx\/wp-content\/uploads\/2026\/03\/cce68935-6750-4c07-81cc-285f7031a30f-59299-00000589839f188c_file-1024x1024.jpg\" alt=\"\" class=\"wp-image-116164\" srcset=\"https:\/\/diarioavanzada.com.mx\/wp-content\/uploads\/2026\/03\/cce68935-6750-4c07-81cc-285f7031a30f-59299-00000589839f188c_file-1024x1024.jpg 1024w, https:\/\/diarioavanzada.com.mx\/wp-content\/uploads\/2026\/03\/cce68935-6750-4c07-81cc-285f7031a30f-59299-00000589839f188c_file-300x300.jpg 300w, https:\/\/diarioavanzada.com.mx\/wp-content\/uploads\/2026\/03\/cce68935-6750-4c07-81cc-285f7031a30f-59299-00000589839f188c_file-150x150.jpg?crop=1 150w, https:\/\/diarioavanzada.com.mx\/wp-content\/uploads\/2026\/03\/cce68935-6750-4c07-81cc-285f7031a30f-59299-00000589839f188c_file-768x768.jpg 768w, https:\/\/diarioavanzada.com.mx\/wp-content\/uploads\/2026\/03\/cce68935-6750-4c07-81cc-285f7031a30f-59299-00000589839f188c_file-1536x1536.jpg 1536w, https:\/\/diarioavanzada.com.mx\/wp-content\/uploads\/2026\/03\/cce68935-6750-4c07-81cc-285f7031a30f-59299-00000589839f188c_file-80x80.jpg?crop=1 80w, https:\/\/diarioavanzada.com.mx\/wp-content\/uploads\/2026\/03\/cce68935-6750-4c07-81cc-285f7031a30f-59299-00000589839f188c_file.jpg 1600w\" sizes=\"auto, (max-width: 1024px) 100vw, 1024px\" \/><\/figure>\n\n\n\n<figure class=\"wp-block-image\"><img loading=\"lazy\" decoding=\"async\" width=\"1024\" height=\"1024\" src=\"https:\/\/diarioavanzada.com.mx\/wp-content\/uploads\/2026\/03\/6eaef07d-1fcd-4ea1-ba79-6df0cc1d60c3-59299-0000058983b1cf23_file-1024x1024.jpg\" alt=\"\" class=\"wp-image-116166\" srcset=\"https:\/\/diarioavanzada.com.mx\/wp-content\/uploads\/2026\/03\/6eaef07d-1fcd-4ea1-ba79-6df0cc1d60c3-59299-0000058983b1cf23_file-1024x1024.jpg 1024w, https:\/\/diarioavanzada.com.mx\/wp-content\/uploads\/2026\/03\/6eaef07d-1fcd-4ea1-ba79-6df0cc1d60c3-59299-0000058983b1cf23_file-300x300.jpg 300w, https:\/\/diarioavanzada.com.mx\/wp-content\/uploads\/2026\/03\/6eaef07d-1fcd-4ea1-ba79-6df0cc1d60c3-59299-0000058983b1cf23_file-150x150.jpg?crop=1 150w, https:\/\/diarioavanzada.com.mx\/wp-content\/uploads\/2026\/03\/6eaef07d-1fcd-4ea1-ba79-6df0cc1d60c3-59299-0000058983b1cf23_file-768x768.jpg 768w, https:\/\/diarioavanzada.com.mx\/wp-content\/uploads\/2026\/03\/6eaef07d-1fcd-4ea1-ba79-6df0cc1d60c3-59299-0000058983b1cf23_file-1536x1536.jpg 1536w, https:\/\/diarioavanzada.com.mx\/wp-content\/uploads\/2026\/03\/6eaef07d-1fcd-4ea1-ba79-6df0cc1d60c3-59299-0000058983b1cf23_file-80x80.jpg?crop=1 80w, https:\/\/diarioavanzada.com.mx\/wp-content\/uploads\/2026\/03\/6eaef07d-1fcd-4ea1-ba79-6df0cc1d60c3-59299-0000058983b1cf23_file.jpg 1600w\" sizes=\"auto, (max-width: 1024px) 100vw, 1024px\" \/><\/figure>\n<div class=\"fb-background-color\">\n\t\t\t  <div \n\t\t\t  \tclass = \"fb-comments\" \n\t\t\t  \tdata-href = \"https:\/\/diarioavanzada.com.mx\/?p=116161\"\n\t\t\t  \tdata-numposts = \"10\"\n\t\t\t  \tdata-lazy = \"true\"\n\t\t\t\tdata-colorscheme = \"light\"\n\t\t\t\tdata-order-by = \"social\"\n\t\t\t\tdata-mobile=true>\n\t\t\t  <\/div><\/div>\n\t\t  <style>\n\t\t    .fb-background-color {\n\t\t\t\tbackground:  !important;\n\t\t\t}\n\t\t\t.fb_iframe_widget_fluid_desktop iframe {\n\t\t\t    width: 100% !important;\n\t\t\t}\n\t\t  <\/style>\n\t\t  ","protected":false},"excerpt":{"rendered":"<p>Colima, M\u00e9xico, Avanzada (09\/03\/2026).- En Colima, obras financiadas con recursos p\u00fablicos han quedado sin seguimiento ni mantenimiento con el paso de los a\u00f1os. Un ejemplo es el espacio cultural ubicado en el parque La Piedra Lisa, detr\u00e1s de la Plaza de los Desaparecidos, que actualmente luce en abandono pese a haber sido construido con dinero [&hellip;]<\/p>\n","protected":false},"author":5,"featured_media":116165,"comment_status":"closed","ping_status":"closed","sticky":false,"template":"","format":"standard","meta":{"_coblocks_attr":"","_coblocks_dimensions":"","_coblocks_responsive_height":"","_coblocks_accordion_ie_support":"","_crdt_document":"","advanced_seo_description":"","jetpack_seo_html_title":"","jetpack_seo_noindex":false,"_jetpack_memberships_contains_paid_content":false,"footnotes":""},"categories":[19,1,209,21,7,231,29],"tags":[210],"class_list":["post-116161","post","type-post","status-publish","format-standard","has-post-thumbnail","hentry","category-colima","category-general","category-importantes","category-municipios","category-noticias","category-seguridad","category-sociedad","tag-portada"],"jetpack_featured_media_url":"https:\/\/diarioavanzada.com.mx\/wp-content\/uploads\/2026\/03\/2cb82614-f2f5-4677-82e1-c54daf342fa3-59299-0000058983bc491c_file.jpg","jetpack-related-posts":[],"jetpack_sharing_enabled":true,"amp_enabled":true,"_links":{"self":[{"href":"https:\/\/diarioavanzada.com.mx\/index.php?rest_route=\/wp\/v2\/posts\/116161","targetHints":{"allow":["GET"]}}],"collection":[{"href":"https:\/\/diarioavanzada.com.mx\/index.php?rest_route=\/wp\/v2\/posts"}],"about":[{"href":"https:\/\/diarioavanzada.com.mx\/index.php?rest_route=\/wp\/v2\/types\/post"}],"author":[{"embeddable":true,"href":"https:\/\/diarioavanzada.com.mx\/index.php?rest_route=\/wp\/v2\/users\/5"}],"replies":[{"embeddable":true,"href":"https:\/\/diarioavanzada.com.mx\/index.php?rest_route=%2Fwp%2Fv2%2Fcomments&post=116161"}],"version-history":[{"count":3,"href":"https:\/\/diarioavanzada.com.mx\/index.php?rest_route=\/wp\/v2\/posts\/116161\/revisions"}],"predecessor-version":[{"id":116167,"href":"https:\/\/diarioavanzada.com.mx\/index.php?rest_route=\/wp\/v2\/posts\/116161\/revisions\/116167"}],"wp:featuredmedia":[{"embeddable":true,"href":"https:\/\/diarioavanzada.com.mx\/index.php?rest_route=\/wp\/v2\/media\/116165"}],"wp:attachment":[{"href":"https:\/\/diarioavanzada.com.mx\/index.php?rest_route=%2Fwp%2Fv2%2Fmedia&parent=116161"}],"wp:term":[{"taxonomy":"category","embeddable":true,"href":"https:\/\/diarioavanzada.com.mx\/index.php?rest_route=%2Fwp%2Fv2%2Fcategories&post=116161"},{"taxonomy":"post_tag","embeddable":true,"href":"https:\/\/diarioavanzada.com.mx\/index.php?rest_route=%2Fwp%2Fv2%2Ftags&post=116161"}],"curies":[{"name":"wp","href":"https:\/\/api.w.org\/{rel}","templated":true}]}}