{"id":116120,"date":"2026-03-09T22:14:48","date_gmt":"2026-03-10T04:14:48","guid":{"rendered":"https:\/\/diarioavanzada.com.mx\/?p=116120"},"modified":"2026-03-09T22:30:22","modified_gmt":"2026-03-10T04:30:22","slug":"detienen-a-el-chihuas-presunto-asesino-material-de-silverio-cavazos-a-16-anos-del-crimen","status":"publish","type":"post","link":"https:\/\/diarioavanzada.com.mx\/?p=116120","title":{"rendered":"Detienen a \u201cEl Chihuas\u201d, presunto asesino material de Silverio Cavazos, a 16 a\u00f1os del crimen"},"content":{"rendered":"\n<p class=\"p1 wp-block-paragraph\">Colima, M\u00e9xico, Avanzada (09\/06\/2026).- Autoridades federales informaron la detenci\u00f3n de Hilario \u201cN\u201d, alias \u201cEl Chihuas\u201d, se\u00f1alado como presunto autor material del homicidio del exgobernador de Colima, Silverio Cavazos Ceballos.<\/p>\n\n\n\n<p class=\"p1 wp-block-paragraph\">De acuerdo con el vocero de la Fiscal\u00eda General de la Rep\u00fablica, Ulises Lara, el detenido fue presentado ante un juez de control luego de una acci\u00f3n coordinada entre instituciones del gabinete de seguridad del Gobierno de M\u00e9xico, particularmente la Agencia de Investigaci\u00f3n Criminal de la FGR y la Secretar\u00eda de Seguridad y Protecci\u00f3n Ciudadana.<\/p>\n\n\n\n<p class=\"p1 wp-block-paragraph\">Seg\u00fan la informaci\u00f3n oficial, Hilario \u201cN\u201d es investigado por su posible participaci\u00f3n directa en el asesinato de Cavazos Ceballos, ocurrido el 21 de noviembre de 2010 en un fraccionamiento del municipio de Colima. Ese d\u00eda, un hombre descendi\u00f3 de un veh\u00edculo y dispar\u00f3 contra el exmandatario estatal, quien gobern\u00f3 la entidad de 2005 a 2009.<\/p>\n\n\n\n<p class=\"p1 wp-block-paragraph\">Las autoridades se\u00f1alaron que la captura fue posible tras la aplicaci\u00f3n de diversas t\u00e9cnicas de investigaci\u00f3n relacionadas con una organizaci\u00f3n criminal de la que el detenido presuntamente forma parte como pieza clave. Estas indagatorias permitieron ubicar su movilidad y ejecutar una orden de aprehensi\u00f3n en el municipio de Parral, en el estado de Chihuahua.<\/p>\n\n\n\n<p class=\"p1 wp-block-paragraph\">Adem\u00e1s, se inform\u00f3 que Hilario \u201cN\u201d cuenta con diversas \u00f3rdenes de aprehensi\u00f3n por su probable participaci\u00f3n en delitos como delincuencia organizada y homicidio en los estados de Jalisco, Chihuahua, Baja California y Tamaulipas.<\/p>\n\n\n\n<p class=\"p1 wp-block-paragraph\">La FGR destac\u00f3 que el aseguramiento de esta persona es considerado de alta relevancia para el bienestar de la poblaci\u00f3n, particularmente en las entidades donde es investigado por distintos delitos.<\/p>\n\n\n\n<figure class=\"wp-block-video\"><div class=\"wp-block-embed__wrapper\">\n<iframe title=\"VideoPress Video Player\" aria-label='VideoPress Video Player' width='740' height='413' src='https:\/\/videopress.com\/embed\/GH1kkJ33?cover=1&amp;preloadContent=metadata&amp;useAverageColor=1&amp;hd=0' frameborder='0' allowfullscreen data-resize-to-parent=\"true\" allow='clipboard-write'><\/iframe><script src='https:\/\/v0.wordpress.com\/js\/next\/videopress-iframe.js?m=1770107250'><\/script>\n<\/div><\/figure>\n<div class=\"fb-background-color\">\n\t\t\t  <div \n\t\t\t  \tclass = \"fb-comments\" \n\t\t\t  \tdata-href = \"https:\/\/diarioavanzada.com.mx\/?p=116120\"\n\t\t\t  \tdata-numposts = \"10\"\n\t\t\t  \tdata-lazy = \"true\"\n\t\t\t\tdata-colorscheme = \"light\"\n\t\t\t\tdata-order-by = \"social\"\n\t\t\t\tdata-mobile=true>\n\t\t\t  <\/div><\/div>\n\t\t  <style>\n\t\t    .fb-background-color {\n\t\t\t\tbackground:  !important;\n\t\t\t}\n\t\t\t.fb_iframe_widget_fluid_desktop iframe {\n\t\t\t    width: 100% !important;\n\t\t\t}\n\t\t  <\/style>\n\t\t  ","protected":false},"excerpt":{"rendered":"<p>Colima, M\u00e9xico, Avanzada (09\/06\/2026).- Autoridades federales informaron la detenci\u00f3n de Hilario \u201cN\u201d, alias \u201cEl Chihuas\u201d, se\u00f1alado como presunto autor material del homicidio del exgobernador de Colima, Silverio Cavazos Ceballos. De acuerdo con el vocero de la Fiscal\u00eda General de la Rep\u00fablica, Ulises Lara, el detenido fue presentado ante un juez de control luego de una [&hellip;]<\/p>\n","protected":false},"author":7,"featured_media":116121,"comment_status":"closed","ping_status":"closed","sticky":false,"template":"","format":"standard","meta":{"_coblocks_attr":"","_coblocks_dimensions":"","_coblocks_responsive_height":"","_coblocks_accordion_ie_support":"","_crdt_document":"","advanced_seo_description":"","jetpack_seo_html_title":"","jetpack_seo_noindex":false,"_jetpack_memberships_contains_paid_content":false,"footnotes":""},"categories":[19,1,209,231,29],"tags":[210],"class_list":["post-116120","post","type-post","status-publish","format-standard","has-post-thumbnail","hentry","category-colima","category-general","category-importantes","category-seguridad","category-sociedad","tag-portada"],"jetpack_featured_media_url":"https:\/\/diarioavanzada.com.mx\/wp-content\/uploads\/2026\/03\/img_9039.jpg","jetpack-related-posts":[],"jetpack_sharing_enabled":true,"amp_enabled":true,"_links":{"self":[{"href":"https:\/\/diarioavanzada.com.mx\/index.php?rest_route=\/wp\/v2\/posts\/116120","targetHints":{"allow":["GET"]}}],"collection":[{"href":"https:\/\/diarioavanzada.com.mx\/index.php?rest_route=\/wp\/v2\/posts"}],"about":[{"href":"https:\/\/diarioavanzada.com.mx\/index.php?rest_route=\/wp\/v2\/types\/post"}],"author":[{"embeddable":true,"href":"https:\/\/diarioavanzada.com.mx\/index.php?rest_route=\/wp\/v2\/users\/7"}],"replies":[{"embeddable":true,"href":"https:\/\/diarioavanzada.com.mx\/index.php?rest_route=%2Fwp%2Fv2%2Fcomments&post=116120"}],"version-history":[{"count":2,"href":"https:\/\/diarioavanzada.com.mx\/index.php?rest_route=\/wp\/v2\/posts\/116120\/revisions"}],"predecessor-version":[{"id":116124,"href":"https:\/\/diarioavanzada.com.mx\/index.php?rest_route=\/wp\/v2\/posts\/116120\/revisions\/116124"}],"wp:featuredmedia":[{"embeddable":true,"href":"https:\/\/diarioavanzada.com.mx\/index.php?rest_route=\/wp\/v2\/media\/116121"}],"wp:attachment":[{"href":"https:\/\/diarioavanzada.com.mx\/index.php?rest_route=%2Fwp%2Fv2%2Fmedia&parent=116120"}],"wp:term":[{"taxonomy":"category","embeddable":true,"href":"https:\/\/diarioavanzada.com.mx\/index.php?rest_route=%2Fwp%2Fv2%2Fcategories&post=116120"},{"taxonomy":"post_tag","embeddable":true,"href":"https:\/\/diarioavanzada.com.mx\/index.php?rest_route=%2Fwp%2Fv2%2Ftags&post=116120"}],"curies":[{"name":"wp","href":"https:\/\/api.w.org\/{rel}","templated":true}]}}