{"id":116050,"date":"2026-03-09T19:45:04","date_gmt":"2026-03-10T01:45:04","guid":{"rendered":"https:\/\/diarioavanzada.com.mx\/?p=116050"},"modified":"2026-03-09T19:45:56","modified_gmt":"2026-03-10T01:45:56","slug":"inauguran-jornadas-profesiograficas-2026-en-territorio-de-loros-y-loras","status":"publish","type":"post","link":"https:\/\/diarioavanzada.com.mx\/?p=116050","title":{"rendered":"Inauguran Jornadas Profesiogr\u00e1ficas\u00a02026, en territorio de loros y loras"},"content":{"rendered":"\n<p class=\"wp-block-paragraph\"><em>\u201cSe trata de que cuando concluyan la jornada tengan m\u00e1s respuestas que preguntas, ya que \u00e9se es el objetivo de estas Jornadas: informar, orientar y ayudarles a tomar una decisi\u00f3n que va m\u00e1s all\u00e1 su vida profesional, una decisi\u00f3n sino de vida\u201d: Christian Torres Ortiz, rector.<\/em><\/p>\n\n\n\n<p class=\"wp-block-paragraph\">Colima, M\u00e9xico, Comunicado (09\/03\/2026).- Este lunes, desde el Campus Coquimatl\u00e1n, Christian Torres Ortiz Zerme\u00f1o, rector de la Universidad de Colima, inaugur\u00f3 las Jornadas Profesiogr\u00e1ficas 2026, denominadas \u201cEn territorio de Loras y Loros, te estamos esperando\u201d. Estas jornadas son un espacio para acercar a los y las aspirantes a las distintas oportunidades de formaci\u00f3n profesional que ofrece la Universidad de Colima. Con esta actividad se busca brindar informaci\u00f3n, experiencias y orientaci\u00f3n que contribuyan a una elecci\u00f3n vocacional m\u00e1s consciente y mejor informada.<\/p>\n\n\n\n<p class=\"wp-block-paragraph\">Acompa\u00f1aron al rector: Susana Aurelia Preciado Jim\u00e9nez, coordinadora general de Docencia; Jes\u00fas Omar Brizuela Padilla, delegado de Coquimatl\u00e1n; Juan Carlos Meza Romero, director general de Orientaci\u00f3n Educativa y Vocacional y Mario Guillermo de Anda Ch\u00e1vez, director general de Educaci\u00f3n Superior. Por la Direcci\u00f3n General de Educaci\u00f3n Media Superior asisti\u00f3 Armando Hern\u00e1ndez Ram\u00edrez. Tambi\u00e9n estuvo Jaime Novela Casta\u00f1eda, presidente de la FEC.<\/p>\n\n\n\n<p class=\"wp-block-paragraph\">En la jornada de este lunes participaron aspirantes de los bachilleratos 1, 2, 3, 4, 7, 8, 9, 11,16, 17, 18 (local), 19, 20, 21, 22, 26, 27, 29, 30, 32, 33 y 35. Tambi\u00e9n hubo aspirantes de Campoverde, An\u00e1huac, CBTIS 19, Fray Pedro de Gante, ISENCO, CEDART, Jos\u00e9 Mart\u00ed, CONALEP, Prepa en L\u00ednea y de Telebachilleratos comunitarios.<\/p>\n\n\n\n<p class=\"wp-block-paragraph\">En su mensaje inaugural, el rector destac\u00f3 la importancia de poder definir el rumbo profesional. \u201cSe trata de que cuando concluyan la jornada tengan m\u00e1s respuestas que preguntas, ya que \u00e9se es el objetivo de estas Jornadas: informar, orientar y ayudarles a tomar una decisi\u00f3n que va m\u00e1s all\u00e1 de su vida profesional, que es una decisi\u00f3n de vida\u201d.&nbsp;<\/p>\n\n\n\n<p class=\"wp-block-paragraph\">Coment\u00f3 que el miedo, las dudas y los temores son absolutamente normales: \u201cTodas esas dudas se resuelven con informaci\u00f3n, y de lo que se trata aqu\u00ed es precisamente que pregunten, que resuelvan las dudas que tienen, que platiquen con los maestros, con estudiantes que ya est\u00e1n en la carrera que ustedes quieren cursar\u201d.<\/p>\n\n\n\n<p class=\"wp-block-paragraph\">\u201cSi llevan a cabo este ejercicio -agreg\u00f3-, les aseguro que a la vuelta de algunos d\u00edas tendr\u00e1n m\u00e1s calma, m\u00e1s tranquilidad, y quiz\u00e1s entonces ya se hayan decidido por una de las 70 opciones que les ofrece su universidad, la Universidad de Colima\u201d.&nbsp;<\/p>\n\n\n\n<p class=\"wp-block-paragraph\">Antes de concluir, Christian Torres Ortiz recomend\u00f3 a las y los j\u00f3venes no truncar sus estudios a menos que sea por causas de fuerza mayor. \u201cLo que sucede a la vuelta de esas pausas, es que dif\u00edcilmente regresan a la educaci\u00f3n superior, y a la vuelta de los a\u00f1os quiz\u00e1s se arrepientan de que esa pausa provoc\u00f3 que no estudiaran una carrera profesional\u201d.&nbsp;<\/p>\n\n\n\n<p class=\"wp-block-paragraph\">Tambi\u00e9n les aclar\u00f3 que \u201csi bien la familia es fundamental, es m\u00e1s importante que la decisi\u00f3n de qu\u00e9 carrera estudiar sea de ustedes, ya que es un proyecto de vida que ustedes mismos est\u00e1n construyendo\u201d.<\/p>\n\n\n\n<p class=\"wp-block-paragraph\">Para Juan Carlos Meza Romero con estas jornadas, que se llevar\u00e1n a cabo del 9 al 20 de marzo, \u201cabrimos las puertas de nuestros espacios acad\u00e9micos para dialogar con las y los aspirantes, para recibirles y sobre todo para acompa\u00f1arlos en uno de los momentos m\u00e1s importantes de su vida acad\u00e9mica: la elecci\u00f3n de una carrera profesional\u201d. Destac\u00f3 que para estas Jornadas se encuentran inscritos un total de 2,600 j\u00f3venes de Educaci\u00f3n Media Superior.&nbsp;&nbsp;<\/p>\n\n\n\n<p class=\"wp-block-paragraph\">\u201cElegir una carrera no es solamente escoger un programa de estudios, es comenzar a delinear el tipo de persona que quieren llegar a ser. Tal vez al inicio tengan una lista amplia de carreras que les llaman la atenci\u00f3n. Con el tiempo, a trav\u00e9s de la informaci\u00f3n, el di\u00e1logo y la reflexi\u00f3n, pueden reducir esa lista a 10, luego a 5, despu\u00e9s a 3 y finalmente a 1. Ese proceso de depuraci\u00f3n no es una p\u00e9rdida, sino una ganancia de claridad\u201d, explic\u00f3.&nbsp;<\/p>\n\n\n\n<p class=\"wp-block-paragraph\">Meza Romero pidi\u00f3 a las y los estudiantes aprovechar el acompa\u00f1amiento de la instituci\u00f3n educativa. \u201cLos orientadores educativos, el profesorado y el personal directivo est\u00e1n precisamente para apoyarles, aclarar dudas, brindar informaci\u00f3n y orientar su proceso de elecci\u00f3n. Hoy est\u00e1n en un momento lleno de posibilidades, un espacio de oportunidades para conocerse mejor, proyectar su futuro y tomar decisiones que les permitan crecer. La Universidad de Colima est\u00e1 abierta para todos ustedes\u201d.<\/p>\n\n\n\n<p class=\"wp-block-paragraph\">Como parte del acto inaugural, Ana Mar\u00eda Calder\u00f3n Aguirre, alumna de la Facultad de Arquitectura, les dijo a los y las aspirante, que elegir una carrera es una de las decisiones m\u00e1s importantes en la vida de un estudiante: \u201cNo es solamente decidir qu\u00e9 se va a estudiar durante algunos a\u00f1os, es comenzar a construir un proyecto de vida, una manera de contribuir a la sociedad. Es empezar a imaginar qui\u00e9n quiero ser, qu\u00e9 quiero aportar y desde d\u00f3nde quiero hacerlo\u201d.<\/p>\n\n\n\n<p class=\"wp-block-paragraph\">\u201cCuando estamos en bachillerato es normal tener dudas, pero sentir incertidumbre no es una se\u00f1al de debilidad, es una se\u00f1al de que estamos tomando en serio nuestro futuro. Dudar tambi\u00e9n es parte del proceso y del crecimiento\u201d. En ese sentido, coment\u00f3: \u201cEstas Jornadas son una herramienta que apoya la toma de decisiones, que brinda informaci\u00f3n clara sobre los programas educativos, los planes de estudio y las oportunidades y el campo laboral\u201d.&nbsp;<\/p>\n\n\n\n<p class=\"wp-block-paragraph\">\u201cNo se queden con la duda, \u00e9ste es un momento para buscar seguridad y tomar un buen camino, porque una buena decisi\u00f3n comienza con informaci\u00f3n, pero se fortalece con reflexi\u00f3n. Conf\u00eden en el proceso que inician, porque es valioso; no se trata de tener todas las respuestas hoy, sino de comenzar a dar pasos hacia su futuro\u201d.<\/p>\n\n\n\n<p class=\"wp-block-paragraph\">El momento cultural del evento estuvo a cargo de varios estudiantes de la Licenciatura en M\u00fasica del IUBA, agrupados en una camerata.&nbsp;<\/p>\n\n\n\n<p class=\"wp-block-paragraph\">El calendario de las Jornadas qued\u00f3 as\u00ed: martes 10 de marzo, Delegaci\u00f3n Tecom\u00e1n; mi\u00e9rcoles 11 y jueves 12 de marzo, Delegaci\u00f3n Manzanillo, viernes 13 de marzo, Delegaci\u00f3n Villa de \u00c1lvarez y el martes 17, mi\u00e9rcoles 18, jueves 19 y viernes 20 de marzo, Delegaci\u00f3n Colima.<\/p>\n\n\n\n<figure class=\"wp-block-image size-large\"><img loading=\"lazy\" decoding=\"async\" width=\"1024\" height=\"683\" src=\"https:\/\/diarioavanzada.com.mx\/wp-content\/uploads\/2026\/03\/Inauguran-Jornadas-Profesiograficas-2026-1024x683.jpg\" alt=\"\" class=\"wp-image-116052\" srcset=\"https:\/\/diarioavanzada.com.mx\/wp-content\/uploads\/2026\/03\/Inauguran-Jornadas-Profesiograficas-2026-1024x683.jpg 1024w, https:\/\/diarioavanzada.com.mx\/wp-content\/uploads\/2026\/03\/Inauguran-Jornadas-Profesiograficas-2026-300x200.jpg 300w, https:\/\/diarioavanzada.com.mx\/wp-content\/uploads\/2026\/03\/Inauguran-Jornadas-Profesiograficas-2026-768x512.jpg 768w, https:\/\/diarioavanzada.com.mx\/wp-content\/uploads\/2026\/03\/Inauguran-Jornadas-Profesiograficas-2026.jpg 1048w\" sizes=\"auto, (max-width: 1024px) 100vw, 1024px\" \/><\/figure>\n\n\n\n<figure class=\"wp-block-image size-large\"><img loading=\"lazy\" decoding=\"async\" width=\"1024\" height=\"683\" src=\"https:\/\/diarioavanzada.com.mx\/wp-content\/uploads\/2026\/03\/Inauguran-Jornadas-Profesiograficas-2026_Ana-Maria-1024x683.jpg\" alt=\"\" class=\"wp-image-116053\" srcset=\"https:\/\/diarioavanzada.com.mx\/wp-content\/uploads\/2026\/03\/Inauguran-Jornadas-Profesiograficas-2026_Ana-Maria-1024x683.jpg 1024w, https:\/\/diarioavanzada.com.mx\/wp-content\/uploads\/2026\/03\/Inauguran-Jornadas-Profesiograficas-2026_Ana-Maria-300x200.jpg 300w, https:\/\/diarioavanzada.com.mx\/wp-content\/uploads\/2026\/03\/Inauguran-Jornadas-Profesiograficas-2026_Ana-Maria-768x512.jpg 768w, https:\/\/diarioavanzada.com.mx\/wp-content\/uploads\/2026\/03\/Inauguran-Jornadas-Profesiograficas-2026_Ana-Maria.jpg 1048w\" sizes=\"auto, (max-width: 1024px) 100vw, 1024px\" \/><\/figure>\n\n\n\n<figure class=\"wp-block-image size-large\"><img loading=\"lazy\" decoding=\"async\" width=\"1024\" height=\"683\" src=\"https:\/\/diarioavanzada.com.mx\/wp-content\/uploads\/2026\/03\/Inauguran-Jornadas-Profesiograficas-2026_a-1024x683.jpg\" alt=\"\" class=\"wp-image-116054\" srcset=\"https:\/\/diarioavanzada.com.mx\/wp-content\/uploads\/2026\/03\/Inauguran-Jornadas-Profesiograficas-2026_a-1024x683.jpg 1024w, https:\/\/diarioavanzada.com.mx\/wp-content\/uploads\/2026\/03\/Inauguran-Jornadas-Profesiograficas-2026_a-300x200.jpg 300w, https:\/\/diarioavanzada.com.mx\/wp-content\/uploads\/2026\/03\/Inauguran-Jornadas-Profesiograficas-2026_a-768x512.jpg 768w, https:\/\/diarioavanzada.com.mx\/wp-content\/uploads\/2026\/03\/Inauguran-Jornadas-Profesiograficas-2026_a.jpg 1048w\" sizes=\"auto, (max-width: 1024px) 100vw, 1024px\" \/><\/figure>\n\n\n\n<figure class=\"wp-block-image size-large\"><img loading=\"lazy\" decoding=\"async\" width=\"1024\" height=\"683\" src=\"https:\/\/diarioavanzada.com.mx\/wp-content\/uploads\/2026\/03\/Inauguran-Jornadas-Profesiograficas-2026_b-1024x683.jpg\" alt=\"\" class=\"wp-image-116057\" srcset=\"https:\/\/diarioavanzada.com.mx\/wp-content\/uploads\/2026\/03\/Inauguran-Jornadas-Profesiograficas-2026_b-1024x683.jpg 1024w, https:\/\/diarioavanzada.com.mx\/wp-content\/uploads\/2026\/03\/Inauguran-Jornadas-Profesiograficas-2026_b-300x200.jpg 300w, https:\/\/diarioavanzada.com.mx\/wp-content\/uploads\/2026\/03\/Inauguran-Jornadas-Profesiograficas-2026_b-768x512.jpg 768w, https:\/\/diarioavanzada.com.mx\/wp-content\/uploads\/2026\/03\/Inauguran-Jornadas-Profesiograficas-2026_b.jpg 1048w\" sizes=\"auto, (max-width: 1024px) 100vw, 1024px\" \/><\/figure>\n\n\n\n<figure class=\"wp-block-image size-large\"><img loading=\"lazy\" decoding=\"async\" width=\"1024\" height=\"683\" src=\"https:\/\/diarioavanzada.com.mx\/wp-content\/uploads\/2026\/03\/Inauguran-Jornadas-Profesiograficas-2026_Rector-1024x683.jpg\" alt=\"\" class=\"wp-image-116058\" srcset=\"https:\/\/diarioavanzada.com.mx\/wp-content\/uploads\/2026\/03\/Inauguran-Jornadas-Profesiograficas-2026_Rector-1024x683.jpg 1024w, https:\/\/diarioavanzada.com.mx\/wp-content\/uploads\/2026\/03\/Inauguran-Jornadas-Profesiograficas-2026_Rector-300x200.jpg 300w, https:\/\/diarioavanzada.com.mx\/wp-content\/uploads\/2026\/03\/Inauguran-Jornadas-Profesiograficas-2026_Rector-768x512.jpg 768w, https:\/\/diarioavanzada.com.mx\/wp-content\/uploads\/2026\/03\/Inauguran-Jornadas-Profesiograficas-2026_Rector.jpg 1048w\" sizes=\"auto, (max-width: 1024px) 100vw, 1024px\" \/><\/figure>\n\n\n\n<figure class=\"wp-block-image size-large\"><img loading=\"lazy\" decoding=\"async\" width=\"1024\" height=\"683\" src=\"https:\/\/diarioavanzada.com.mx\/wp-content\/uploads\/2026\/03\/Inauguran-Jornadas-Profesiograficas-2026_Camerata-1024x683.jpg\" alt=\"\" class=\"wp-image-116060\" srcset=\"https:\/\/diarioavanzada.com.mx\/wp-content\/uploads\/2026\/03\/Inauguran-Jornadas-Profesiograficas-2026_Camerata-1024x683.jpg 1024w, https:\/\/diarioavanzada.com.mx\/wp-content\/uploads\/2026\/03\/Inauguran-Jornadas-Profesiograficas-2026_Camerata-300x200.jpg 300w, https:\/\/diarioavanzada.com.mx\/wp-content\/uploads\/2026\/03\/Inauguran-Jornadas-Profesiograficas-2026_Camerata-768x512.jpg 768w, https:\/\/diarioavanzada.com.mx\/wp-content\/uploads\/2026\/03\/Inauguran-Jornadas-Profesiograficas-2026_Camerata.jpg 1048w\" sizes=\"auto, (max-width: 1024px) 100vw, 1024px\" \/><\/figure>\n\n\n\n<figure class=\"wp-block-image size-large\"><img loading=\"lazy\" decoding=\"async\" width=\"1024\" height=\"683\" src=\"https:\/\/diarioavanzada.com.mx\/wp-content\/uploads\/2026\/03\/Inauguran-Jornadas-Profesiograficas-2026_Juan-Carlos-1024x683.jpg\" alt=\"\" class=\"wp-image-116061\" srcset=\"https:\/\/diarioavanzada.com.mx\/wp-content\/uploads\/2026\/03\/Inauguran-Jornadas-Profesiograficas-2026_Juan-Carlos-1024x683.jpg 1024w, https:\/\/diarioavanzada.com.mx\/wp-content\/uploads\/2026\/03\/Inauguran-Jornadas-Profesiograficas-2026_Juan-Carlos-300x200.jpg 300w, https:\/\/diarioavanzada.com.mx\/wp-content\/uploads\/2026\/03\/Inauguran-Jornadas-Profesiograficas-2026_Juan-Carlos-768x512.jpg 768w, https:\/\/diarioavanzada.com.mx\/wp-content\/uploads\/2026\/03\/Inauguran-Jornadas-Profesiograficas-2026_Juan-Carlos.jpg 1048w\" sizes=\"auto, (max-width: 1024px) 100vw, 1024px\" \/><\/figure>\n\n\n\n<figure class=\"wp-block-image size-large\"><img loading=\"lazy\" decoding=\"async\" width=\"1024\" height=\"683\" src=\"https:\/\/diarioavanzada.com.mx\/wp-content\/uploads\/2026\/03\/Inauguran-Jornadas-Profesiograficas-2026_d-1024x683.jpg\" alt=\"\" class=\"wp-image-116063\" srcset=\"https:\/\/diarioavanzada.com.mx\/wp-content\/uploads\/2026\/03\/Inauguran-Jornadas-Profesiograficas-2026_d-1024x683.jpg 1024w, https:\/\/diarioavanzada.com.mx\/wp-content\/uploads\/2026\/03\/Inauguran-Jornadas-Profesiograficas-2026_d-300x200.jpg 300w, https:\/\/diarioavanzada.com.mx\/wp-content\/uploads\/2026\/03\/Inauguran-Jornadas-Profesiograficas-2026_d-768x512.jpg 768w, https:\/\/diarioavanzada.com.mx\/wp-content\/uploads\/2026\/03\/Inauguran-Jornadas-Profesiograficas-2026_d.jpg 1048w\" sizes=\"auto, (max-width: 1024px) 100vw, 1024px\" \/><\/figure>\n\n\n\n<p class=\"wp-block-paragraph\"><\/p>\n<div class=\"fb-background-color\">\n\t\t\t  <div \n\t\t\t  \tclass = \"fb-comments\" \n\t\t\t  \tdata-href = \"https:\/\/diarioavanzada.com.mx\/?p=116050\"\n\t\t\t  \tdata-numposts = \"10\"\n\t\t\t  \tdata-lazy = \"true\"\n\t\t\t\tdata-colorscheme = \"light\"\n\t\t\t\tdata-order-by = \"social\"\n\t\t\t\tdata-mobile=true>\n\t\t\t  <\/div><\/div>\n\t\t  <style>\n\t\t    .fb-background-color {\n\t\t\t\tbackground:  !important;\n\t\t\t}\n\t\t\t.fb_iframe_widget_fluid_desktop iframe {\n\t\t\t    width: 100% !important;\n\t\t\t}\n\t\t  <\/style>\n\t\t  ","protected":false},"excerpt":{"rendered":"<p>\u201cSe trata de que cuando concluyan la jornada tengan m\u00e1s respuestas que preguntas, ya que \u00e9se es el objetivo de estas Jornadas: informar, orientar y ayudarles a tomar una decisi\u00f3n que va m\u00e1s all\u00e1 su vida profesional, una decisi\u00f3n sino de vida\u201d: Christian Torres Ortiz, rector. Colima, M\u00e9xico, Comunicado (09\/03\/2026).- Este lunes, desde el Campus [&hellip;]<\/p>\n","protected":false},"author":7,"featured_media":116055,"comment_status":"closed","ping_status":"closed","sticky":false,"template":"","format":"standard","meta":{"_coblocks_attr":"","_coblocks_dimensions":"","_coblocks_responsive_height":"","_coblocks_accordion_ie_support":"","_crdt_document":"","advanced_seo_description":"","jetpack_seo_html_title":"","jetpack_seo_noindex":false,"_jetpack_memberships_contains_paid_content":false,"footnotes":""},"categories":[19,209,7,29],"tags":[210],"class_list":["post-116050","post","type-post","status-publish","format-standard","has-post-thumbnail","hentry","category-colima","category-importantes","category-noticias","category-sociedad","tag-portada"],"jetpack_featured_media_url":"https:\/\/diarioavanzada.com.mx\/wp-content\/uploads\/2026\/03\/Inauguran-Jornadas-Profesiograficas-2026_c.jpg","jetpack-related-posts":[],"jetpack_sharing_enabled":true,"amp_enabled":true,"_links":{"self":[{"href":"https:\/\/diarioavanzada.com.mx\/index.php?rest_route=\/wp\/v2\/posts\/116050","targetHints":{"allow":["GET"]}}],"collection":[{"href":"https:\/\/diarioavanzada.com.mx\/index.php?rest_route=\/wp\/v2\/posts"}],"about":[{"href":"https:\/\/diarioavanzada.com.mx\/index.php?rest_route=\/wp\/v2\/types\/post"}],"author":[{"embeddable":true,"href":"https:\/\/diarioavanzada.com.mx\/index.php?rest_route=\/wp\/v2\/users\/7"}],"replies":[{"embeddable":true,"href":"https:\/\/diarioavanzada.com.mx\/index.php?rest_route=%2Fwp%2Fv2%2Fcomments&post=116050"}],"version-history":[{"count":5,"href":"https:\/\/diarioavanzada.com.mx\/index.php?rest_route=\/wp\/v2\/posts\/116050\/revisions"}],"predecessor-version":[{"id":116064,"href":"https:\/\/diarioavanzada.com.mx\/index.php?rest_route=\/wp\/v2\/posts\/116050\/revisions\/116064"}],"wp:featuredmedia":[{"embeddable":true,"href":"https:\/\/diarioavanzada.com.mx\/index.php?rest_route=\/wp\/v2\/media\/116055"}],"wp:attachment":[{"href":"https:\/\/diarioavanzada.com.mx\/index.php?rest_route=%2Fwp%2Fv2%2Fmedia&parent=116050"}],"wp:term":[{"taxonomy":"category","embeddable":true,"href":"https:\/\/diarioavanzada.com.mx\/index.php?rest_route=%2Fwp%2Fv2%2Fcategories&post=116050"},{"taxonomy":"post_tag","embeddable":true,"href":"https:\/\/diarioavanzada.com.mx\/index.php?rest_route=%2Fwp%2Fv2%2Ftags&post=116050"}],"curies":[{"name":"wp","href":"https:\/\/api.w.org\/{rel}","templated":true}]}}