{"id":11601,"date":"2020-03-30T11:18:22","date_gmt":"2020-03-30T16:18:22","guid":{"rendered":"https:\/\/diarioavanzada.com.mx\/?p=11601"},"modified":"2020-03-30T11:18:24","modified_gmt":"2020-03-30T16:18:24","slug":"plataforma-de-lucha-para-situacion-de-emergencia-de-la-organizacion-bloque-popular","status":"publish","type":"post","link":"https:\/\/diarioavanzada.com.mx\/?p=11601","title":{"rendered":"Plataforma de lucha para situaci\u00f3n de emergencia de la organizaci\u00f3n Bloque Popular"},"content":{"rendered":"\n<p class=\"wp-block-paragraph\">Escrito por: Jes\u00fas Cort\u00e9s a nombre de Bloque Popular.<\/p>\n\n\n\n<p class=\"wp-block-paragraph\">Ante los acontecimientos que se han generado a partir&nbsp;de la propagaci\u00f3n del covid-19,&nbsp; las autoridades han ido tomando&nbsp;algunas medidas cuestionables&nbsp;de acuerdo a su&nbsp;esfera de jurisdicci\u00f3n.&nbsp;&nbsp;En cuanto a la falta de seriedad que han expresado las autoridades, el gobierno del estado&nbsp;expidi\u00f3&nbsp;una declaratoria de emergencia,&nbsp;en algunos de los puntos expresa lo siguiente:&nbsp;<\/p>\n\n\n\n<p class=\"wp-block-paragraph\">En el punto V, del decreto,&nbsp; a la letra dice: El ingreso a todo tipo de local o casa habitaci\u00f3n para el cumplimiento de actividades dirigidas al control y combate de la pandemia.&nbsp;<\/p>\n\n\n\n<p class=\"wp-block-paragraph\">Bloque Popular rechaza esa medida&nbsp;en la que se estar\u00eda violando&nbsp;el espacio privado con la intenci\u00f3n de controlar la pandemia.&nbsp;Actualmente no existe una declaraci\u00f3n de suspensi\u00f3n de derechos,&nbsp;en ese sentido, esa disposici\u00f3n viola la Constituci\u00f3n.<\/p>\n\n\n\n<p class=\"wp-block-paragraph\">Como medidas econ\u00f3micas, el decreto plantea&nbsp;aplicar beneficios fiscales a los contribuyentes, empleadores, en el caso de los trabajadores no se especifica ninguna acci\u00f3n para protegerlos ante la posible exposici\u00f3n al riesgo que implica seguir trabajando.<\/p>\n\n\n\n<p class=\"wp-block-paragraph\">Muchos&nbsp;de los peque\u00f1os y medianos negocios&nbsp;del estado han tenido que recortar personal,&nbsp; en la mayor\u00eda&nbsp;de los casos, dej\u00e1ndolos sin acceso a un sustento.&nbsp;Adem\u00e1s de este grupo afectado, tampoco refiere el decreto a los trabajadores y desempleados.&nbsp;<\/p>\n\n\n\n<p class=\"wp-block-paragraph\">Consideramos&nbsp;que la declaratoria al ser abstracta&nbsp;en demas\u00eda evade el compromiso de las autoridades locales con varios grupos sociales. Con la intenci\u00f3n&nbsp;de que los trabajadores, desempleados e indigentes&nbsp;tengan en Colima algo de protecci\u00f3n en esta situaci\u00f3n, Bloque Popular plantea las siguientes&nbsp;medidas para que en torno a ellas se agrupe la gente tom\u00e1ndolas como bandera de combate:<\/p>\n\n\n\n<p class=\"wp-block-paragraph\"><strong>Luchemos por:<\/strong><\/p>\n\n\n\n<ul class=\"wp-block-list\"><li>Congelamiento de pago de renta de casa habitaci\u00f3n por 5 meses;&nbsp;<\/li><li>No suspensi\u00f3n de desayunos escolares.<\/li><li>Absoluto rechazo al cierre de v\u00edas federales y estatales, al afectarse el flujo de bienes y mercanc\u00edas&nbsp;de primera necesidad y apoyos&nbsp;de diferentes tipos para combatir la pandemia.<\/li><li>Cancelaci\u00f3n del cobro de peaje al transporte de mercanc\u00eda en la caseta de Cuyutl\u00e1n.&nbsp;&nbsp;<\/li><li>Cancelaci\u00f3n del cobro de servicios municipales por 5 meses.<\/li><li>Acondicionamiento del antiguo hospital de zona del IMSS (San Fernando) para la atenci\u00f3n m\u00e9dica. Si bien es de jurisdicci\u00f3n&nbsp;federal, las gestiones del gobernador deben de iniciarse ya.&nbsp;<\/li><li>Acondicionamiento&nbsp;de la antigua central camionera (Auditorio&nbsp;Miguel de la Madrid) como albergue para gente de la calle.<\/li><li>Convocar a estudiantes y egresados de las carreras de medicina y enfermer\u00eda de las facultades de medicina&nbsp;y enfermer\u00eda en el estado para organizar brigadas de apoyo a pacientes, d\u00e1ndoles lo necesario y suficiente para su protecci\u00f3n. Establecer una coordinaci\u00f3n entre el ejecutivo estatal y la Universidad de Colima para su implementaci\u00f3n.&nbsp;<\/li><li>Equipar a los trabajadores de limpia y hacerles sus respectivos estudios m\u00e9dicos.&nbsp;<\/li><li>Establecer lavander\u00edas que tengan la tarea de lavar cada&nbsp;d\u00eda la ropa de trabajo del personal de limpia.<\/li><li>Establecer&nbsp;centros municipales de atenci\u00f3n m\u00e9dica&nbsp;en zonas rurales.&nbsp;<\/li><li>Activar rondines de vigilancia en jardines y&nbsp;dem\u00e1s \u00e1reas&nbsp;de reuni\u00f3n&nbsp;p\u00fablica con polic\u00edas&nbsp;en bicicleta para hacer acatar las disposiciones federales y estatales de aislamiento.&nbsp;<\/li><\/ul>\n\n\n\n<p class=\"wp-block-paragraph\">La solidaridad es y ser\u00e1 el medio para detener la pandemia, levantar a Colima y defender a los m\u00e1s necesitados.<\/p>\n\n\n\n<p class=\"wp-block-paragraph\">Bloque Popular<\/p>\n\n\n\n<p class=\"wp-block-paragraph\">A construir Poder Popular<\/p>\n\n\n\n<p class=\"wp-block-paragraph\">Colima, Colima a 27 de marzo de 2020.<\/p>\n<div class=\"fb-background-color\">\n\t\t\t  <div \n\t\t\t  \tclass = \"fb-comments\" \n\t\t\t  \tdata-href = \"https:\/\/diarioavanzada.com.mx\/?p=11601\"\n\t\t\t  \tdata-numposts = \"10\"\n\t\t\t  \tdata-lazy = \"true\"\n\t\t\t\tdata-colorscheme = \"light\"\n\t\t\t\tdata-order-by = \"social\"\n\t\t\t\tdata-mobile=true>\n\t\t\t  <\/div><\/div>\n\t\t  <style>\n\t\t    .fb-background-color {\n\t\t\t\tbackground:  !important;\n\t\t\t}\n\t\t\t.fb_iframe_widget_fluid_desktop iframe {\n\t\t\t    width: 100% !important;\n\t\t\t}\n\t\t  <\/style>\n\t\t  ","protected":false},"excerpt":{"rendered":"<p>Escrito por: Jes\u00fas Cort\u00e9s a nombre de Bloque Popular. Ante los acontecimientos que se han generado a partir&nbsp;de la propagaci\u00f3n del covid-19,&nbsp; las autoridades han ido tomando&nbsp;algunas medidas cuestionables&nbsp;de acuerdo a su&nbsp;esfera de jurisdicci\u00f3n.&nbsp;&nbsp;En cuanto a la falta de seriedad que han expresado las autoridades, el gobierno del estado&nbsp;expidi\u00f3&nbsp;una declaratoria de emergencia,&nbsp;en algunos de los [&hellip;]<\/p>\n","protected":false},"author":7,"featured_media":11355,"comment_status":"closed","ping_status":"closed","sticky":false,"template":"","format":"standard","meta":{"_coblocks_attr":"","_coblocks_dimensions":"","_coblocks_responsive_height":"","_coblocks_accordion_ie_support":"","advanced_seo_description":"","jetpack_seo_html_title":"","jetpack_seo_noindex":false,"jetpack_seo_schema_type":"","_jetpack_newsletter_access":"","_jetpack_dont_email_post_to_subs":false,"_jetpack_newsletter_tier_id":0,"_jetpack_memberships_contains_paywalled_content":false,"_wpcom_ai_launchpad_first_post":false,"_jetpack_feature_clip_id":0,"_jetpack_memberships_contains_paid_content":false,"footnotes":"","jetpack_post_was_ever_published":false},"categories":[24],"tags":[300],"class_list":["post-11601","post","type-post","status-publish","format-standard","has-post-thumbnail","hentry","category-opinion","tag-covid-19"],"jetpack-related-posts":[],"jetpack_sharing_enabled":true,"amp_enabled":true,"jetpack_featured_media_url":"https:\/\/diarioavanzada.com.mx\/wp-content\/uploads\/2020\/03\/COVID19.png","_links":{"self":[{"href":"https:\/\/diarioavanzada.com.mx\/index.php?rest_route=\/wp\/v2\/posts\/11601","targetHints":{"allow":["GET"]}}],"collection":[{"href":"https:\/\/diarioavanzada.com.mx\/index.php?rest_route=\/wp\/v2\/posts"}],"about":[{"href":"https:\/\/diarioavanzada.com.mx\/index.php?rest_route=\/wp\/v2\/types\/post"}],"author":[{"embeddable":true,"href":"https:\/\/diarioavanzada.com.mx\/index.php?rest_route=\/wp\/v2\/users\/7"}],"replies":[{"embeddable":true,"href":"https:\/\/diarioavanzada.com.mx\/index.php?rest_route=%2Fwp%2Fv2%2Fcomments&post=11601"}],"version-history":[{"count":0,"href":"https:\/\/diarioavanzada.com.mx\/index.php?rest_route=\/wp\/v2\/posts\/11601\/revisions"}],"wp:featuredmedia":[{"embeddable":true,"href":"https:\/\/diarioavanzada.com.mx\/index.php?rest_route=\/wp\/v2\/media\/11355"}],"wp:attachment":[{"href":"https:\/\/diarioavanzada.com.mx\/index.php?rest_route=%2Fwp%2Fv2%2Fmedia&parent=11601"}],"wp:term":[{"taxonomy":"category","embeddable":true,"href":"https:\/\/diarioavanzada.com.mx\/index.php?rest_route=%2Fwp%2Fv2%2Fcategories&post=11601"},{"taxonomy":"post_tag","embeddable":true,"href":"https:\/\/diarioavanzada.com.mx\/index.php?rest_route=%2Fwp%2Fv2%2Ftags&post=11601"}],"curies":[{"name":"wp","href":"https:\/\/api.w.org\/{rel}","templated":true}]}}