{"id":115997,"date":"2026-03-09T08:26:56","date_gmt":"2026-03-09T14:26:56","guid":{"rendered":"https:\/\/diarioavanzada.com.mx\/?p=115997"},"modified":"2026-03-09T08:26:56","modified_gmt":"2026-03-09T14:26:56","slug":"mujeres-exigen-justicia-denuncian-impunidad-y-desapariciones","status":"publish","type":"post","link":"https:\/\/diarioavanzada.com.mx\/?p=115997","title":{"rendered":"Mujeres exigen justicia: denuncian impunidad y desapariciones"},"content":{"rendered":"\n<p class=\"wp-block-paragraph\">Colima, M\u00e9xico, Avanzada (08\/03\/2026).- Cientos de mujeres salieron a las calles en Colima, Manzanillo y Tecom\u00e1n para conmemorar el D\u00eda Internacional de la Mujer y exigir justicia frente a la violencia que enfrentan. En un estado donde los niveles de impunidad superan el 95 por ciento, las manifestantes demandaron seguridad, el esclarecimiento de feminicidios y la localizaci\u00f3n de cientos de mujeres desaparecidas.<\/p>\n\n\n\n<p class=\"wp-block-paragraph\">Las marchas reunieron a colectivos feministas, familiares de v\u00edctimas y ciudadanos solidarios. En los contingentes tambi\u00e9n participaron hombres: hijos, hermanos, padres y esposos de mujeres que permanecen desaparecidas, quienes caminaron junto a las manifestantes portando fotograf\u00edas y pancartas para exigir respuestas de las autoridades.<\/p>\n\n\n\n<p class=\"wp-block-paragraph\">En Tecom\u00e1n, las participantes desplegaron una manta con los nombres de varias v\u00edctimas de desaparici\u00f3n y violencia feminicida. Entre ellos apareci\u00f3 el de Ang\u00e9lica, una joven de 28 a\u00f1os que permanece desaparecida. Durante la protesta tambi\u00e9n se enton\u00f3 Sin miedo, la canci\u00f3n de Vivir Quintana que se ha convertido en uno de los himnos de las movilizaciones del 8M en M\u00e9xico.<\/p>\n\n\n\n<p class=\"wp-block-paragraph\">La manifestaci\u00f3n m\u00e1s numerosa se registr\u00f3 en la capital del estado. El contingente parti\u00f3 de la Piedra Lisa y avanz\u00f3 por el centro de la ciudad hasta llegar al Palacio de Gobierno. Durante el recorrido, alrededor de 70 mujeres integrantes de la Polic\u00eda Auxiliar Estatal se sumaron a la marcha; aunque portaban pancartas alusivas al 8 de marzo, permanecieron uniformadas. Una de ellas reconoci\u00f3 que, como muchas ciudadanas, tambi\u00e9n sienten miedo ante la inseguridad.<\/p>\n\n\n\n<p class=\"wp-block-paragraph\">Al llegar frente a Palacio de Gobierno, las manifestantes lanzaron consignas y reprocharon al gobierno de la gobernadora Indira Vizca\u00edno Silva lo que consideraron indiferencia frente a la violencia contra las mujeres. En el trayecto recordaron casos emblem\u00e1ticos de desaparici\u00f3n, como el de Joanna L\u00f3pez \u00c1lvarez, vista por \u00faltima vez el 26 de noviembre de 2019.<\/p>\n\n\n\n<p class=\"wp-block-paragraph\">El nombre de Joanna se ha vuelto un s\u00edmbolo en las marchas feministas de la ciudad. Cada a\u00f1o el contingente pasa por la calle Madero, donde se encuentra su domicilio. Afuera de la vivienda permanece colocada una manta con su fotograf\u00eda y un llamado a proporcionar informaci\u00f3n que ayude a localizarla.<\/p>\n\n\n\n<p class=\"wp-block-paragraph\">En el centro hist\u00f3rico, algunas manifestantes prendieron fuego a la puerta principal de madera del Palacio de Gobierno para intentar ingresar al inmueble. Sin embargo, detr\u00e1s se encontraba una estructura met\u00e1lica que impidi\u00f3 el acceso. Tambi\u00e9n se registraron golpes contra una de las ventanas del edificio.<\/p>\n\n\n\n<p class=\"wp-block-paragraph\">Desde el interior, elementos de seguridad respondieron con chorros de agua y extintores para sofocar el fuego. A diferencia de la movilizaci\u00f3n del a\u00f1o pasado, en esta ocasi\u00f3n no se report\u00f3 el uso de gas lacrim\u00f3geno contra las manifestantes.<\/p>\n\n\n\n<p class=\"wp-block-paragraph\">La jornada concluy\u00f3 entre pintas en edificios p\u00fablicos, denuncias p\u00fablicas y fotograf\u00edas de mujeres desaparecidas y asesinadas. Con el grito de \u201c\u00a1Justicia!\u201d y \u201c\u00a1Ni una m\u00e1s!\u201d, las participantes cerraron la conmemoraci\u00f3n del 8M en Colima.<\/p>\n<div class=\"fb-background-color\">\n\t\t\t  <div \n\t\t\t  \tclass = \"fb-comments\" \n\t\t\t  \tdata-href = \"https:\/\/diarioavanzada.com.mx\/?p=115997\"\n\t\t\t  \tdata-numposts = \"10\"\n\t\t\t  \tdata-lazy = \"true\"\n\t\t\t\tdata-colorscheme = \"light\"\n\t\t\t\tdata-order-by = \"social\"\n\t\t\t\tdata-mobile=true>\n\t\t\t  <\/div><\/div>\n\t\t  <style>\n\t\t    .fb-background-color {\n\t\t\t\tbackground:  !important;\n\t\t\t}\n\t\t\t.fb_iframe_widget_fluid_desktop iframe {\n\t\t\t    width: 100% !important;\n\t\t\t}\n\t\t  <\/style>\n\t\t  ","protected":false},"excerpt":{"rendered":"<p>Colima, M\u00e9xico, Avanzada (08\/03\/2026).- Cientos de mujeres salieron a las calles en Colima, Manzanillo y Tecom\u00e1n para conmemorar el D\u00eda Internacional de la Mujer y exigir justicia frente a la violencia que enfrentan. En un estado donde los niveles de impunidad superan el 95 por ciento, las manifestantes demandaron seguridad, el esclarecimiento de feminicidios y [&hellip;]<\/p>\n","protected":false},"author":7,"featured_media":115996,"comment_status":"closed","ping_status":"closed","sticky":false,"template":"","format":"standard","meta":{"_coblocks_attr":"","_coblocks_dimensions":"","_coblocks_responsive_height":"","_coblocks_accordion_ie_support":"","_crdt_document":"","advanced_seo_description":"","jetpack_seo_html_title":"","jetpack_seo_noindex":false,"_jetpack_memberships_contains_paid_content":false,"footnotes":""},"categories":[19,1,209,7,231,29],"tags":[210],"class_list":["post-115997","post","type-post","status-publish","format-standard","has-post-thumbnail","hentry","category-colima","category-general","category-importantes","category-noticias","category-seguridad","category-sociedad","tag-portada"],"jetpack_featured_media_url":"https:\/\/diarioavanzada.com.mx\/wp-content\/uploads\/2026\/03\/81501ca5-7dad-44db-b497-3813a9b96486.jpg","jetpack-related-posts":[],"jetpack_sharing_enabled":true,"amp_enabled":true,"_links":{"self":[{"href":"https:\/\/diarioavanzada.com.mx\/index.php?rest_route=\/wp\/v2\/posts\/115997","targetHints":{"allow":["GET"]}}],"collection":[{"href":"https:\/\/diarioavanzada.com.mx\/index.php?rest_route=\/wp\/v2\/posts"}],"about":[{"href":"https:\/\/diarioavanzada.com.mx\/index.php?rest_route=\/wp\/v2\/types\/post"}],"author":[{"embeddable":true,"href":"https:\/\/diarioavanzada.com.mx\/index.php?rest_route=\/wp\/v2\/users\/7"}],"replies":[{"embeddable":true,"href":"https:\/\/diarioavanzada.com.mx\/index.php?rest_route=%2Fwp%2Fv2%2Fcomments&post=115997"}],"version-history":[{"count":0,"href":"https:\/\/diarioavanzada.com.mx\/index.php?rest_route=\/wp\/v2\/posts\/115997\/revisions"}],"wp:featuredmedia":[{"embeddable":true,"href":"https:\/\/diarioavanzada.com.mx\/index.php?rest_route=\/wp\/v2\/media\/115996"}],"wp:attachment":[{"href":"https:\/\/diarioavanzada.com.mx\/index.php?rest_route=%2Fwp%2Fv2%2Fmedia&parent=115997"}],"wp:term":[{"taxonomy":"category","embeddable":true,"href":"https:\/\/diarioavanzada.com.mx\/index.php?rest_route=%2Fwp%2Fv2%2Fcategories&post=115997"},{"taxonomy":"post_tag","embeddable":true,"href":"https:\/\/diarioavanzada.com.mx\/index.php?rest_route=%2Fwp%2Fv2%2Ftags&post=115997"}],"curies":[{"name":"wp","href":"https:\/\/api.w.org\/{rel}","templated":true}]}}