{"id":115977,"date":"2026-03-08T08:51:42","date_gmt":"2026-03-08T14:51:42","guid":{"rendered":"https:\/\/diarioavanzada.com.mx\/?p=115977"},"modified":"2026-03-08T08:52:54","modified_gmt":"2026-03-08T14:52:54","slug":"activan-ficha-de-busqueda-para-localizar-a-jaime-ruelas-galvan-en-ixtlahuacan","status":"publish","type":"post","link":"https:\/\/diarioavanzada.com.mx\/?p=115977","title":{"rendered":"Se busca: Jaime tiene 35 a\u00f1os de edad, desapareci\u00f3 el 4 de marzo en Ixtlahuac\u00e1n"},"content":{"rendered":"\n<p class=\"p1 wp-block-paragraph\">Colima, M\u00e9xico, Avanzada (08\/03\/2026).- La Comisi\u00f3n de B\u00fasqueda de Personas del Estado de Colima emiti\u00f3 una ficha de b\u00fasqueda para localizar a Jaime Ruelas Galv\u00e1n, de 35 a\u00f1os de edad, quien fue visto por \u00faltima vez el pasado 4 de marzo de 2026 en la localidad de La Presa, en el municipio de Ixtlahuac\u00e1n.<\/p>\n\n\n\n<p class=\"p1 wp-block-paragraph\">De acuerdo con el reporte oficial, la desaparici\u00f3n fue denunciada el 7 de marzo, por lo que las autoridades activaron los mecanismos de localizaci\u00f3n y solicitaron el apoyo de la ciudadan\u00eda para aportar cualquier informaci\u00f3n que ayude a dar con su paradero.<\/p>\n\n\n\n<p class=\"p1 wp-block-paragraph\">Seg\u00fan la ficha difundida por la comisi\u00f3n, Ruelas Galv\u00e1n mide aproximadamente 1.72 metros, tiene cara ovalada, nariz mediana, cabello lacio, corto y casta\u00f1o oscuro, as\u00ed como ojos medianos color caf\u00e9 oscuro y tez morena clara.<\/p>\n\n\n\n<p class=\"p1 wp-block-paragraph\">Entre sus se\u00f1as particulares destacan un tatuaje con la imagen de la Santa Muerte en el brazo derecho, una cicatriz de aproximadamente cinco cent\u00edmetros en el brazo izquierdo, adem\u00e1s de lunares en el p\u00f3mulo izquierdo y en la nariz.<\/p>\n\n\n\n<p class=\"p1 wp-block-paragraph\">El d\u00eda de su desaparici\u00f3n vest\u00eda camisa de manga corta color rojo, pantal\u00f3n de mezclilla azul claro y tenis rojos marca Nike.<\/p>\n\n\n\n<p class=\"p1 wp-block-paragraph\">La Comisi\u00f3n de B\u00fasqueda de Personas del Estado de Colima puso a disposici\u00f3n el n\u00famero telef\u00f3nico 312 131 3809 para recibir informaci\u00f3n que contribuya a su localizaci\u00f3n, reiterando que cualquier dato puede ser crucial para encontrarlo.<\/p>\n\n\n\n<figure class=\"wp-block-image size-large\"><img loading=\"lazy\" decoding=\"async\" width=\"940\" height=\"788\" src=\"https:\/\/diarioavanzada.com.mx\/wp-content\/uploads\/2026\/03\/img_8971.jpg\" alt=\"\" class=\"wp-image-115975\" srcset=\"https:\/\/diarioavanzada.com.mx\/wp-content\/uploads\/2026\/03\/img_8971.jpg 940w, https:\/\/diarioavanzada.com.mx\/wp-content\/uploads\/2026\/03\/img_8971-300x251.jpg 300w, https:\/\/diarioavanzada.com.mx\/wp-content\/uploads\/2026\/03\/img_8971-768x644.jpg 768w\" sizes=\"auto, (max-width: 940px) 100vw, 940px\" \/><\/figure>\n<div class=\"fb-background-color\">\n\t\t\t  <div \n\t\t\t  \tclass = \"fb-comments\" \n\t\t\t  \tdata-href = \"https:\/\/diarioavanzada.com.mx\/?p=115977\"\n\t\t\t  \tdata-numposts = \"10\"\n\t\t\t  \tdata-lazy = \"true\"\n\t\t\t\tdata-colorscheme = \"light\"\n\t\t\t\tdata-order-by = \"social\"\n\t\t\t\tdata-mobile=true>\n\t\t\t  <\/div><\/div>\n\t\t  <style>\n\t\t    .fb-background-color {\n\t\t\t\tbackground:  !important;\n\t\t\t}\n\t\t\t.fb_iframe_widget_fluid_desktop iframe {\n\t\t\t    width: 100% !important;\n\t\t\t}\n\t\t  <\/style>\n\t\t  ","protected":false},"excerpt":{"rendered":"<p>Colima, M\u00e9xico, Avanzada (08\/03\/2026).- La Comisi\u00f3n de B\u00fasqueda de Personas del Estado de Colima emiti\u00f3 una ficha de b\u00fasqueda para localizar a Jaime Ruelas Galv\u00e1n, de 35 a\u00f1os de edad, quien fue visto por \u00faltima vez el pasado 4 de marzo de 2026 en la localidad de La Presa, en el municipio de Ixtlahuac\u00e1n. De [&hellip;]<\/p>\n","protected":false},"author":7,"featured_media":115976,"comment_status":"closed","ping_status":"closed","sticky":false,"template":"","format":"standard","meta":{"_coblocks_attr":"","_coblocks_dimensions":"","_coblocks_responsive_height":"","_coblocks_accordion_ie_support":"","_crdt_document":"","advanced_seo_description":"","jetpack_seo_html_title":"","jetpack_seo_noindex":false,"_jetpack_memberships_contains_paid_content":false,"footnotes":""},"categories":[19,1,209,7,231,29],"tags":[],"class_list":["post-115977","post","type-post","status-publish","format-standard","has-post-thumbnail","hentry","category-colima","category-general","category-importantes","category-noticias","category-seguridad","category-sociedad"],"jetpack_featured_media_url":"https:\/\/diarioavanzada.com.mx\/wp-content\/uploads\/2026\/03\/img_8981.png","jetpack-related-posts":[],"jetpack_sharing_enabled":true,"amp_enabled":true,"_links":{"self":[{"href":"https:\/\/diarioavanzada.com.mx\/index.php?rest_route=\/wp\/v2\/posts\/115977","targetHints":{"allow":["GET"]}}],"collection":[{"href":"https:\/\/diarioavanzada.com.mx\/index.php?rest_route=\/wp\/v2\/posts"}],"about":[{"href":"https:\/\/diarioavanzada.com.mx\/index.php?rest_route=\/wp\/v2\/types\/post"}],"author":[{"embeddable":true,"href":"https:\/\/diarioavanzada.com.mx\/index.php?rest_route=\/wp\/v2\/users\/7"}],"replies":[{"embeddable":true,"href":"https:\/\/diarioavanzada.com.mx\/index.php?rest_route=%2Fwp%2Fv2%2Fcomments&post=115977"}],"version-history":[{"count":1,"href":"https:\/\/diarioavanzada.com.mx\/index.php?rest_route=\/wp\/v2\/posts\/115977\/revisions"}],"predecessor-version":[{"id":115978,"href":"https:\/\/diarioavanzada.com.mx\/index.php?rest_route=\/wp\/v2\/posts\/115977\/revisions\/115978"}],"wp:featuredmedia":[{"embeddable":true,"href":"https:\/\/diarioavanzada.com.mx\/index.php?rest_route=\/wp\/v2\/media\/115976"}],"wp:attachment":[{"href":"https:\/\/diarioavanzada.com.mx\/index.php?rest_route=%2Fwp%2Fv2%2Fmedia&parent=115977"}],"wp:term":[{"taxonomy":"category","embeddable":true,"href":"https:\/\/diarioavanzada.com.mx\/index.php?rest_route=%2Fwp%2Fv2%2Fcategories&post=115977"},{"taxonomy":"post_tag","embeddable":true,"href":"https:\/\/diarioavanzada.com.mx\/index.php?rest_route=%2Fwp%2Fv2%2Ftags&post=115977"}],"curies":[{"name":"wp","href":"https:\/\/api.w.org\/{rel}","templated":true}]}}