{"id":115907,"date":"2026-03-07T20:04:32","date_gmt":"2026-03-08T02:04:32","guid":{"rendered":"https:\/\/diarioavanzada.com.mx\/?p=115907"},"modified":"2026-03-07T20:22:45","modified_gmt":"2026-03-08T02:22:45","slug":"festeja-la-petatera-noche-colimota-en-pasodoble-con-agrupaciones-universitarias","status":"publish","type":"post","link":"https:\/\/diarioavanzada.com.mx\/?p=115907","title":{"rendered":"Festeja La Petatera noche colimota en pasodoble, con agrupaciones universitarias"},"content":{"rendered":"\n<p class=\"wp-block-paragraph\"><em>\u201cSon obras que tienen una energ\u00eda muy particular y conectan mucho con el ambiente de las plazas y con la tradici\u00f3n de estas fiestas. Quer\u00edamos que la m\u00fasica dialogar\u00e1 con esa tradici\u00f3n y esp\u00edritu festivo\u201d: Frausto Zamora.<\/em><\/p>\n\n\n\n<p class=\"wp-block-paragraph\">Colima, M\u00e9xico, Comunicado (07\/03\/2026).- Ante m\u00e1s de 3 mil 700 personas, las agrupaciones universitarias: Mariachi, Coro y Orquesta Sinf\u00f3nica de la Universidad de Colima, junto con el tenor Felipe Castellanos y el m\u00fasico Jorge Hern\u00e1ndez, protagonizaron este viernes por la tarde el concierto \u201cLa petatera vibra en pasodoble\u201d, velada que celebr\u00f3 la tradici\u00f3n, identidad y esp\u00edritu de las fiestas regionales en la emblem\u00e1tica Petatera de Villa de \u00c1lvarez.\u00a0<\/p>\n\n\n\n<p class=\"wp-block-paragraph\">Al inicio del concierto, el rector de la Universidad de Colima, Christian Jorge Torres Ortiz Zerme\u00f1o, resalt\u00f3 la gran convocatoria que esa tarde lograron los grupos universitarios y asegur\u00f3 que, \u201chaciendo equipo y sumando esfuerzos entre instituciones\u201d se pueden impulsar acciones que tengan un impacto positivo en la sociedad; en este sentido, la colaboraci\u00f3n entre el ayuntamiento de Villa de \u00c1lvarez y nuestra Universidad ha sido una constante\u201d.<\/p>\n\n\n\n<p class=\"wp-block-paragraph\">Por su parte, la presidenta municipal de Villa de \u00c1lvarez, Esther Guti\u00e9rrez Andrade, agradeci\u00f3 ampliamente a la Universidad de Colima por llevar a la tradicional Petatera \u201cuna importante muestra del talento art\u00edstico que hay en la instituci\u00f3n educativa\u201d y por mostrar empat\u00eda y apoyo hacia la administraci\u00f3n que encabeza con varias acciones de colaboraci\u00f3n, destacando \u201cel acompa\u00f1amiento y monitoreo como evaluadores externos por medio de la FEUC, en el cumplimiento de nuestras metas estrat\u00e9gicas 2026\u201d.&nbsp;<\/p>\n\n\n\n<p class=\"wp-block-paragraph\">Durante la velada, el programa musical incluy\u00f3 interpretaciones como: \u201cO Fortuna\u201d de Carl Orff, as\u00ed como \u00f3peras de Giuseppe Verdi, entre ells: \u201cChorus of the Hebrew Slaves\u201d de Nabucco y el \u201cAnvil Chorus\u201d de Il Trovatore. Posteriormente, el tenor Felipe Castellanos interpret\u00f3, acompa\u00f1ado por la orquesta, cl\u00e1sicos del bolero como \u201cB\u00e9same mucho\u201d, de Consuelo Vel\u00e1zquez; \u201cUn viejo amor\u201d, de Alfonso Esparza Oteo; \u201cJ\u00farame\u201d, de Mar\u00eda Grever y \u201cFrenes\u00ed\u201d, de Alberto Dom\u00ednguez Borr\u00e1s.<\/p>\n\n\n\n<p class=\"wp-block-paragraph\">El programa continu\u00f3 con la participaci\u00f3n conjunta del Mariachi Universidad de Colima, el Coro y la Orquesta, con el preludio de la \u00f3pera \u201cCarmen\u201d, de Georges Bizet, y un arreglo de canciones de Agust\u00edn Lara. M\u00e1s adelante, las agrupaciones interpretaron pasodobles emblem\u00e1ticos como \u201cLa Virgen de la Macarena\u201d, y un popurr\u00ed con \u201cCielo andaluz\u201d, \u201cHidalguense\u201d y \u201cNovillero\u201d.&nbsp;<\/p>\n\n\n\n<p class=\"wp-block-paragraph\">La velada culmin\u00f3 con la interpretaci\u00f3n conjunta del Mariachi, el Coro, la Orquesta y el tenor Felipe Castellanos con el tema \u201cSilverio\u201d, cerrando una noche que reafirm\u00f3 el v\u00ednculo entre la m\u00fasica, la tradici\u00f3n y la identidad colimota en uno de los espacios m\u00e1s representativos del estado.<\/p>\n\n\n\n<p class=\"wp-block-paragraph\">En entrevista, el maestro Jos\u00e9 Antonio Frausto Zamora, se\u00f1al\u00f3 que la preparaci\u00f3n del concierto fue un proceso especial y tambi\u00e9n un reto art\u00edstico. Explic\u00f3 que el espect\u00e1culo se construy\u00f3 en tres meses de trabajo y mediante numerosos ensayos para lograr la uni\u00f3n de agrupaciones con estilos distintos \u201cEl programa inici\u00f3 con m\u00fasica coral sinf\u00f3nica oper\u00edstica que nos da identidad como orquesta, pero tambi\u00e9n nos permiti\u00f3 adentrarnos a la m\u00fasica mexicana hasta llegar al pasodoble\u201d, coment\u00f3.<\/p>\n\n\n\n<p class=\"wp-block-paragraph\">Frausto Zamora coment\u00f3 que la segunda secci\u00f3n del concierto estuvo dedicada a boleros emblem\u00e1ticos, mientras que la tercera incluy\u00f3 repertorio de car\u00e1cter oper\u00edstico, entre ellos el preludio de la \u00f3pera \u201cCarmen\u201d, donde destaca la figura del toreador como protagonista.&nbsp;&nbsp;<\/p>\n\n\n\n<p class=\"wp-block-paragraph\">Jos\u00e9 Antonio destac\u00f3 que cada agrupaci\u00f3n posee su propio estilo interpretativo, por lo que lograr esta uni\u00f3n represent\u00f3 un desaf\u00edo art\u00edstico. Sin embargo, se\u00f1al\u00f3 que la inclusi\u00f3n del pasodoble en el repertorio permiti\u00f3 generar una conexi\u00f3n natural con el ambiente de las plazas taurinas y con la tradici\u00f3n de las fiestas de Villa de \u00c1lvarez. \u201cSon obras que tienen una energ\u00eda muy particular y conectan mucho con el ambiente de las plazas y con la tradici\u00f3n de estas fiestas. Quer\u00edamos que la m\u00fasica dialogar\u00e1 con esa tradici\u00f3n y esp\u00edritu festivo\u201d, expres\u00f3.<\/p>\n\n\n\n<p class=\"wp-block-paragraph\">El director tambi\u00e9n subray\u00f3 el trabajo colectivo detr\u00e1s del espect\u00e1culo, que implic\u00f3 disciplina, horas de ensayo y la colaboraci\u00f3n entusiasta de las agrupaciones universitarias, as\u00ed como personal de la Direcci\u00f3n General de Difusi\u00f3n Cultural.&nbsp;<\/p>\n\n\n\n<p class=\"wp-block-paragraph\">En entrevista con Petronilo V\u00e1zquez, director general del Instituto de Festejos Charrotaurinos y Exposiciones de Villa de \u00c1lvarez, extern\u00f3 que han sido d\u00edas intensos que valieron la pena. Celebr\u00f3 el proyecto art\u00edstico que tiene la Universidad de Colima y reconoci\u00f3 como un avance novedoso \u201cpoder vincular este gran espect\u00e1culo en nuestras programaciones; fuimos superando todos los detalles que se presentaron para que este concierto quedara muy bien. Se llev\u00f3 a cabo un excelente trabajo en equipo\u201d, finaliz\u00f3.&nbsp;<\/p>\n\n\n\n<p class=\"wp-block-paragraph\">En una entrevista conjunta, al t\u00e9rmino del concierto, tanto el rector Christian Torres Ortiz como la alcaldesa Esther Guti\u00e9rrez, ante el gran \u00e9xito de la convocatoria, adelantaron que este evento podr\u00eda repetirse el a\u00f1o siguiente e incluso volverlo una tradici\u00f3n.<\/p>\n\n\n\n<figure class=\"wp-block-image size-large\"><img loading=\"lazy\" decoding=\"async\" width=\"1024\" height=\"683\" src=\"https:\/\/diarioavanzada.com.mx\/wp-content\/uploads\/2026\/03\/Gran-concierto-de-pasodoble-en-La-Petatera-1024x683.jpg\" alt=\"\" class=\"wp-image-115909\" srcset=\"https:\/\/diarioavanzada.com.mx\/wp-content\/uploads\/2026\/03\/Gran-concierto-de-pasodoble-en-La-Petatera-1024x683.jpg 1024w, https:\/\/diarioavanzada.com.mx\/wp-content\/uploads\/2026\/03\/Gran-concierto-de-pasodoble-en-La-Petatera-300x200.jpg 300w, https:\/\/diarioavanzada.com.mx\/wp-content\/uploads\/2026\/03\/Gran-concierto-de-pasodoble-en-La-Petatera-768x512.jpg 768w, https:\/\/diarioavanzada.com.mx\/wp-content\/uploads\/2026\/03\/Gran-concierto-de-pasodoble-en-La-Petatera.jpg 1048w\" sizes=\"auto, (max-width: 1024px) 100vw, 1024px\" \/><\/figure>\n\n\n\n<figure class=\"wp-block-image size-large\"><img loading=\"lazy\" decoding=\"async\" width=\"1024\" height=\"683\" src=\"https:\/\/diarioavanzada.com.mx\/wp-content\/uploads\/2026\/03\/Gran-concierto-de-pasodoble-en-La-Petatera_a-1024x683.jpg\" alt=\"\" class=\"wp-image-115910\" srcset=\"https:\/\/diarioavanzada.com.mx\/wp-content\/uploads\/2026\/03\/Gran-concierto-de-pasodoble-en-La-Petatera_a-1024x683.jpg 1024w, https:\/\/diarioavanzada.com.mx\/wp-content\/uploads\/2026\/03\/Gran-concierto-de-pasodoble-en-La-Petatera_a-300x200.jpg 300w, https:\/\/diarioavanzada.com.mx\/wp-content\/uploads\/2026\/03\/Gran-concierto-de-pasodoble-en-La-Petatera_a-768x512.jpg 768w, https:\/\/diarioavanzada.com.mx\/wp-content\/uploads\/2026\/03\/Gran-concierto-de-pasodoble-en-La-Petatera_a.jpg 1048w\" sizes=\"auto, (max-width: 1024px) 100vw, 1024px\" \/><\/figure>\n\n\n\n<figure class=\"wp-block-image size-large\"><img loading=\"lazy\" decoding=\"async\" width=\"1024\" height=\"683\" src=\"https:\/\/diarioavanzada.com.mx\/wp-content\/uploads\/2026\/03\/Gran-concierto-de-pasodoble-en-La-Petatera_b-1024x683.jpg\" alt=\"\" class=\"wp-image-115911\" srcset=\"https:\/\/diarioavanzada.com.mx\/wp-content\/uploads\/2026\/03\/Gran-concierto-de-pasodoble-en-La-Petatera_b-1024x683.jpg 1024w, https:\/\/diarioavanzada.com.mx\/wp-content\/uploads\/2026\/03\/Gran-concierto-de-pasodoble-en-La-Petatera_b-300x200.jpg 300w, https:\/\/diarioavanzada.com.mx\/wp-content\/uploads\/2026\/03\/Gran-concierto-de-pasodoble-en-La-Petatera_b-768x512.jpg 768w, https:\/\/diarioavanzada.com.mx\/wp-content\/uploads\/2026\/03\/Gran-concierto-de-pasodoble-en-La-Petatera_b.jpg 1048w\" sizes=\"auto, (max-width: 1024px) 100vw, 1024px\" \/><\/figure>\n\n\n\n<figure class=\"wp-block-image size-large\"><img loading=\"lazy\" decoding=\"async\" width=\"1024\" height=\"683\" src=\"https:\/\/diarioavanzada.com.mx\/wp-content\/uploads\/2026\/03\/Gran-concierto-de-pasodoble-en-La-Petatera_d_1-1024x683.jpg\" alt=\"\" class=\"wp-image-115913\" srcset=\"https:\/\/diarioavanzada.com.mx\/wp-content\/uploads\/2026\/03\/Gran-concierto-de-pasodoble-en-La-Petatera_d_1-1024x683.jpg 1024w, https:\/\/diarioavanzada.com.mx\/wp-content\/uploads\/2026\/03\/Gran-concierto-de-pasodoble-en-La-Petatera_d_1-300x200.jpg 300w, https:\/\/diarioavanzada.com.mx\/wp-content\/uploads\/2026\/03\/Gran-concierto-de-pasodoble-en-La-Petatera_d_1-768x512.jpg 768w, https:\/\/diarioavanzada.com.mx\/wp-content\/uploads\/2026\/03\/Gran-concierto-de-pasodoble-en-La-Petatera_d_1.jpg 1048w\" sizes=\"auto, (max-width: 1024px) 100vw, 1024px\" \/><\/figure>\n\n\n\n<figure class=\"wp-block-image size-large\"><img loading=\"lazy\" decoding=\"async\" width=\"1024\" height=\"683\" src=\"https:\/\/diarioavanzada.com.mx\/wp-content\/uploads\/2026\/03\/Gran-concierto-de-pasodoble-en-La-Petatera_e-1024x683.jpg\" alt=\"\" class=\"wp-image-115916\" srcset=\"https:\/\/diarioavanzada.com.mx\/wp-content\/uploads\/2026\/03\/Gran-concierto-de-pasodoble-en-La-Petatera_e-1024x683.jpg 1024w, https:\/\/diarioavanzada.com.mx\/wp-content\/uploads\/2026\/03\/Gran-concierto-de-pasodoble-en-La-Petatera_e-300x200.jpg 300w, https:\/\/diarioavanzada.com.mx\/wp-content\/uploads\/2026\/03\/Gran-concierto-de-pasodoble-en-La-Petatera_e-768x512.jpg 768w, https:\/\/diarioavanzada.com.mx\/wp-content\/uploads\/2026\/03\/Gran-concierto-de-pasodoble-en-La-Petatera_e.jpg 1048w\" sizes=\"auto, (max-width: 1024px) 100vw, 1024px\" \/><\/figure>\n\n\n\n<figure class=\"wp-block-image size-large\"><img loading=\"lazy\" decoding=\"async\" width=\"1024\" height=\"683\" src=\"https:\/\/diarioavanzada.com.mx\/wp-content\/uploads\/2026\/03\/Gran-concierto-de-pasodoble-en-La-Petatera_f-1024x683.jpg\" alt=\"\" class=\"wp-image-115917\" srcset=\"https:\/\/diarioavanzada.com.mx\/wp-content\/uploads\/2026\/03\/Gran-concierto-de-pasodoble-en-La-Petatera_f-1024x683.jpg 1024w, https:\/\/diarioavanzada.com.mx\/wp-content\/uploads\/2026\/03\/Gran-concierto-de-pasodoble-en-La-Petatera_f-300x200.jpg 300w, https:\/\/diarioavanzada.com.mx\/wp-content\/uploads\/2026\/03\/Gran-concierto-de-pasodoble-en-La-Petatera_f-768x512.jpg 768w, https:\/\/diarioavanzada.com.mx\/wp-content\/uploads\/2026\/03\/Gran-concierto-de-pasodoble-en-La-Petatera_f.jpg 1048w\" sizes=\"auto, (max-width: 1024px) 100vw, 1024px\" \/><\/figure>\n\n\n\n<figure class=\"wp-block-image size-large\"><img loading=\"lazy\" decoding=\"async\" width=\"1024\" height=\"683\" src=\"https:\/\/diarioavanzada.com.mx\/wp-content\/uploads\/2026\/03\/Gran-concierto-de-pasodoble-en-La-Petatera_Felipe-1024x683.jpg\" alt=\"\" class=\"wp-image-115918\" srcset=\"https:\/\/diarioavanzada.com.mx\/wp-content\/uploads\/2026\/03\/Gran-concierto-de-pasodoble-en-La-Petatera_Felipe-1024x683.jpg 1024w, https:\/\/diarioavanzada.com.mx\/wp-content\/uploads\/2026\/03\/Gran-concierto-de-pasodoble-en-La-Petatera_Felipe-300x200.jpg 300w, https:\/\/diarioavanzada.com.mx\/wp-content\/uploads\/2026\/03\/Gran-concierto-de-pasodoble-en-La-Petatera_Felipe-768x512.jpg 768w, https:\/\/diarioavanzada.com.mx\/wp-content\/uploads\/2026\/03\/Gran-concierto-de-pasodoble-en-La-Petatera_Felipe.jpg 1048w\" sizes=\"auto, (max-width: 1024px) 100vw, 1024px\" \/><\/figure>\n\n\n\n<figure class=\"wp-block-image size-large\"><img loading=\"lazy\" decoding=\"async\" width=\"1024\" height=\"683\" src=\"https:\/\/diarioavanzada.com.mx\/wp-content\/uploads\/2026\/03\/Gran-concierto-de-pasodoble-en-La-Petatera_Frausto-1024x683.jpg\" alt=\"\" class=\"wp-image-115920\" srcset=\"https:\/\/diarioavanzada.com.mx\/wp-content\/uploads\/2026\/03\/Gran-concierto-de-pasodoble-en-La-Petatera_Frausto-1024x683.jpg 1024w, https:\/\/diarioavanzada.com.mx\/wp-content\/uploads\/2026\/03\/Gran-concierto-de-pasodoble-en-La-Petatera_Frausto-300x200.jpg 300w, https:\/\/diarioavanzada.com.mx\/wp-content\/uploads\/2026\/03\/Gran-concierto-de-pasodoble-en-La-Petatera_Frausto-768x512.jpg 768w, https:\/\/diarioavanzada.com.mx\/wp-content\/uploads\/2026\/03\/Gran-concierto-de-pasodoble-en-La-Petatera_Frausto.jpg 1048w\" sizes=\"auto, (max-width: 1024px) 100vw, 1024px\" \/><\/figure>\n\n\n\n<figure class=\"wp-block-image size-large\"><img loading=\"lazy\" decoding=\"async\" width=\"1024\" height=\"683\" src=\"https:\/\/diarioavanzada.com.mx\/wp-content\/uploads\/2026\/03\/Gran-concierto-de-pasodoble-en-La-Petatera_Funcionarios-1024x683.jpg\" alt=\"\" class=\"wp-image-115921\" srcset=\"https:\/\/diarioavanzada.com.mx\/wp-content\/uploads\/2026\/03\/Gran-concierto-de-pasodoble-en-La-Petatera_Funcionarios-1024x683.jpg 1024w, https:\/\/diarioavanzada.com.mx\/wp-content\/uploads\/2026\/03\/Gran-concierto-de-pasodoble-en-La-Petatera_Funcionarios-300x200.jpg 300w, https:\/\/diarioavanzada.com.mx\/wp-content\/uploads\/2026\/03\/Gran-concierto-de-pasodoble-en-La-Petatera_Funcionarios-768x512.jpg 768w, https:\/\/diarioavanzada.com.mx\/wp-content\/uploads\/2026\/03\/Gran-concierto-de-pasodoble-en-La-Petatera_Funcionarios.jpg 1048w\" sizes=\"auto, (max-width: 1024px) 100vw, 1024px\" \/><\/figure>\n\n\n\n<figure class=\"wp-block-image size-large\"><img loading=\"lazy\" decoding=\"async\" width=\"1024\" height=\"683\" src=\"https:\/\/diarioavanzada.com.mx\/wp-content\/uploads\/2026\/03\/Gran-concierto-de-pasodoble-en-La-Petatera_h-1024x683.jpg\" alt=\"\" class=\"wp-image-115922\" srcset=\"https:\/\/diarioavanzada.com.mx\/wp-content\/uploads\/2026\/03\/Gran-concierto-de-pasodoble-en-La-Petatera_h-1024x683.jpg 1024w, https:\/\/diarioavanzada.com.mx\/wp-content\/uploads\/2026\/03\/Gran-concierto-de-pasodoble-en-La-Petatera_h-300x200.jpg 300w, https:\/\/diarioavanzada.com.mx\/wp-content\/uploads\/2026\/03\/Gran-concierto-de-pasodoble-en-La-Petatera_h-768x512.jpg 768w, https:\/\/diarioavanzada.com.mx\/wp-content\/uploads\/2026\/03\/Gran-concierto-de-pasodoble-en-La-Petatera_h.jpg 1048w\" sizes=\"auto, (max-width: 1024px) 100vw, 1024px\" \/><\/figure>\n<div class=\"fb-background-color\">\n\t\t\t  <div \n\t\t\t  \tclass = \"fb-comments\" \n\t\t\t  \tdata-href = \"https:\/\/diarioavanzada.com.mx\/?p=115907\"\n\t\t\t  \tdata-numposts = \"10\"\n\t\t\t  \tdata-lazy = \"true\"\n\t\t\t\tdata-colorscheme = \"light\"\n\t\t\t\tdata-order-by = \"social\"\n\t\t\t\tdata-mobile=true>\n\t\t\t  <\/div><\/div>\n\t\t  <style>\n\t\t    .fb-background-color {\n\t\t\t\tbackground:  !important;\n\t\t\t}\n\t\t\t.fb_iframe_widget_fluid_desktop iframe {\n\t\t\t    width: 100% !important;\n\t\t\t}\n\t\t  <\/style>\n\t\t  ","protected":false},"excerpt":{"rendered":"<p>\u201cSon obras que tienen una energ\u00eda muy particular y conectan mucho con el ambiente de las plazas y con la tradici\u00f3n de estas fiestas. Quer\u00edamos que la m\u00fasica dialogar\u00e1 con esa tradici\u00f3n y esp\u00edritu festivo\u201d: Frausto Zamora. Colima, M\u00e9xico, Comunicado (07\/03\/2026).- Ante m\u00e1s de 3 mil 700 personas, las agrupaciones universitarias: Mariachi, Coro y Orquesta [&hellip;]<\/p>\n","protected":false},"author":7,"featured_media":115914,"comment_status":"closed","ping_status":"closed","sticky":false,"template":"","format":"standard","meta":{"_coblocks_attr":"","_coblocks_dimensions":"","_coblocks_responsive_height":"","_coblocks_accordion_ie_support":"","_crdt_document":"","advanced_seo_description":"","jetpack_seo_html_title":"","jetpack_seo_noindex":false,"_jetpack_memberships_contains_paid_content":false,"footnotes":""},"categories":[19,25,209,7,29],"tags":[210],"class_list":["post-115907","post","type-post","status-publish","format-standard","has-post-thumbnail","hentry","category-colima","category-cultura","category-importantes","category-noticias","category-sociedad","tag-portada"],"jetpack_featured_media_url":"https:\/\/diarioavanzada.com.mx\/wp-content\/uploads\/2026\/03\/Gran-concierto-de-pasodoble-en-La-Petatera_c.jpg","jetpack-related-posts":[],"jetpack_sharing_enabled":true,"amp_enabled":true,"_links":{"self":[{"href":"https:\/\/diarioavanzada.com.mx\/index.php?rest_route=\/wp\/v2\/posts\/115907","targetHints":{"allow":["GET"]}}],"collection":[{"href":"https:\/\/diarioavanzada.com.mx\/index.php?rest_route=\/wp\/v2\/posts"}],"about":[{"href":"https:\/\/diarioavanzada.com.mx\/index.php?rest_route=\/wp\/v2\/types\/post"}],"author":[{"embeddable":true,"href":"https:\/\/diarioavanzada.com.mx\/index.php?rest_route=\/wp\/v2\/users\/7"}],"replies":[{"embeddable":true,"href":"https:\/\/diarioavanzada.com.mx\/index.php?rest_route=%2Fwp%2Fv2%2Fcomments&post=115907"}],"version-history":[{"count":6,"href":"https:\/\/diarioavanzada.com.mx\/index.php?rest_route=\/wp\/v2\/posts\/115907\/revisions"}],"predecessor-version":[{"id":115924,"href":"https:\/\/diarioavanzada.com.mx\/index.php?rest_route=\/wp\/v2\/posts\/115907\/revisions\/115924"}],"wp:featuredmedia":[{"embeddable":true,"href":"https:\/\/diarioavanzada.com.mx\/index.php?rest_route=\/wp\/v2\/media\/115914"}],"wp:attachment":[{"href":"https:\/\/diarioavanzada.com.mx\/index.php?rest_route=%2Fwp%2Fv2%2Fmedia&parent=115907"}],"wp:term":[{"taxonomy":"category","embeddable":true,"href":"https:\/\/diarioavanzada.com.mx\/index.php?rest_route=%2Fwp%2Fv2%2Fcategories&post=115907"},{"taxonomy":"post_tag","embeddable":true,"href":"https:\/\/diarioavanzada.com.mx\/index.php?rest_route=%2Fwp%2Fv2%2Ftags&post=115907"}],"curies":[{"name":"wp","href":"https:\/\/api.w.org\/{rel}","templated":true}]}}