{"id":115881,"date":"2026-03-07T15:43:41","date_gmt":"2026-03-07T21:43:41","guid":{"rendered":"https:\/\/diarioavanzada.com.mx\/?p=115881"},"modified":"2026-03-07T15:43:41","modified_gmt":"2026-03-07T21:43:41","slug":"secretario-de-defensa-de-e-u-advierte-ofensiva-contra-carteles","status":"publish","type":"post","link":"https:\/\/diarioavanzada.com.mx\/?p=115881","title":{"rendered":"Secretario de Defensa de E.U. advierte ofensiva contra c\u00e1rteles"},"content":{"rendered":"\n<p class=\"p1 wp-block-paragraph\">Avanzada (07\/03\/2026).- El secretario de Defensa de E.U., Pete Hegseth, afirm\u00f3 que el gobierno estadounidense intensificar\u00e1 las acciones contra los c\u00e1rteles del narcotr\u00e1fico en el hemisferio y advirti\u00f3 que estas organizaciones criminales deber\u00e1n temer porque ser\u00e1n objeto de una ofensiva coordinada por varios pa\u00edses.<\/p>\n\n\n\n<p class=\"p1 wp-block-paragraph\">Durante su intervenci\u00f3n en la cumbre \u201cEscudo de las Am\u00e9ricas\u201d, el funcionario se\u00f1al\u00f3 que la estrategia impulsada por el presidente Donald Trump busca enfrentar de manera directa la violencia y el tr\u00e1fico de drogas que, dijo, han sido tolerados durante demasiado tiempo en el continente.<\/p>\n\n\n\n<p class=\"p1 wp-block-paragraph\">Hegseth explic\u00f3 que recientemente se cre\u00f3 la Coalici\u00f3n de las Am\u00e9ricas contra los C\u00e1rteles, una alianza integrada por 18 pa\u00edses que, seg\u00fan indic\u00f3, no se limitar\u00e1 a reuniones diplom\u00e1ticas o documentos de an\u00e1lisis, sino que tendr\u00e1 un enfoque operativo.<\/p>\n\n\n\n<figure class=\"wp-block-video\"><div class=\"wp-block-embed__wrapper\">\n<iframe title=\"VideoPress Video Player\" aria-label='VideoPress Video Player' width='740' height='421' src='https:\/\/videopress.com\/embed\/27Bf6Nlu?cover=1&amp;preloadContent=metadata&amp;useAverageColor=1&amp;hd=0' frameborder='0' allowfullscreen data-resize-to-parent=\"true\" allow='clipboard-write'><\/iframe><script src='https:\/\/v0.wordpress.com\/js\/next\/videopress-iframe.js?m=1770107250'><\/script>\n<\/div><\/figure>\n\n\n\n<p class=\"p1 wp-block-paragraph\">\u201cNo es una organizaci\u00f3n que vaya a realizar conferencias o publicar documentos. Es una coalici\u00f3n de acci\u00f3n de pa\u00edses con ideas afines que aportar\u00e1n sus capacidades con liderazgo estadounidense para atacar el desaf\u00edo de los c\u00e1rteles\u201d, declar\u00f3.<\/p>\n\n\n\n<p class=\"p1 wp-block-paragraph\">El secretario de Defensa sostuvo que la nueva estrategia responde a la postura de la actual administraci\u00f3n estadounidense de no aceptar como \u201cnormal\u201d la presencia de organizaciones criminales que inundan comunidades con drogas y violencia.<\/p>\n\n\n\n<p class=\"p1 wp-block-paragraph\">\u201cNo tenemos que vivir con comunidades inundadas de drogas, violencia o c\u00e1rteles y pandillas. Podemos sellar nuestra frontera y debemos hacerlo por nuestros ciudadanos\u201d, afirm\u00f3.<\/p>\n\n\n\n<p class=\"p1 wp-block-paragraph\">Asimismo, subray\u00f3 que la cooperaci\u00f3n regional incluir\u00e1 el intercambio de inteligencia, recursos y capacidades militares para enfrentar a los grupos delictivos tanto en tierra como en el mar.<\/p>\n\n\n\n<p class=\"p1 wp-block-paragraph\">\u201cIremos a la ofensiva contra los c\u00e1rteles. Sabr\u00e1n que estamos a la vuelta de la esquina, ya sea en embarcaciones con droga o en tierra\u201d, advirti\u00f3.<\/p>\n\n\n\n<p class=\"p1 wp-block-paragraph\">Hegseth asegur\u00f3 que la coalici\u00f3n ser\u00e1 \u201cuna fuerza para el bien y para la paz mediante la fuerza en este hemisferio\u201d, en l\u00ednea con lo que describi\u00f3 como una nueva orientaci\u00f3n estrat\u00e9gica del gobierno estadounidense en el continente.<\/p>\n<div class=\"fb-background-color\">\n\t\t\t  <div \n\t\t\t  \tclass = \"fb-comments\" \n\t\t\t  \tdata-href = \"https:\/\/diarioavanzada.com.mx\/?p=115881\"\n\t\t\t  \tdata-numposts = \"10\"\n\t\t\t  \tdata-lazy = \"true\"\n\t\t\t\tdata-colorscheme = \"light\"\n\t\t\t\tdata-order-by = \"social\"\n\t\t\t\tdata-mobile=true>\n\t\t\t  <\/div><\/div>\n\t\t  <style>\n\t\t    .fb-background-color {\n\t\t\t\tbackground:  !important;\n\t\t\t}\n\t\t\t.fb_iframe_widget_fluid_desktop iframe {\n\t\t\t    width: 100% !important;\n\t\t\t}\n\t\t  <\/style>\n\t\t  ","protected":false},"excerpt":{"rendered":"<p>Avanzada (07\/03\/2026).- El secretario de Defensa de E.U., Pete Hegseth, afirm\u00f3 que el gobierno estadounidense intensificar\u00e1 las acciones contra los c\u00e1rteles del narcotr\u00e1fico en el hemisferio y advirti\u00f3 que estas organizaciones criminales deber\u00e1n temer porque ser\u00e1n objeto de una ofensiva coordinada por varios pa\u00edses. Durante su intervenci\u00f3n en la cumbre \u201cEscudo de las Am\u00e9ricas\u201d, el [&hellip;]<\/p>\n","protected":false},"author":7,"featured_media":115884,"comment_status":"closed","ping_status":"closed","sticky":false,"template":"","format":"standard","meta":{"_coblocks_attr":"","_coblocks_dimensions":"","_coblocks_responsive_height":"","_coblocks_accordion_ie_support":"","_crdt_document":"","advanced_seo_description":"","jetpack_seo_html_title":"","jetpack_seo_noindex":false,"_jetpack_memberships_contains_paid_content":false,"footnotes":""},"categories":[1,209,23,7,231,29],"tags":[210],"class_list":["post-115881","post","type-post","status-publish","format-standard","has-post-thumbnail","hentry","category-general","category-importantes","category-mundo","category-noticias","category-seguridad","category-sociedad","tag-portada"],"jetpack_featured_media_url":"https:\/\/diarioavanzada.com.mx\/wp-content\/uploads\/2026\/03\/img_1710.jpg","jetpack-related-posts":[],"jetpack_sharing_enabled":true,"amp_enabled":true,"_links":{"self":[{"href":"https:\/\/diarioavanzada.com.mx\/index.php?rest_route=\/wp\/v2\/posts\/115881","targetHints":{"allow":["GET"]}}],"collection":[{"href":"https:\/\/diarioavanzada.com.mx\/index.php?rest_route=\/wp\/v2\/posts"}],"about":[{"href":"https:\/\/diarioavanzada.com.mx\/index.php?rest_route=\/wp\/v2\/types\/post"}],"author":[{"embeddable":true,"href":"https:\/\/diarioavanzada.com.mx\/index.php?rest_route=\/wp\/v2\/users\/7"}],"replies":[{"embeddable":true,"href":"https:\/\/diarioavanzada.com.mx\/index.php?rest_route=%2Fwp%2Fv2%2Fcomments&post=115881"}],"version-history":[{"count":1,"href":"https:\/\/diarioavanzada.com.mx\/index.php?rest_route=\/wp\/v2\/posts\/115881\/revisions"}],"predecessor-version":[{"id":115885,"href":"https:\/\/diarioavanzada.com.mx\/index.php?rest_route=\/wp\/v2\/posts\/115881\/revisions\/115885"}],"wp:featuredmedia":[{"embeddable":true,"href":"https:\/\/diarioavanzada.com.mx\/index.php?rest_route=\/wp\/v2\/media\/115884"}],"wp:attachment":[{"href":"https:\/\/diarioavanzada.com.mx\/index.php?rest_route=%2Fwp%2Fv2%2Fmedia&parent=115881"}],"wp:term":[{"taxonomy":"category","embeddable":true,"href":"https:\/\/diarioavanzada.com.mx\/index.php?rest_route=%2Fwp%2Fv2%2Fcategories&post=115881"},{"taxonomy":"post_tag","embeddable":true,"href":"https:\/\/diarioavanzada.com.mx\/index.php?rest_route=%2Fwp%2Fv2%2Ftags&post=115881"}],"curies":[{"name":"wp","href":"https:\/\/api.w.org\/{rel}","templated":true}]}}