{"id":115856,"date":"2026-03-07T09:19:53","date_gmt":"2026-03-07T15:19:53","guid":{"rendered":"https:\/\/diarioavanzada.com.mx\/?p=115856"},"modified":"2026-03-07T09:19:53","modified_gmt":"2026-03-07T15:19:53","slug":"mejor-el-humorismo-politico-beatriz-paredes-sobre-el-nivel-del-debate-en-el-senado","status":"publish","type":"post","link":"https:\/\/diarioavanzada.com.mx\/?p=115856","title":{"rendered":"\u201cMejor el humorismo pol\u00edtico\u201d: Beatriz Paredes sobre el nivel del debate en el Senado"},"content":{"rendered":"\n<p class=\"wp-block-paragraph\"><em>La exsenadora del Partido Revolucionario Institucional, Beatriz Paredes Rangel, afirm\u00f3 que decidi\u00f3 no regresar al Senado de la Rep\u00fablica porque anticip\u00f3 un debate pol\u00edtico de \u201cmuy baja calidad\u201d.<\/em><\/p>\n\n\n\n<p class=\"p1 wp-block-paragraph\">Ciudad de M\u00e9xico, Avanzada (07\/03\/2026).- La exsenadora del Partido Revolucionario Institucional, Beatriz Paredes Rangel, revel\u00f3 que hace dos a\u00f1os decidi\u00f3 no regresar al Senado de la Rep\u00fablica porque anticip\u00f3 que el nivel del debate pol\u00edtico ser\u00eda de \u201cmuy baja calidad\u201d, por lo que prefiri\u00f3 hacer una pausa en su trayectoria legislativa.<\/p>\n\n\n\n<p class=\"p1 wp-block-paragraph\">Durante una visita al Palacio Legislativo de San L\u00e1zaro, sede de la C\u00e1mara de Diputados, la tambi\u00e9n exgobernadora de Tlaxcala explic\u00f3 en entrevista con medios nacionales que su decisi\u00f3n fue voluntaria y que hoy se siente satisfecha de haberla tomado.<\/p>\n\n\n\n<p class=\"p1 wp-block-paragraph\">\u201cYo decid\u00ed de manera voluntaria hacer un alto en el camino porque me tem\u00eda un Senado con un debate de muy baja calidad. Y a m\u00ed no me gusta el debate de baja calidad. Para ser part\u00edcipe en una estrategia de debate de baja calidad, mejor me meto al negocio del humorismo pol\u00edtico\u201d, expres\u00f3.<\/p>\n\n\n\n<p class=\"p1 wp-block-paragraph\">Paredes Rangel, quien fue senadora de 2018 a 2024 y ha ocupado en cuatro ocasiones una curul como diputada federal, acudi\u00f3 al recinto legislativo para participar en un conversatorio de expresidentas de la C\u00e1mara de Diputados.<\/p>\n\n\n\n<p class=\"p1 wp-block-paragraph\">En ese contexto, la excandidata presidencial evit\u00f3 pronunciarse sobre la iniciativa de reforma electoral enviada por la presidenta de M\u00e9xico, Claudia Sheinbaum.<\/p>\n\n\n\n<p class=\"p1 wp-block-paragraph\">La pol\u00edtica priista explic\u00f3 que a\u00fan no ha revisado el contenido de la propuesta para modificar el sistema pol\u00edtico-electoral del pa\u00eds, por lo que consider\u00f3 que emitir una postura sin conocerla ser\u00eda irresponsable.<\/p>\n\n\n\n<p class=\"p1 wp-block-paragraph\">\u201cTodav\u00eda no he analizado la iniciativa, y dar una opini\u00f3n sin haberla revisado ser\u00eda irresponsable\u201d, se\u00f1al\u00f3.<\/p>\n\n\n\n<p class=\"p1 wp-block-paragraph\">La exlegisladora reiter\u00f3 que su decisi\u00f3n de no regresar al Senado respondi\u00f3 principalmente a su preocupaci\u00f3n por el nivel del debate pol\u00edtico, el cual, dijo, podr\u00eda llegar a parecerse m\u00e1s al espect\u00e1culo que a la deliberaci\u00f3n parlamentaria.<\/p>\n\n\n\n<figure class=\"wp-block-video\"><div class=\"wp-block-embed__wrapper\">\n<iframe title=\"VideoPress Video Player\" aria-label='VideoPress Video Player' width='740' height='883' src='https:\/\/videopress.com\/embed\/g6h33b6h?cover=1&amp;preloadContent=metadata&amp;useAverageColor=1&amp;hd=0' frameborder='0' allowfullscreen data-resize-to-parent=\"true\" allow='clipboard-write'><\/iframe><script src='https:\/\/v0.wordpress.com\/js\/next\/videopress-iframe.js?m=1770107250'><\/script>\n<\/div><\/figure>\n<div class=\"fb-background-color\">\n\t\t\t  <div \n\t\t\t  \tclass = \"fb-comments\" \n\t\t\t  \tdata-href = \"https:\/\/diarioavanzada.com.mx\/?p=115856\"\n\t\t\t  \tdata-numposts = \"10\"\n\t\t\t  \tdata-lazy = \"true\"\n\t\t\t\tdata-colorscheme = \"light\"\n\t\t\t\tdata-order-by = \"social\"\n\t\t\t\tdata-mobile=true>\n\t\t\t  <\/div><\/div>\n\t\t  <style>\n\t\t    .fb-background-color {\n\t\t\t\tbackground:  !important;\n\t\t\t}\n\t\t\t.fb_iframe_widget_fluid_desktop iframe {\n\t\t\t    width: 100% !important;\n\t\t\t}\n\t\t  <\/style>\n\t\t  ","protected":false},"excerpt":{"rendered":"<p>La exsenadora del Partido Revolucionario Institucional, Beatriz Paredes Rangel, afirm\u00f3 que decidi\u00f3 no regresar al Senado de la Rep\u00fablica porque anticip\u00f3 un debate pol\u00edtico de \u201cmuy baja calidad\u201d. Ciudad de M\u00e9xico, Avanzada (07\/03\/2026).- La exsenadora del Partido Revolucionario Institucional, Beatriz Paredes Rangel, revel\u00f3 que hace dos a\u00f1os decidi\u00f3 no regresar al Senado de la Rep\u00fablica [&hellip;]<\/p>\n","protected":false},"author":7,"featured_media":115854,"comment_status":"closed","ping_status":"closed","sticky":false,"template":"","format":"standard","meta":{"_coblocks_attr":"","_coblocks_dimensions":"","_coblocks_responsive_height":"","_coblocks_accordion_ie_support":"","_crdt_document":"","advanced_seo_description":"","jetpack_seo_html_title":"","jetpack_seo_noindex":false,"_jetpack_memberships_contains_paid_content":false,"footnotes":""},"categories":[1,209,22,7,29],"tags":[210],"class_list":["post-115856","post","type-post","status-publish","format-standard","has-post-thumbnail","hentry","category-general","category-importantes","category-nacion","category-noticias","category-sociedad","tag-portada"],"jetpack_featured_media_url":"https:\/\/diarioavanzada.com.mx\/wp-content\/uploads\/2026\/03\/img_8904.jpg","jetpack-related-posts":[],"jetpack_sharing_enabled":true,"amp_enabled":true,"_links":{"self":[{"href":"https:\/\/diarioavanzada.com.mx\/index.php?rest_route=\/wp\/v2\/posts\/115856","targetHints":{"allow":["GET"]}}],"collection":[{"href":"https:\/\/diarioavanzada.com.mx\/index.php?rest_route=\/wp\/v2\/posts"}],"about":[{"href":"https:\/\/diarioavanzada.com.mx\/index.php?rest_route=\/wp\/v2\/types\/post"}],"author":[{"embeddable":true,"href":"https:\/\/diarioavanzada.com.mx\/index.php?rest_route=\/wp\/v2\/users\/7"}],"replies":[{"embeddable":true,"href":"https:\/\/diarioavanzada.com.mx\/index.php?rest_route=%2Fwp%2Fv2%2Fcomments&post=115856"}],"version-history":[{"count":1,"href":"https:\/\/diarioavanzada.com.mx\/index.php?rest_route=\/wp\/v2\/posts\/115856\/revisions"}],"predecessor-version":[{"id":115857,"href":"https:\/\/diarioavanzada.com.mx\/index.php?rest_route=\/wp\/v2\/posts\/115856\/revisions\/115857"}],"wp:featuredmedia":[{"embeddable":true,"href":"https:\/\/diarioavanzada.com.mx\/index.php?rest_route=\/wp\/v2\/media\/115854"}],"wp:attachment":[{"href":"https:\/\/diarioavanzada.com.mx\/index.php?rest_route=%2Fwp%2Fv2%2Fmedia&parent=115856"}],"wp:term":[{"taxonomy":"category","embeddable":true,"href":"https:\/\/diarioavanzada.com.mx\/index.php?rest_route=%2Fwp%2Fv2%2Fcategories&post=115856"},{"taxonomy":"post_tag","embeddable":true,"href":"https:\/\/diarioavanzada.com.mx\/index.php?rest_route=%2Fwp%2Fv2%2Ftags&post=115856"}],"curies":[{"name":"wp","href":"https:\/\/api.w.org\/{rel}","templated":true}]}}