{"id":115836,"date":"2026-03-06T20:17:05","date_gmt":"2026-03-07T02:17:05","guid":{"rendered":"https:\/\/diarioavanzada.com.mx\/?p=115836"},"modified":"2026-03-06T20:17:05","modified_gmt":"2026-03-07T02:17:05","slug":"encabeza-tey-jornada-de-colectakilometro-del-peso-en-vdea","status":"publish","type":"post","link":"https:\/\/diarioavanzada.com.mx\/?p=115836","title":{"rendered":"Encabeza Tey jornada de colectaKil\u00f3metro del Peso en VdeA"},"content":{"rendered":"\n<p class=\"wp-block-paragraph\"><em>Recaudan recursos para el Instituto Down de Colima<\/em><\/p>\n\n\n\n<p class=\"wp-block-paragraph\">Villa de \u00c1lvarez, Colima, Comunicado (06\/03\/2026).- El Ayuntamiento de Villa de \u00c1lvarez y el DIF Municipal, en coordinaci\u00f3n con el Instituto Down de Colima, realizaron la jornada de recaudaci\u00f3n de recursos Kil\u00f3metro del Peso, con la finalidad de obtener fondos para la educaci\u00f3n de ni\u00f1os, ni\u00f1as y adultos con s\u00edndrome de down.<\/p>\n\n\n\n<p class=\"wp-block-paragraph\">Funcionarias, funcionarios, trabajadoras y trabajadores municipales participaron en la jornada, en la que la Alcaldesa Tey Guti\u00e9rrez Andrade destac\u00f3 la generosidad de quienes participaron en la colecta y del propio Instituto, que atiende a muchas, ni\u00f1as, ni\u00f1os, j\u00f3venes y personas adultas, permitiendo con ello que sigan recibiendo educaci\u00f3n y as\u00ed obtengan capacitaci\u00f3n que les permita incorporarse a la vida laboral.<\/p>\n\n\n\n<p class=\"wp-block-paragraph\">En el evento realizado en el Sal\u00f3n Verde de la Presidencia Municipal, la Presidenta Tey Guti\u00e9rrez dijo sentir mucha felicidad y satisfacci\u00f3n por colaborar por quinto a\u00f1o consecutivo desde la Presidencia Municipal de Villa de \u00c1lvarez con el Instituto Down de Colima a trav\u00e9s de la colecta Kil\u00f3metro del Peso.<\/p>\n\n\n\n<p class=\"wp-block-paragraph\">\u201cEsta actividad tan importante que es el Kil\u00f3metro del Peso ayuda a fortalecer todas las actividades que hace el Instituto Down de Colima, a quien agradecemos infinitamente la distinci\u00f3n y la confianza que le tienen a la administraci\u00f3n municipal para hacer equipo\u201d, expres\u00f3 Guti\u00e9rrez Andrade.<\/p>\n\n\n\n<p class=\"wp-block-paragraph\">Por su parte, Er\u00e9ndira del Roc\u00edo Villase\u00f1or, Secretaria del Patronato del Instituto Down, agradeci\u00f3 a la Presidenta Municipal Tey Guti\u00e9rrez el apoyo y solidaridad que por cinco a\u00f1os ha otorgado en las distintas actividades que realiza el Instituto, pues su cooperaci\u00f3n y la de los trabajadores municipales es un gran apoyo, ya que son muchas ni\u00f1as y muchos ni\u00f1os los que son atendidos.<\/p>\n\n\n\n<p class=\"wp-block-paragraph\">Finalmente, la Directora del DIF Municipal, Martha Yadira Mart\u00ednez, record\u00f3 que el Gobierno que encabeza Tey Guti\u00e9rrez ha trabajado con el Instituto Down en otras actividades de recaudaci\u00f3n: la celebrada durante los Festejos Charrotaurinos y la Cena con Causa en la que el torero el Zapata don\u00f3 una muleta y un capote.<\/p>\n\n\n\n<p class=\"wp-block-paragraph\"><\/p>\n\n\n\n<figure class=\"wp-block-image\"><img loading=\"lazy\" decoding=\"async\" width=\"1024\" height=\"728\" src=\"https:\/\/diarioavanzada.com.mx\/wp-content\/uploads\/2026\/03\/b57fc891-be10-48c1-98d8-bca21daeb2a3-33172-0000030ab1dd5aa1_file-1024x728.jpg\" alt=\"\" class=\"wp-image-115833\" srcset=\"https:\/\/diarioavanzada.com.mx\/wp-content\/uploads\/2026\/03\/b57fc891-be10-48c1-98d8-bca21daeb2a3-33172-0000030ab1dd5aa1_file-1024x728.jpg 1024w, https:\/\/diarioavanzada.com.mx\/wp-content\/uploads\/2026\/03\/b57fc891-be10-48c1-98d8-bca21daeb2a3-33172-0000030ab1dd5aa1_file-300x213.jpg 300w, https:\/\/diarioavanzada.com.mx\/wp-content\/uploads\/2026\/03\/b57fc891-be10-48c1-98d8-bca21daeb2a3-33172-0000030ab1dd5aa1_file-768x546.jpg 768w, https:\/\/diarioavanzada.com.mx\/wp-content\/uploads\/2026\/03\/b57fc891-be10-48c1-98d8-bca21daeb2a3-33172-0000030ab1dd5aa1_file.jpg 1378w\" sizes=\"auto, (max-width: 1024px) 100vw, 1024px\" \/><\/figure>\n\n\n\n<figure class=\"wp-block-image\"><img loading=\"lazy\" decoding=\"async\" width=\"1024\" height=\"628\" src=\"https:\/\/diarioavanzada.com.mx\/wp-content\/uploads\/2026\/03\/9fdfdbc3-fe8d-4398-b0f0-eaaef0395724-33172-0000030ab1ef53b9_file-1024x628.jpg\" alt=\"\" class=\"wp-image-115834\" srcset=\"https:\/\/diarioavanzada.com.mx\/wp-content\/uploads\/2026\/03\/9fdfdbc3-fe8d-4398-b0f0-eaaef0395724-33172-0000030ab1ef53b9_file-1024x628.jpg 1024w, https:\/\/diarioavanzada.com.mx\/wp-content\/uploads\/2026\/03\/9fdfdbc3-fe8d-4398-b0f0-eaaef0395724-33172-0000030ab1ef53b9_file-300x184.jpg 300w, https:\/\/diarioavanzada.com.mx\/wp-content\/uploads\/2026\/03\/9fdfdbc3-fe8d-4398-b0f0-eaaef0395724-33172-0000030ab1ef53b9_file-768x471.jpg 768w, https:\/\/diarioavanzada.com.mx\/wp-content\/uploads\/2026\/03\/9fdfdbc3-fe8d-4398-b0f0-eaaef0395724-33172-0000030ab1ef53b9_file-1536x943.jpg 1536w, https:\/\/diarioavanzada.com.mx\/wp-content\/uploads\/2026\/03\/9fdfdbc3-fe8d-4398-b0f0-eaaef0395724-33172-0000030ab1ef53b9_file.jpg 1600w\" sizes=\"auto, (max-width: 1024px) 100vw, 1024px\" \/><\/figure>\n\n\n\n<figure class=\"wp-block-image\"><img loading=\"lazy\" decoding=\"async\" width=\"1024\" height=\"684\" src=\"https:\/\/diarioavanzada.com.mx\/wp-content\/uploads\/2026\/03\/a9c86795-c7fa-41f5-bc14-e0bbb55bd8ec-33172-0000030ab21749e6_file-1024x684.jpg\" alt=\"\" class=\"wp-image-115832\" srcset=\"https:\/\/diarioavanzada.com.mx\/wp-content\/uploads\/2026\/03\/a9c86795-c7fa-41f5-bc14-e0bbb55bd8ec-33172-0000030ab21749e6_file-1024x684.jpg 1024w, https:\/\/diarioavanzada.com.mx\/wp-content\/uploads\/2026\/03\/a9c86795-c7fa-41f5-bc14-e0bbb55bd8ec-33172-0000030ab21749e6_file-300x200.jpg 300w, https:\/\/diarioavanzada.com.mx\/wp-content\/uploads\/2026\/03\/a9c86795-c7fa-41f5-bc14-e0bbb55bd8ec-33172-0000030ab21749e6_file-768x513.jpg 768w, https:\/\/diarioavanzada.com.mx\/wp-content\/uploads\/2026\/03\/a9c86795-c7fa-41f5-bc14-e0bbb55bd8ec-33172-0000030ab21749e6_file-1536x1026.jpg 1536w, https:\/\/diarioavanzada.com.mx\/wp-content\/uploads\/2026\/03\/a9c86795-c7fa-41f5-bc14-e0bbb55bd8ec-33172-0000030ab21749e6_file.jpg 1600w\" sizes=\"auto, (max-width: 1024px) 100vw, 1024px\" \/><\/figure>\n<div class=\"fb-background-color\">\n\t\t\t  <div \n\t\t\t  \tclass = \"fb-comments\" \n\t\t\t  \tdata-href = \"https:\/\/diarioavanzada.com.mx\/?p=115836\"\n\t\t\t  \tdata-numposts = \"10\"\n\t\t\t  \tdata-lazy = \"true\"\n\t\t\t\tdata-colorscheme = \"light\"\n\t\t\t\tdata-order-by = \"social\"\n\t\t\t\tdata-mobile=true>\n\t\t\t  <\/div><\/div>\n\t\t  <style>\n\t\t    .fb-background-color {\n\t\t\t\tbackground:  !important;\n\t\t\t}\n\t\t\t.fb_iframe_widget_fluid_desktop iframe {\n\t\t\t    width: 100% !important;\n\t\t\t}\n\t\t  <\/style>\n\t\t  ","protected":false},"excerpt":{"rendered":"<p>Recaudan recursos para el Instituto Down de Colima Villa de \u00c1lvarez, Colima, Comunicado (06\/03\/2026).- El Ayuntamiento de Villa de \u00c1lvarez y el DIF Municipal, en coordinaci\u00f3n con el Instituto Down de Colima, realizaron la jornada de recaudaci\u00f3n de recursos Kil\u00f3metro del Peso, con la finalidad de obtener fondos para la educaci\u00f3n de ni\u00f1os, ni\u00f1as y [&hellip;]<\/p>\n","protected":false},"author":7,"featured_media":115831,"comment_status":"closed","ping_status":"closed","sticky":false,"template":"","format":"standard","meta":{"_coblocks_attr":"","_coblocks_dimensions":"","_coblocks_responsive_height":"","_coblocks_accordion_ie_support":"","_crdt_document":"","advanced_seo_description":"","jetpack_seo_html_title":"","jetpack_seo_noindex":false,"_jetpack_memberships_contains_paid_content":false,"footnotes":""},"categories":[19,1,209,21,7,29],"tags":[],"class_list":["post-115836","post","type-post","status-publish","format-standard","has-post-thumbnail","hentry","category-colima","category-general","category-importantes","category-municipios","category-noticias","category-sociedad"],"jetpack_featured_media_url":"https:\/\/diarioavanzada.com.mx\/wp-content\/uploads\/2026\/03\/08cd82a0-d66a-4e2e-8bbb-34dd6fbb89e8-33172-0000030ab2026854_file.jpg","jetpack-related-posts":[],"jetpack_sharing_enabled":true,"amp_enabled":true,"_links":{"self":[{"href":"https:\/\/diarioavanzada.com.mx\/index.php?rest_route=\/wp\/v2\/posts\/115836","targetHints":{"allow":["GET"]}}],"collection":[{"href":"https:\/\/diarioavanzada.com.mx\/index.php?rest_route=\/wp\/v2\/posts"}],"about":[{"href":"https:\/\/diarioavanzada.com.mx\/index.php?rest_route=\/wp\/v2\/types\/post"}],"author":[{"embeddable":true,"href":"https:\/\/diarioavanzada.com.mx\/index.php?rest_route=\/wp\/v2\/users\/7"}],"replies":[{"embeddable":true,"href":"https:\/\/diarioavanzada.com.mx\/index.php?rest_route=%2Fwp%2Fv2%2Fcomments&post=115836"}],"version-history":[{"count":0,"href":"https:\/\/diarioavanzada.com.mx\/index.php?rest_route=\/wp\/v2\/posts\/115836\/revisions"}],"wp:featuredmedia":[{"embeddable":true,"href":"https:\/\/diarioavanzada.com.mx\/index.php?rest_route=\/wp\/v2\/media\/115831"}],"wp:attachment":[{"href":"https:\/\/diarioavanzada.com.mx\/index.php?rest_route=%2Fwp%2Fv2%2Fmedia&parent=115836"}],"wp:term":[{"taxonomy":"category","embeddable":true,"href":"https:\/\/diarioavanzada.com.mx\/index.php?rest_route=%2Fwp%2Fv2%2Fcategories&post=115836"},{"taxonomy":"post_tag","embeddable":true,"href":"https:\/\/diarioavanzada.com.mx\/index.php?rest_route=%2Fwp%2Fv2%2Ftags&post=115836"}],"curies":[{"name":"wp","href":"https:\/\/api.w.org\/{rel}","templated":true}]}}