{"id":115719,"date":"2026-03-05T22:22:16","date_gmt":"2026-03-06T04:22:16","guid":{"rendered":"https:\/\/diarioavanzada.com.mx\/?p=115719"},"modified":"2026-03-05T22:25:00","modified_gmt":"2026-03-06T04:25:00","slug":"tren-embiste-camioneta-en-coquimatlan","status":"publish","type":"post","link":"https:\/\/diarioavanzada.com.mx\/?p=115719","title":{"rendered":"Tren embiste camioneta en Coquimatl\u00e1n"},"content":{"rendered":"\n<p class=\"wp-block-paragraph\">Colima, M\u00e9xico, Avanzada (05\/03\/2026).- Un tren embisti\u00f3 y arrastr\u00f3 una camioneta Nissan pick-up blanca que se encontraba atascada en las v\u00edas en la salida hacia el balneario Los Amiales, en el municipio de Coquimatl\u00e1n, Colima.<\/p>\n\n\n\n<p class=\"wp-block-paragraph\">Seg\u00fan informes preliminares, el conductor de la camioneta intent\u00f3 cruzar las v\u00edas sin lograr retirar el veh\u00edculo a tiempo, lo que provoc\u00f3 el impacto con el tren. El veh\u00edculo fue desplazado varios metros y sufri\u00f3 da\u00f1os materiales significativos.<\/p>\n\n\n\n<p class=\"wp-block-paragraph\">Autoridades de Protecci\u00f3n Civil y Seguridad P\u00fablica acudieron al lugar del incidente y encontraron el veh\u00edculo abandonado. Elementos de vialidad realizaron el peritaje correspondiente para determinar las causas del accidente.<\/p>\n\n\n\n<p class=\"wp-block-paragraph\">Afortunadamente, no se reportaron lesiones personales en este incidente. La zona fue asegurada mientras se llevaban a cabo las labores de rescate y limpieza.<\/p>\n\n\n\n<figure class=\"wp-block-video\"><div class=\"wp-block-embed__wrapper\">\n<iframe title=\"VideoPress Video Player\" aria-label='VideoPress Video Player' width='740' height='987' src='https:\/\/videopress.com\/embed\/ZESufQeF?cover=1&amp;preloadContent=metadata&amp;useAverageColor=1&amp;hd=0' frameborder='0' allowfullscreen data-resize-to-parent=\"true\" allow='clipboard-write'><\/iframe><script src='https:\/\/v0.wordpress.com\/js\/next\/videopress-iframe.js?m=1770107250'><\/script>\n<\/div><\/figure>\n<div class=\"fb-background-color\">\n\t\t\t  <div \n\t\t\t  \tclass = \"fb-comments\" \n\t\t\t  \tdata-href = \"https:\/\/diarioavanzada.com.mx\/?p=115719\"\n\t\t\t  \tdata-numposts = \"10\"\n\t\t\t  \tdata-lazy = \"true\"\n\t\t\t\tdata-colorscheme = \"light\"\n\t\t\t\tdata-order-by = \"social\"\n\t\t\t\tdata-mobile=true>\n\t\t\t  <\/div><\/div>\n\t\t  <style>\n\t\t    .fb-background-color {\n\t\t\t\tbackground:  !important;\n\t\t\t}\n\t\t\t.fb_iframe_widget_fluid_desktop iframe {\n\t\t\t    width: 100% !important;\n\t\t\t}\n\t\t  <\/style>\n\t\t  ","protected":false},"excerpt":{"rendered":"<p>Colima, M\u00e9xico, Avanzada (05\/03\/2026).- Un tren embisti\u00f3 y arrastr\u00f3 una camioneta Nissan pick-up blanca que se encontraba atascada en las v\u00edas en la salida hacia el balneario Los Amiales, en el municipio de Coquimatl\u00e1n, Colima. Seg\u00fan informes preliminares, el conductor de la camioneta intent\u00f3 cruzar las v\u00edas sin lograr retirar el veh\u00edculo a tiempo, lo [&hellip;]<\/p>\n","protected":false},"author":7,"featured_media":115720,"comment_status":"closed","ping_status":"closed","sticky":false,"template":"","format":"standard","meta":{"_coblocks_attr":"","_coblocks_dimensions":"","_coblocks_responsive_height":"","_coblocks_accordion_ie_support":"","_crdt_document":"","advanced_seo_description":"","jetpack_seo_html_title":"","jetpack_seo_noindex":false,"_jetpack_memberships_contains_paid_content":false,"footnotes":""},"categories":[19,1,209,7,231,29],"tags":[210],"class_list":["post-115719","post","type-post","status-publish","format-standard","has-post-thumbnail","hentry","category-colima","category-general","category-importantes","category-noticias","category-seguridad","category-sociedad","tag-portada"],"jetpack_featured_media_url":"https:\/\/diarioavanzada.com.mx\/wp-content\/uploads\/2026\/03\/img_1106.jpg","jetpack-related-posts":[],"jetpack_sharing_enabled":true,"amp_enabled":true,"_links":{"self":[{"href":"https:\/\/diarioavanzada.com.mx\/index.php?rest_route=\/wp\/v2\/posts\/115719","targetHints":{"allow":["GET"]}}],"collection":[{"href":"https:\/\/diarioavanzada.com.mx\/index.php?rest_route=\/wp\/v2\/posts"}],"about":[{"href":"https:\/\/diarioavanzada.com.mx\/index.php?rest_route=\/wp\/v2\/types\/post"}],"author":[{"embeddable":true,"href":"https:\/\/diarioavanzada.com.mx\/index.php?rest_route=\/wp\/v2\/users\/7"}],"replies":[{"embeddable":true,"href":"https:\/\/diarioavanzada.com.mx\/index.php?rest_route=%2Fwp%2Fv2%2Fcomments&post=115719"}],"version-history":[{"count":2,"href":"https:\/\/diarioavanzada.com.mx\/index.php?rest_route=\/wp\/v2\/posts\/115719\/revisions"}],"predecessor-version":[{"id":115722,"href":"https:\/\/diarioavanzada.com.mx\/index.php?rest_route=\/wp\/v2\/posts\/115719\/revisions\/115722"}],"wp:featuredmedia":[{"embeddable":true,"href":"https:\/\/diarioavanzada.com.mx\/index.php?rest_route=\/wp\/v2\/media\/115720"}],"wp:attachment":[{"href":"https:\/\/diarioavanzada.com.mx\/index.php?rest_route=%2Fwp%2Fv2%2Fmedia&parent=115719"}],"wp:term":[{"taxonomy":"category","embeddable":true,"href":"https:\/\/diarioavanzada.com.mx\/index.php?rest_route=%2Fwp%2Fv2%2Fcategories&post=115719"},{"taxonomy":"post_tag","embeddable":true,"href":"https:\/\/diarioavanzada.com.mx\/index.php?rest_route=%2Fwp%2Fv2%2Ftags&post=115719"}],"curies":[{"name":"wp","href":"https:\/\/api.w.org\/{rel}","templated":true}]}}