{"id":115646,"date":"2026-03-05T14:52:35","date_gmt":"2026-03-05T20:52:35","guid":{"rendered":"https:\/\/diarioavanzada.com.mx\/?p=115646"},"modified":"2026-03-05T14:52:35","modified_gmt":"2026-03-05T20:52:35","slug":"se-busca-sergio-jonathan-tiene-14-anos-de-edad-desaparecio-el-4-de-marzo-en-manzanillo","status":"publish","type":"post","link":"https:\/\/diarioavanzada.com.mx\/?p=115646","title":{"rendered":"Se busca: Sergio Jonathan tiene 14 a\u00f1os de edad, desapareci\u00f3 el 4 de marzo en Manzanillo"},"content":{"rendered":"\n<p class=\"p1 wp-block-paragraph\">Colima, M\u00e9xico, Avanzada (06\/03\/2026).- La Comisi\u00f3n de B\u00fasqueda de Personas del Estado de Colima emiti\u00f3 una ficha para localizar al menor Sergio Jonathan C\u00f3rdova Moctezuma, de 14 a\u00f1os de edad, quien fue reportado como desaparecido en el municipio de Manzanillo.<\/p>\n\n\n\n<p class=\"p1 wp-block-paragraph\">De acuerdo con la informaci\u00f3n oficial, el adolescente fue visto por \u00faltima vez el 4 de marzo de 2026 en el puerto de Manzanillo, mientras que el reporte de su desaparici\u00f3n se realiz\u00f3 el 5 de marzo ante las autoridades correspondientes.<\/p>\n\n\n\n<p class=\"p1 wp-block-paragraph\">Seg\u00fan la ficha de b\u00fasqueda, Sergio Jonathan mide aproximadamente 1.55 metros, es de tez moreno claro, tiene cabello lacio color caf\u00e9, ojos rasgados de color caf\u00e9 oscuro y cara afilada. Como se\u00f1a particular, presenta una cicatriz en la barbilla.<\/p>\n\n\n\n<p class=\"p1 wp-block-paragraph\">Asimismo, se inform\u00f3 que su nariz es mediana tipo aguile\u00f1a, aunque hasta el momento no se cuenta con datos sobre la vestimenta que llevaba al momento de su desaparici\u00f3n.<\/p>\n\n\n\n<p class=\"p1 wp-block-paragraph\">Las autoridades solicitaron el apoyo de la ciudadan\u00eda para aportar cualquier informaci\u00f3n que ayude a localizar al menor. Para ello, pusieron a disposici\u00f3n el n\u00famero 312 131 3809, adem\u00e1s de los canales oficiales de la Comisi\u00f3n de B\u00fasqueda.<\/p>\n\n\n\n<p class=\"p1 wp-block-paragraph\">Finalmente, se reiter\u00f3 el llamado a la poblaci\u00f3n a comunicarse de inmediato si cuentan con datos que contribuyan a dar con su paradero, a fin de facilitar su pronta localizaci\u00f3n.<\/p>\n\n\n\n<figure class=\"wp-block-image size-large\"><img loading=\"lazy\" decoding=\"async\" width=\"940\" height=\"788\" src=\"https:\/\/diarioavanzada.com.mx\/wp-content\/uploads\/2026\/03\/img_8848.jpg\" class=\"wp-image-115644\" srcset=\"https:\/\/diarioavanzada.com.mx\/wp-content\/uploads\/2026\/03\/img_8848.jpg 940w, https:\/\/diarioavanzada.com.mx\/wp-content\/uploads\/2026\/03\/img_8848-300x251.jpg 300w, https:\/\/diarioavanzada.com.mx\/wp-content\/uploads\/2026\/03\/img_8848-768x644.jpg 768w\" sizes=\"auto, (max-width: 940px) 100vw, 940px\" \/><\/figure>\n<div class=\"fb-background-color\">\n\t\t\t  <div \n\t\t\t  \tclass = \"fb-comments\" \n\t\t\t  \tdata-href = \"https:\/\/diarioavanzada.com.mx\/?p=115646\"\n\t\t\t  \tdata-numposts = \"10\"\n\t\t\t  \tdata-lazy = \"true\"\n\t\t\t\tdata-colorscheme = \"light\"\n\t\t\t\tdata-order-by = \"social\"\n\t\t\t\tdata-mobile=true>\n\t\t\t  <\/div><\/div>\n\t\t  <style>\n\t\t    .fb-background-color {\n\t\t\t\tbackground:  !important;\n\t\t\t}\n\t\t\t.fb_iframe_widget_fluid_desktop iframe {\n\t\t\t    width: 100% !important;\n\t\t\t}\n\t\t  <\/style>\n\t\t  ","protected":false},"excerpt":{"rendered":"<p>Colima, M\u00e9xico, Avanzada (06\/03\/2026).- La Comisi\u00f3n de B\u00fasqueda de Personas del Estado de Colima emiti\u00f3 una ficha para localizar al menor Sergio Jonathan C\u00f3rdova Moctezuma, de 14 a\u00f1os de edad, quien fue reportado como desaparecido en el municipio de Manzanillo. De acuerdo con la informaci\u00f3n oficial, el adolescente fue visto por \u00faltima vez el 4 [&hellip;]<\/p>\n","protected":false},"author":7,"featured_media":115645,"comment_status":"closed","ping_status":"closed","sticky":false,"template":"","format":"standard","meta":{"_coblocks_attr":"","_coblocks_dimensions":"","_coblocks_responsive_height":"","_coblocks_accordion_ie_support":"","_crdt_document":"","advanced_seo_description":"","jetpack_seo_html_title":"","jetpack_seo_noindex":false,"_jetpack_memberships_contains_paid_content":false,"footnotes":""},"categories":[19,1,209,20,7,231,29],"tags":[210],"class_list":["post-115646","post","type-post","status-publish","format-standard","has-post-thumbnail","hentry","category-colima","category-general","category-importantes","category-manzanillo","category-noticias","category-seguridad","category-sociedad","tag-portada"],"jetpack_featured_media_url":"https:\/\/diarioavanzada.com.mx\/wp-content\/uploads\/2026\/03\/img_8852.png","jetpack-related-posts":[],"jetpack_sharing_enabled":true,"amp_enabled":true,"_links":{"self":[{"href":"https:\/\/diarioavanzada.com.mx\/index.php?rest_route=\/wp\/v2\/posts\/115646","targetHints":{"allow":["GET"]}}],"collection":[{"href":"https:\/\/diarioavanzada.com.mx\/index.php?rest_route=\/wp\/v2\/posts"}],"about":[{"href":"https:\/\/diarioavanzada.com.mx\/index.php?rest_route=\/wp\/v2\/types\/post"}],"author":[{"embeddable":true,"href":"https:\/\/diarioavanzada.com.mx\/index.php?rest_route=\/wp\/v2\/users\/7"}],"replies":[{"embeddable":true,"href":"https:\/\/diarioavanzada.com.mx\/index.php?rest_route=%2Fwp%2Fv2%2Fcomments&post=115646"}],"version-history":[{"count":0,"href":"https:\/\/diarioavanzada.com.mx\/index.php?rest_route=\/wp\/v2\/posts\/115646\/revisions"}],"wp:featuredmedia":[{"embeddable":true,"href":"https:\/\/diarioavanzada.com.mx\/index.php?rest_route=\/wp\/v2\/media\/115645"}],"wp:attachment":[{"href":"https:\/\/diarioavanzada.com.mx\/index.php?rest_route=%2Fwp%2Fv2%2Fmedia&parent=115646"}],"wp:term":[{"taxonomy":"category","embeddable":true,"href":"https:\/\/diarioavanzada.com.mx\/index.php?rest_route=%2Fwp%2Fv2%2Fcategories&post=115646"},{"taxonomy":"post_tag","embeddable":true,"href":"https:\/\/diarioavanzada.com.mx\/index.php?rest_route=%2Fwp%2Fv2%2Ftags&post=115646"}],"curies":[{"name":"wp","href":"https:\/\/api.w.org\/{rel}","templated":true}]}}