{"id":115618,"date":"2026-03-05T08:34:26","date_gmt":"2026-03-05T14:34:26","guid":{"rendered":"https:\/\/diarioavanzada.com.mx\/?p=115618"},"modified":"2026-03-05T08:38:04","modified_gmt":"2026-03-05T14:38:04","slug":"secretario-asegura-que-concluiran-los-puentes-arco-norte-y-sur-en-marzo-y-abril","status":"publish","type":"post","link":"https:\/\/diarioavanzada.com.mx\/?p=115618","title":{"rendered":"Secretario asegura que concluir\u00e1n los puentes Arco Norte y Sur en marzo y abril"},"content":{"rendered":"\n<p class=\"p1 wp-block-paragraph\">Colima, M\u00e9xico, Avanzada (05\/03\/2026).- Los pasos superiores vehicular y ferroviario Arco Norte y Arco Sur, ubicados en la zona conurbada de Colima, quedar\u00e1n concluidos entre marzo y abril de 2026, inform\u00f3 el secretario de Infraestructura, Comunicaciones y Transportes, Jes\u00fas Esteva Medina.<\/p>\n\n\n\n<p class=\"p1 wp-block-paragraph\">Durante su participaci\u00f3n en la conferencia matutina del Gobierno federal, el funcionario se\u00f1al\u00f3 que ambas obras avanzan conforme al calendario establecido y forman parte de los proyectos impulsados tras las gestiones realizadas por la gobernadora Indira Vizca\u00edno Silva ante la presidenta Claudia Sheinbaum Pardo.<\/p>\n\n\n\n<p class=\"p1 wp-block-paragraph\">Respecto al puente Arco Norte, indic\u00f3 que su conclusi\u00f3n est\u00e1 prevista para este mismo mes de marzo. \u201cComo ven, ya uno de los cuerpos est\u00e1 a nivel de losa y en el otro estamos terminando el montaje de trabes\u201d, explic\u00f3.<\/p>\n\n\n\n<p class=\"p1 wp-block-paragraph\">En el caso del Arco Sur, precis\u00f3 que se espera finalizarlo en abril. Detall\u00f3 que la estructura tambi\u00e9n consta de dos cuerpos y que, incluso, presenta un avance mayor que el registrado en el Arco Norte.<\/p>\n\n\n\n<p class=\"p1 wp-block-paragraph\">El titular de la Secretar\u00eda de Infraestructura, Comunicaciones y Transportes tambi\u00e9n se refiri\u00f3 a otros proyectos en desarrollo en el estado. Entre ellos mencion\u00f3 la reconstrucci\u00f3n de los puentes en la zona de Las Trancas, los cuales resultaron afectados por el paso de un hurac\u00e1n y actualmente se edifican como nuevas estructuras; su conclusi\u00f3n est\u00e1 programada para abril.<\/p>\n\n\n\n<p class=\"p1 wp-block-paragraph\">Asimismo, inform\u00f3 que el puente El Chical, de 736 metros lineales, se encuentra en la fase final de construcci\u00f3n y se prev\u00e9 que quede terminado durante marzo de este a\u00f1o, restando \u00fanicamente trabajos en los terraplenes de los extremos.<\/p>\n\n\n\n<p class=\"p1 wp-block-paragraph\">De igual forma, adelant\u00f3 que para 2026 se contemplan otros proyectos de infraestructura en Colima, entre ellos los puentes Las Tunas, Barrio V \u2014tipo trenza\u2014, Manzanillo y La Flechita, como parte del programa de ampliaci\u00f3n y modernizaci\u00f3n de la red carretera.<\/p>\n\n\n\n<figure class=\"wp-block-image\"><img loading=\"lazy\" decoding=\"async\" width=\"1024\" height=\"767\" src=\"https:\/\/diarioavanzada.com.mx\/wp-content\/uploads\/2026\/03\/a945bfd2-dc03-4c85-801b-e56fcf07e298-13909-0000014ab1f2885a_file-1024x767.jpg\" alt=\"\" class=\"wp-image-115614\" srcset=\"https:\/\/diarioavanzada.com.mx\/wp-content\/uploads\/2026\/03\/a945bfd2-dc03-4c85-801b-e56fcf07e298-13909-0000014ab1f2885a_file-1024x767.jpg 1024w, https:\/\/diarioavanzada.com.mx\/wp-content\/uploads\/2026\/03\/a945bfd2-dc03-4c85-801b-e56fcf07e298-13909-0000014ab1f2885a_file-300x225.jpg 300w, https:\/\/diarioavanzada.com.mx\/wp-content\/uploads\/2026\/03\/a945bfd2-dc03-4c85-801b-e56fcf07e298-13909-0000014ab1f2885a_file-768x576.jpg 768w, https:\/\/diarioavanzada.com.mx\/wp-content\/uploads\/2026\/03\/a945bfd2-dc03-4c85-801b-e56fcf07e298-13909-0000014ab1f2885a_file-1536x1151.jpg 1536w, https:\/\/diarioavanzada.com.mx\/wp-content\/uploads\/2026\/03\/a945bfd2-dc03-4c85-801b-e56fcf07e298-13909-0000014ab1f2885a_file.jpg 1600w\" sizes=\"auto, (max-width: 1024px) 100vw, 1024px\" \/><\/figure>\n\n\n\n<figure class=\"wp-block-image\"><img loading=\"lazy\" decoding=\"async\" width=\"1024\" height=\"681\" src=\"https:\/\/diarioavanzada.com.mx\/wp-content\/uploads\/2026\/03\/ea430177-c0d8-414e-a919-ab72005b1cbd-13909-0000014ab20937ca_file-1024x681.jpg\" alt=\"\" class=\"wp-image-115616\" srcset=\"https:\/\/diarioavanzada.com.mx\/wp-content\/uploads\/2026\/03\/ea430177-c0d8-414e-a919-ab72005b1cbd-13909-0000014ab20937ca_file-1024x681.jpg 1024w, https:\/\/diarioavanzada.com.mx\/wp-content\/uploads\/2026\/03\/ea430177-c0d8-414e-a919-ab72005b1cbd-13909-0000014ab20937ca_file-300x200.jpg 300w, https:\/\/diarioavanzada.com.mx\/wp-content\/uploads\/2026\/03\/ea430177-c0d8-414e-a919-ab72005b1cbd-13909-0000014ab20937ca_file-768x511.jpg 768w, https:\/\/diarioavanzada.com.mx\/wp-content\/uploads\/2026\/03\/ea430177-c0d8-414e-a919-ab72005b1cbd-13909-0000014ab20937ca_file-1536x1021.jpg 1536w, https:\/\/diarioavanzada.com.mx\/wp-content\/uploads\/2026\/03\/ea430177-c0d8-414e-a919-ab72005b1cbd-13909-0000014ab20937ca_file.jpg 1600w\" sizes=\"auto, (max-width: 1024px) 100vw, 1024px\" \/><\/figure>\n\n\n\n<p class=\"p1 wp-block-paragraph\"><\/p>\n\n\n\n<p class=\"p1 wp-block-paragraph\"><\/p>\n<div class=\"fb-background-color\">\n\t\t\t  <div \n\t\t\t  \tclass = \"fb-comments\" \n\t\t\t  \tdata-href = \"https:\/\/diarioavanzada.com.mx\/?p=115618\"\n\t\t\t  \tdata-numposts = \"10\"\n\t\t\t  \tdata-lazy = \"true\"\n\t\t\t\tdata-colorscheme = \"light\"\n\t\t\t\tdata-order-by = \"social\"\n\t\t\t\tdata-mobile=true>\n\t\t\t  <\/div><\/div>\n\t\t  <style>\n\t\t    .fb-background-color {\n\t\t\t\tbackground:  !important;\n\t\t\t}\n\t\t\t.fb_iframe_widget_fluid_desktop iframe {\n\t\t\t    width: 100% !important;\n\t\t\t}\n\t\t  <\/style>\n\t\t  ","protected":false},"excerpt":{"rendered":"<p>Colima, M\u00e9xico, Avanzada (05\/03\/2026).- Los pasos superiores vehicular y ferroviario Arco Norte y Arco Sur, ubicados en la zona conurbada de Colima, quedar\u00e1n concluidos entre marzo y abril de 2026, inform\u00f3 el secretario de Infraestructura, Comunicaciones y Transportes, Jes\u00fas Esteva Medina. Durante su participaci\u00f3n en la conferencia matutina del Gobierno federal, el funcionario se\u00f1al\u00f3 que [&hellip;]<\/p>\n","protected":false},"author":7,"featured_media":115617,"comment_status":"closed","ping_status":"closed","sticky":false,"template":"","format":"standard","meta":{"_coblocks_attr":"","_coblocks_dimensions":"","_coblocks_responsive_height":"","_coblocks_accordion_ie_support":"","_crdt_document":"","advanced_seo_description":"","jetpack_seo_html_title":"","jetpack_seo_noindex":false,"_jetpack_memberships_contains_paid_content":false,"footnotes":""},"categories":[19,1,209,7,29],"tags":[210],"class_list":["post-115618","post","type-post","status-publish","format-standard","has-post-thumbnail","hentry","category-colima","category-general","category-importantes","category-noticias","category-sociedad","tag-portada"],"jetpack_featured_media_url":"https:\/\/diarioavanzada.com.mx\/wp-content\/uploads\/2026\/03\/img_8680.jpg","jetpack-related-posts":[],"jetpack_sharing_enabled":true,"amp_enabled":true,"_links":{"self":[{"href":"https:\/\/diarioavanzada.com.mx\/index.php?rest_route=\/wp\/v2\/posts\/115618","targetHints":{"allow":["GET"]}}],"collection":[{"href":"https:\/\/diarioavanzada.com.mx\/index.php?rest_route=\/wp\/v2\/posts"}],"about":[{"href":"https:\/\/diarioavanzada.com.mx\/index.php?rest_route=\/wp\/v2\/types\/post"}],"author":[{"embeddable":true,"href":"https:\/\/diarioavanzada.com.mx\/index.php?rest_route=\/wp\/v2\/users\/7"}],"replies":[{"embeddable":true,"href":"https:\/\/diarioavanzada.com.mx\/index.php?rest_route=%2Fwp%2Fv2%2Fcomments&post=115618"}],"version-history":[{"count":1,"href":"https:\/\/diarioavanzada.com.mx\/index.php?rest_route=\/wp\/v2\/posts\/115618\/revisions"}],"predecessor-version":[{"id":115619,"href":"https:\/\/diarioavanzada.com.mx\/index.php?rest_route=\/wp\/v2\/posts\/115618\/revisions\/115619"}],"wp:featuredmedia":[{"embeddable":true,"href":"https:\/\/diarioavanzada.com.mx\/index.php?rest_route=\/wp\/v2\/media\/115617"}],"wp:attachment":[{"href":"https:\/\/diarioavanzada.com.mx\/index.php?rest_route=%2Fwp%2Fv2%2Fmedia&parent=115618"}],"wp:term":[{"taxonomy":"category","embeddable":true,"href":"https:\/\/diarioavanzada.com.mx\/index.php?rest_route=%2Fwp%2Fv2%2Fcategories&post=115618"},{"taxonomy":"post_tag","embeddable":true,"href":"https:\/\/diarioavanzada.com.mx\/index.php?rest_route=%2Fwp%2Fv2%2Ftags&post=115618"}],"curies":[{"name":"wp","href":"https:\/\/api.w.org\/{rel}","templated":true}]}}